{"id":74230,"date":"2018-03-09T23:19:15","date_gmt":"2018-03-09T23:19:15","guid":{"rendered":"https:\/\/www.deberes.net\/tesis\/sin-categoria\/aproximacion-a-un-estudio-del-refran-el-refranero-espanol-de-contenido-metalinga%c2%bca%c2%adstico\/"},"modified":"2018-03-09T23:19:15","modified_gmt":"2018-03-09T23:19:15","slug":"aproximacion-a-un-estudio-del-refran-el-refranero-espanol-de-contenido-metalinga%c2%bca%c2%adstico","status":"publish","type":"post","link":"https:\/\/www.deberes.net\/tesis\/linguistica\/aproximacion-a-un-estudio-del-refran-el-refranero-espanol-de-contenido-metalinga%c2%bca%c2%adstico\/","title":{"rendered":"Aproximaci\u00f3n a un estudio del refr\u00e1n. el refranero espa\u00f1ol de contenido metalingu\u00edstico"},"content":{"rendered":"<h2>Tesis doctoral de <strong> Elvira Manero Richard <\/strong><\/h2>\n<p>Aproximaci\u00f3n a un estudio del refr\u00e1n.  El refranero espa\u00f1ol de contenido metalinguistico resumen: esta tesis realiza un estudio de corpus de m\u00e1s de dos mil setecientos refranes de contenido metaling\u00ed\u00bc\u00edstico. Se utilizan como fuentes, para la creaci\u00f3n de dicho corpus, varios refraneros espa\u00f1oles publicados en el siglo xx.  Con los instrumentos de la ling\u00ed\u00bc\u00edstica del texto y la etnoling\u00ed\u00bc\u00edstica del discurso, este estudio presenta una caracterizaci\u00f3n de la ling\u00ed\u00bc\u00edstica de los hablantes impl\u00edcita en un sector de lo que se ha llamado metalenguaje corriente: el refranero espa\u00f1ol de contenido metaling\u00ed\u00bc\u00edstico. Se descubren, as\u00ed, qu\u00e9 aspectos del hablar son relevantes para los hispanohablantes en la comunicaci\u00f3n ling\u00ed\u00bc\u00edstica. Tras un repaso por los principales acercamientos al refr\u00e1n, se establece una definici\u00f3n cient\u00edfica de esta unidad que fundamenta la inclusi\u00f3n de expresiones en el corpus o su exclusi\u00f3n. A continuaci\u00f3n, se describe te\u00f3ricamente la trascendencia de la investigaci\u00f3n: de un lado, cabe destacar la validez que confiere al saber ling\u00ed\u00bc\u00edstico incorporado a los refranes el car\u00e1cter comunitario y no ocasional de sus valoraciones, pues lo que se dice en ellos refleja una experiencia colectiva sobre las normas impl\u00edcitas del decir. De otro lado, tales conceptualizaciones pueden influir, en tanto que han trascendido el plano de lo individual, en el comportamiento ling\u00ed\u00bc\u00edstico de los habitantes. Finalmente, el cap\u00edtulo central de la tesis describe y clasifica los juicios sobre la realidad ling\u00ed\u00bc\u00edstica transmitidos por las expresiones del corpus. La gran cantidad de refranes centrados en la valoraci\u00f3n de aspectos integrantes del acto comunicativo (emisor, receptor, relaci\u00f3n entre ambos, canal, finalidad, contexto, etc.) Permite llegar a la principal conclusi\u00f3n de la tesis: el saber ling\u00ed\u00bc\u00edstico que aplican los hablantes en la configuraci\u00f3n de su hablar es de corte pragm\u00e1tico, por dos razones principales: porque entiende esencialmente el hablar como acci\u00f3n y, adem\u00e1s, porque considera la relaci\u00f3n de las palabras dichas con la dimensi\u00f3n funcional del lenguaje<\/p>\n<p>&nbsp;<\/p>\n<h3>Datos acad\u00e9micos de la tesis doctoral \u00ab<strong>Aproximaci\u00f3n a un estudio del refr\u00e1n. el refranero espa\u00f1ol de contenido metalingu\u00edstico<\/strong>\u00ab<\/h3>\n<ul>\n<li><strong>T\u00edtulo de la tesis:<\/strong>\u00a0 Aproximaci\u00f3n a un estudio del refr\u00e1n. el refranero espa\u00f1ol de contenido metalingu\u00edstico <\/li>\n<li><strong>Autor:<\/strong>\u00a0 Elvira Manero Richard <\/li>\n<li><strong>Universidad:<\/strong>\u00a0 Navarra<\/li>\n<li><strong>Fecha de lectura de la tesis:<\/strong>\u00a0 30\/05\/2005<\/li>\n<\/ul>\n<p>&nbsp;<\/p>\n<h3>Direcci\u00f3n y tribunal<\/h3>\n<ul>\n<li><strong>Director de la tesis<\/strong>\n<ul>\n<li>Ram\u00f3n Domingo Gonz\u00e1lez Ruiz<\/li>\n<\/ul>\n<\/li>\n<li><strong>Tribunal<\/strong>\n<ul>\n<li>Presidente del tribunal: gerd Wotjak <\/li>\n<li>M\u00aa victoria Romero gualda (vocal)<\/li>\n<li>johannes Kabatek (vocal)<\/li>\n<li>Manuel Casado velarde (vocal)<\/li>\n<\/ul>\n<\/li>\n<\/ul>\n<p>&nbsp;<\/p>\n","protected":false},"excerpt":{"rendered":"<p>Tesis doctoral de Elvira Manero Richard Aproximaci\u00f3n a un estudio del refr\u00e1n. El refranero espa\u00f1ol de contenido metalinguistico resumen: esta [&hellip;]<\/p>\n","protected":false},"author":1,"featured_media":0,"comment_status":"open","ping_status":"open","sticky":false,"template":"","format":"standard","meta":{"site-sidebar-layout":"default","site-content-layout":"","ast-site-content-layout":"","site-content-style":"default","site-sidebar-style":"default","ast-global-header-display":"","ast-banner-title-visibility":"","ast-main-header-display":"","ast-hfb-above-header-display":"","ast-hfb-below-header-display":"","ast-hfb-mobile-header-display":"","site-post-title":"","ast-breadcrumbs-content":"","ast-featured-img":"","footer-sml-layout":"","theme-transparent-header-meta":"","adv-header-id-meta":"","stick-header-meta":"","header-above-stick-meta":"","header-main-stick-meta":"","header-below-stick-meta":"","astra-migrate-meta-layouts":"default","ast-page-background-enabled":"default","ast-page-background-meta":{"desktop":{"background-color":"var(--ast-global-color-4)","background-image":"","background-repeat":"repeat","background-position":"center center","background-size":"auto","background-attachment":"scroll","background-type":"","background-media":"","overlay-type":"","overlay-color":"","overlay-gradient":""},"tablet":{"background-color":"","background-image":"","background-repeat":"repeat","background-position":"center center","background-size":"auto","background-attachment":"scroll","background-type":"","background-media":"","overlay-type":"","overlay-color":"","overlay-gradient":""},"mobile":{"background-color":"","background-image":"","background-repeat":"repeat","background-position":"center center","background-size":"auto","background-attachment":"scroll","background-type":"","background-media":"","overlay-type":"","overlay-color":"","overlay-gradient":""}},"ast-content-background-meta":{"desktop":{"background-color":"var(--ast-global-color-5)","background-image":"","background-repeat":"repeat","background-position":"center center","background-size":"auto","background-attachment":"scroll","background-type":"","background-media":"","overlay-type":"","overlay-color":"","overlay-gradient":""},"tablet":{"background-color":"var(--ast-global-color-5)","background-image":"","background-repeat":"repeat","background-position":"center center","background-size":"auto","background-attachment":"scroll","background-type":"","background-media":"","overlay-type":"","overlay-color":"","overlay-gradient":""},"mobile":{"background-color":"var(--ast-global-color-5)","background-image":"","background-repeat":"repeat","background-position":"center center","background-size":"auto","background-attachment":"scroll","background-type":"","background-media":"","overlay-type":"","overlay-color":"","overlay-gradient":""}},"footnotes":""},"categories":[59,17749],"tags":[160872,52993,160874,3140,160873,89444],"class_list":["post-74230","post","type-post","status-publish","format-standard","hentry","category-linguistica","category-navarra","tag-elvira-manero-richard","tag-gerd-wotjak","tag-johannes-kabatek","tag-manuel-casado-velarde","tag-ma-victoria-romero-gualda","tag-ramon-domingo-gonzalez-ruiz"],"_links":{"self":[{"href":"https:\/\/www.deberes.net\/tesis\/wp-json\/wp\/v2\/posts\/74230","targetHints":{"allow":["GET"]}}],"collection":[{"href":"https:\/\/www.deberes.net\/tesis\/wp-json\/wp\/v2\/posts"}],"about":[{"href":"https:\/\/www.deberes.net\/tesis\/wp-json\/wp\/v2\/types\/post"}],"author":[{"embeddable":true,"href":"https:\/\/www.deberes.net\/tesis\/wp-json\/wp\/v2\/users\/1"}],"replies":[{"embeddable":true,"href":"https:\/\/www.deberes.net\/tesis\/wp-json\/wp\/v2\/comments?post=74230"}],"version-history":[{"count":0,"href":"https:\/\/www.deberes.net\/tesis\/wp-json\/wp\/v2\/posts\/74230\/revisions"}],"wp:attachment":[{"href":"https:\/\/www.deberes.net\/tesis\/wp-json\/wp\/v2\/media?parent=74230"}],"wp:term":[{"taxonomy":"category","embeddable":true,"href":"https:\/\/www.deberes.net\/tesis\/wp-json\/wp\/v2\/categories?post=74230"},{"taxonomy":"post_tag","embeddable":true,"href":"https:\/\/www.deberes.net\/tesis\/wp-json\/wp\/v2\/tags?post=74230"}],"curies":[{"name":"wp","href":"https:\/\/api.w.org\/{rel}","templated":true}]}}