{"id":74247,"date":"2005-01-06T00:00:00","date_gmt":"2005-01-06T00:00:00","guid":{"rendered":"https:\/\/www.deberes.net\/tesis\/sin-categoria\/neuropsicobiologa%c2%ada-de-factores-rasgo-estado-del-trastorno-depresivo-y-del-neuroticismo\/"},"modified":"2005-01-06T00:00:00","modified_gmt":"2005-01-06T00:00:00","slug":"neuropsicobiologa%c2%ada-de-factores-rasgo-estado-del-trastorno-depresivo-y-del-neuroticismo","status":"publish","type":"post","link":"https:\/\/www.deberes.net\/tesis\/ciencias-medicas\/neuropsicobiologa%c2%ada-de-factores-rasgo-estado-del-trastorno-depresivo-y-del-neuroticismo\/","title":{"rendered":"Neuropsicobiolog\u00eda de factores rasgo-estado del trastorno depresivo y del neuroticismo"},"content":{"rendered":"<h2>Tesis doctoral de <strong> M. Jes\u00fas Portella Moll <\/strong><\/h2>\n<p>El objetivo de la presente tesis es estudiar las caracter\u00edsticas neurocognitivas del rasgo-estado de los trastornos depresivos y del neuroticismo, \u00e9ste \u00faltimo tomado como factor de vulnerabilidad para el desarrollo de trastorno depresivo.  para tal fin, se han utilizado t\u00e9cnicas psicol\u00f3gicas, neuropsicol\u00f3gicas, bioqu\u00edmicas y de neuroimagen para determinar si la presencia de disfunci\u00f3n cerebral relacionada con el trastorno depresivo es una caracter\u00edstica de rasgo o bien de estado, lo que es decir lo mismo, si las anormalidades neurocognitivas proceden, son s\u00edntoma o son consecuencia del cuadro afectivo.  est\u00e1 bien establecido que el trastorno depresivo, junto con la sintomatolog\u00eda cl\u00ednica presenta d\u00e9ficit cognitivo que afecta la memoria, el procesamiento de informaci\u00f3n y las funciones ejecutivas. El perfil neuropsicol\u00f3gico del trastorno depresivo ha sido bien investigado en sujetos adultos j\u00f3venes, y la mayor\u00eda de estudios han concluido que el d\u00e9ficit cognitivo es una caracter\u00edstica de rasgo de la enfermedad, dado que despu\u00e9s de la remisi\u00f3n se continua observando dicho d\u00e9ficit. La depresi\u00f3n mayor en la senectud ha sido menos investigado dada la dificultad de establecer diagn\u00f3stico diferenciales fiables respeto a cuadros de demencia.  por otro lado, se considera el neuroticismo como factor de riesgo para el desarrollo de trastornos afectivos, dado que es un factor de personalidad heredable y altamente correlacionado con la presencia de trastorno depresivo. cabe pensar pues que si las caracter\u00edsticas neurocognitivas de la presi\u00f3n mayor son restos del cuadro mental, estas caracter\u00edsticas podr\u00edan estar presentes en sujetos con alta vulnerabilidad para desarrollar trastornos afectivos. Sujetos con puntuaciones extremadamente altas en neuroticismo ser\u00edan vulnerables a tal trastorno y por tanto, una muestra v\u00e1lida para determinar si los s\u00edntomas neurocognitivos preceden el inicio del trastorno depresivo mayor.<\/p>\n<p>&nbsp;<\/p>\n<h3>Datos acad\u00e9micos de la tesis doctoral \u00ab<strong>Neuropsicobiolog\u00eda de factores rasgo-estado del trastorno depresivo y del neuroticismo<\/strong>\u00ab<\/h3>\n<ul>\n<li><strong>T\u00edtulo de la tesis:<\/strong>\u00a0 Neuropsicobiolog\u00eda de factores rasgo-estado del trastorno depresivo y del neuroticismo <\/li>\n<li><strong>Autor:<\/strong>\u00a0 M. Jes\u00fas Portella Moll <\/li>\n<li><strong>Universidad:<\/strong>\u00a0 Barcelona<\/li>\n<li><strong>Fecha de lectura de la tesis:<\/strong>\u00a0 01\/06\/2005<\/li>\n<\/ul>\n<p>&nbsp;<\/p>\n<h3>Direcci\u00f3n y tribunal<\/h3>\n<ul>\n<li><strong>Director de la tesis<\/strong>\n<ul>\n<li>Marcos Teodor<\/li>\n<\/ul>\n<\/li>\n<li><strong>Tribunal<\/strong>\n<ul>\n<li>Presidente del tribunal: carme Junqu\u00e9 <\/li>\n<li>beatriu G\u00f3mez-ans\u00f3n (vocal)<\/li>\n<li>adolf Tobe\u00f1a (vocal)<\/li>\n<li>anna Scarn\u00e1 (vocal)<\/li>\n<\/ul>\n<\/li>\n<\/ul>\n<p>&nbsp;<\/p>\n","protected":false},"excerpt":{"rendered":"<p>Tesis doctoral de M. Jes\u00fas Portella Moll El objetivo de la presente tesis es estudiar las caracter\u00edsticas neurocognitivas del rasgo-estado [&hellip;]<\/p>\n","protected":false},"author":1,"featured_media":0,"comment_status":"open","ping_status":"open","sticky":false,"template":"","format":"standard","meta":{"site-sidebar-layout":"default","site-content-layout":"","ast-site-content-layout":"","site-content-style":"default","site-sidebar-style":"default","ast-global-header-display":"","ast-banner-title-visibility":"","ast-main-header-display":"","ast-hfb-above-header-display":"","ast-hfb-below-header-display":"","ast-hfb-mobile-header-display":"","site-post-title":"","ast-breadcrumbs-content":"","ast-featured-img":"","footer-sml-layout":"","theme-transparent-header-meta":"","adv-header-id-meta":"","stick-header-meta":"","header-above-stick-meta":"","header-main-stick-meta":"","header-below-stick-meta":"","astra-migrate-meta-layouts":"default","ast-page-background-enabled":"default","ast-page-background-meta":{"desktop":{"background-color":"var(--ast-global-color-4)","background-image":"","background-repeat":"repeat","background-position":"center center","background-size":"auto","background-attachment":"scroll","background-type":"","background-media":"","overlay-type":"","overlay-color":"","overlay-gradient":""},"tablet":{"background-color":"","background-image":"","background-repeat":"repeat","background-position":"center center","background-size":"auto","background-attachment":"scroll","background-type":"","background-media":"","overlay-type":"","overlay-color":"","overlay-gradient":""},"mobile":{"background-color":"","background-image":"","background-repeat":"repeat","background-position":"center center","background-size":"auto","background-attachment":"scroll","background-type":"","background-media":"","overlay-type":"","overlay-color":"","overlay-gradient":""}},"ast-content-background-meta":{"desktop":{"background-color":"var(--ast-global-color-5)","background-image":"","background-repeat":"repeat","background-position":"center center","background-size":"auto","background-attachment":"scroll","background-type":"","background-media":"","overlay-type":"","overlay-color":"","overlay-gradient":""},"tablet":{"background-color":"var(--ast-global-color-5)","background-image":"","background-repeat":"repeat","background-position":"center center","background-size":"auto","background-attachment":"scroll","background-type":"","background-media":"","overlay-type":"","overlay-color":"","overlay-gradient":""},"mobile":{"background-color":"var(--ast-global-color-5)","background-image":"","background-repeat":"repeat","background-position":"center center","background-size":"auto","background-attachment":"scroll","background-type":"","background-media":"","overlay-type":"","overlay-color":"","overlay-gradient":""}},"footnotes":""},"categories":[4509,4264,951,155,147,9,324,487,1408],"tags":[160906,160907,160905,14140,160903,160904],"class_list":["post-74247","post","type-post","status-publish","format-standard","hentry","category-arquitectura","category-asesoramiento-y-orientacion-psicologicas","category-barcelona","category-ciencias-clinicas","category-ciencias-de-las-artes-y-las-letras","category-ciencias-medicas","category-psicologia","category-psicologia-clinica","category-psiquiatria","tag-adolf-tobena","tag-anna-scarna","tag-beatriu-gomez-anson","tag-carme-junque","tag-m-jesus-portella-moll","tag-marcos-teodor"],"_links":{"self":[{"href":"https:\/\/www.deberes.net\/tesis\/wp-json\/wp\/v2\/posts\/74247","targetHints":{"allow":["GET"]}}],"collection":[{"href":"https:\/\/www.deberes.net\/tesis\/wp-json\/wp\/v2\/posts"}],"about":[{"href":"https:\/\/www.deberes.net\/tesis\/wp-json\/wp\/v2\/types\/post"}],"author":[{"embeddable":true,"href":"https:\/\/www.deberes.net\/tesis\/wp-json\/wp\/v2\/users\/1"}],"replies":[{"embeddable":true,"href":"https:\/\/www.deberes.net\/tesis\/wp-json\/wp\/v2\/comments?post=74247"}],"version-history":[{"count":0,"href":"https:\/\/www.deberes.net\/tesis\/wp-json\/wp\/v2\/posts\/74247\/revisions"}],"wp:attachment":[{"href":"https:\/\/www.deberes.net\/tesis\/wp-json\/wp\/v2\/media?parent=74247"}],"wp:term":[{"taxonomy":"category","embeddable":true,"href":"https:\/\/www.deberes.net\/tesis\/wp-json\/wp\/v2\/categories?post=74247"},{"taxonomy":"post_tag","embeddable":true,"href":"https:\/\/www.deberes.net\/tesis\/wp-json\/wp\/v2\/tags?post=74247"}],"curies":[{"name":"wp","href":"https:\/\/api.w.org\/{rel}","templated":true}]}}