{"id":74264,"date":"2005-02-06T00:00:00","date_gmt":"2005-02-06T00:00:00","guid":{"rendered":"https:\/\/www.deberes.net\/tesis\/sin-categoria\/augment-de-la-resolucio-espacial-i-estudi-de-la-dinamica-temporal-de-les-fonts-de-corrent-dels-potencials-evocats-cerebrals\/"},"modified":"2005-02-06T00:00:00","modified_gmt":"2005-02-06T00:00:00","slug":"augment-de-la-resolucio-espacial-i-estudi-de-la-dinamica-temporal-de-les-fonts-de-corrent-dels-potencials-evocats-cerebrals","status":"publish","type":"post","link":"https:\/\/www.deberes.net\/tesis\/ciencias-de-la-vida\/augment-de-la-resolucio-espacial-i-estudi-de-la-dinamica-temporal-de-les-fonts-de-corrent-dels-potencials-evocats-cerebrals\/","title":{"rendered":"Augment de la resoluci\u00f3 espacial i estudi de la din\u00e1mica temporal de les fonts de corrent dels potencials evocats cerebrals"},"content":{"rendered":"<h2>Tesis doctoral de <strong> Josep Marco Pallares <\/strong><\/h2>\n<p>La electroencefalograf\u00eda (eeg) es una t\u00e9cnica no invasiva que permite el estudio de la actividad el\u00e9ctrica espont\u00e1nea cerebral y que se caracteriza por ofrecer una elevada resoluci\u00f3n temporal que se sit\u00faa en el orden de los milisegundos. Esta t\u00e9cnica permite obtener informaci\u00f3n sobre las respuestas neuronales gracias al hecho que capta la actividad electromagn\u00e9tica  relacionada con las corrientes desencadenadas por la circulaci\u00f3n de iones a trav\u00e9s de los canales i\u00f3nicos de la membrana de la neurona. La limitaci\u00f3n principal de esta t\u00e9cnica es que estudiada con los procedimientos tradicionales presenta una pobre resoluci\u00f3n espacial, debido entre otras razones a que las medidas se toman en el cuero cabelludo, muy lejos de las fuentes cerebrales que generan los potenciales el\u00e9ctricos medidos, lo que implica una gran atenuaci\u00f3n de las se\u00f1ales el\u00e9ctricas cerebrales originales, puesto que la se\u00f1al el\u00e9ctrica tiene que atravesar diferentes tejidos.  la actividad el\u00e9ctrica cerebral puede ser tambi\u00e9n provocada (evocada) constituyendo los potenciales evocados, que son una se\u00f1al que se obtiene promediando fragmentos del eeg, que se producen como consecuencia de la actividad neuronal relacionada con el procesamientos cerebral de un est\u00edmulo sensorial, actividad motora o actividad cognitiva.  este trabajo pone en evidencia que se pueden conseguir ganancias cuantitativas con la aplicaci\u00f3n de t\u00e9cnicas matem\u00e1ticas en el estudio de los potenciales evocados cerebrales, y tambi\u00e9n adelantos relevantes en su interpretaci\u00f3n. tambi\u00e9n se fundamenta el inter\u00e9s de no centrar los estudios de las caracter\u00edsticas de la respuesta evocada en las medidas tradicionales (latencia, amplitud), y la necesidad de estudiar la din\u00e1mica espacio-temporal de las fuentes. este enfoque permite conseguir nueva informaci\u00f3n crucial tanto en el conocimiento de la respuesta cerebral en sujetos normales, como en la posibilidad de detectar alteraciones func<\/p>\n<p>&nbsp;<\/p>\n<h3>Datos acad\u00e9micos de la tesis doctoral \u00ab<strong>Augment de la resoluci\u00f3 espacial i estudi de la din\u00e1mica temporal de les fonts de corrent dels potencials evocats cerebrals<\/strong>\u00ab<\/h3>\n<ul>\n<li><strong>T\u00edtulo de la tesis:<\/strong>\u00a0 Augment de la resoluci\u00f3 espacial i estudi de la din\u00e1mica temporal de les fonts de corrent dels potencials evocats cerebrals <\/li>\n<li><strong>Autor:<\/strong>\u00a0 Josep Marco Pallares <\/li>\n<li><strong>Universidad:<\/strong>\u00a0 Barcelona<\/li>\n<li><strong>Fecha de lectura de la tesis:<\/strong>\u00a0 02\/06\/2005<\/li>\n<\/ul>\n<p>&nbsp;<\/p>\n<h3>Direcci\u00f3n y tribunal<\/h3>\n<ul>\n<li><strong>Director de la tesis<\/strong>\n<ul>\n<li>Carles Grau Fonollosa<\/li>\n<\/ul>\n<\/li>\n<li><strong>Tribunal<\/strong>\n<ul>\n<li>Presidente del tribunal: Miguel S\u00e1nchez turet <\/li>\n<li> Ferrer i puig ram\u00f3n (vocal)<\/li>\n<li>Fernando Cadaveira mah\u00eda (vocal)<\/li>\n<li>Manuel j Barbanoj rodr\u00edguez (vocal)<\/li>\n<\/ul>\n<\/li>\n<\/ul>\n<p>&nbsp;<\/p>\n","protected":false},"excerpt":{"rendered":"<p>Tesis doctoral de Josep Marco Pallares La electroencefalograf\u00eda (eeg) es una t\u00e9cnica no invasiva que permite el estudio de la [&hellip;]<\/p>\n","protected":false},"author":1,"featured_media":0,"comment_status":"open","ping_status":"open","sticky":false,"template":"","format":"standard","meta":{"site-sidebar-layout":"default","site-content-layout":"","ast-site-content-layout":"","site-content-style":"default","site-sidebar-style":"default","ast-global-header-display":"","ast-banner-title-visibility":"","ast-main-header-display":"","ast-hfb-above-header-display":"","ast-hfb-below-header-display":"","ast-hfb-mobile-header-display":"","site-post-title":"","ast-breadcrumbs-content":"","ast-featured-img":"","footer-sml-layout":"","theme-transparent-header-meta":"","adv-header-id-meta":"","stick-header-meta":"","header-above-stick-meta":"","header-main-stick-meta":"","header-below-stick-meta":"","astra-migrate-meta-layouts":"default","ast-page-background-enabled":"default","ast-page-background-meta":{"desktop":{"background-color":"var(--ast-global-color-4)","background-image":"","background-repeat":"repeat","background-position":"center center","background-size":"auto","background-attachment":"scroll","background-type":"","background-media":"","overlay-type":"","overlay-color":"","overlay-gradient":""},"tablet":{"background-color":"","background-image":"","background-repeat":"repeat","background-position":"center center","background-size":"auto","background-attachment":"scroll","background-type":"","background-media":"","overlay-type":"","overlay-color":"","overlay-gradient":""},"mobile":{"background-color":"","background-image":"","background-repeat":"repeat","background-position":"center center","background-size":"auto","background-attachment":"scroll","background-type":"","background-media":"","overlay-type":"","overlay-color":"","overlay-gradient":""}},"ast-content-background-meta":{"desktop":{"background-color":"var(--ast-global-color-5)","background-image":"","background-repeat":"repeat","background-position":"center center","background-size":"auto","background-attachment":"scroll","background-type":"","background-media":"","overlay-type":"","overlay-color":"","overlay-gradient":""},"tablet":{"background-color":"var(--ast-global-color-5)","background-image":"","background-repeat":"repeat","background-position":"center center","background-size":"auto","background-attachment":"scroll","background-type":"","background-media":"","overlay-type":"","overlay-color":"","overlay-gradient":""},"mobile":{"background-color":"var(--ast-global-color-5)","background-image":"","background-repeat":"repeat","background-position":"center center","background-size":"auto","background-attachment":"scroll","background-type":"","background-media":"","overlay-type":"","overlay-color":"","overlay-gradient":""}},"footnotes":""},"categories":[951,35,324,2462,5110],"tags":[87979,8758,160941,148059,14229,6691],"class_list":["post-74264","post","type-post","status-publish","format-standard","hentry","category-barcelona","category-ciencias-de-la-vida","category-psicologia","category-psicologia-experimental","category-psicologia-fisiologica","tag-carles-grau-fonollosa","tag-fernando-cadaveira-mahia","tag-ferrer-i-puig-ramon","tag-josep-marco-pallares","tag-manuel-j-barbanoj-rodriguez","tag-miguel-sanchez-turet"],"_links":{"self":[{"href":"https:\/\/www.deberes.net\/tesis\/wp-json\/wp\/v2\/posts\/74264","targetHints":{"allow":["GET"]}}],"collection":[{"href":"https:\/\/www.deberes.net\/tesis\/wp-json\/wp\/v2\/posts"}],"about":[{"href":"https:\/\/www.deberes.net\/tesis\/wp-json\/wp\/v2\/types\/post"}],"author":[{"embeddable":true,"href":"https:\/\/www.deberes.net\/tesis\/wp-json\/wp\/v2\/users\/1"}],"replies":[{"embeddable":true,"href":"https:\/\/www.deberes.net\/tesis\/wp-json\/wp\/v2\/comments?post=74264"}],"version-history":[{"count":0,"href":"https:\/\/www.deberes.net\/tesis\/wp-json\/wp\/v2\/posts\/74264\/revisions"}],"wp:attachment":[{"href":"https:\/\/www.deberes.net\/tesis\/wp-json\/wp\/v2\/media?parent=74264"}],"wp:term":[{"taxonomy":"category","embeddable":true,"href":"https:\/\/www.deberes.net\/tesis\/wp-json\/wp\/v2\/categories?post=74264"},{"taxonomy":"post_tag","embeddable":true,"href":"https:\/\/www.deberes.net\/tesis\/wp-json\/wp\/v2\/tags?post=74264"}],"curies":[{"name":"wp","href":"https:\/\/api.w.org\/{rel}","templated":true}]}}