{"id":74334,"date":"2005-03-06T00:00:00","date_gmt":"2005-03-06T00:00:00","guid":{"rendered":"https:\/\/www.deberes.net\/tesis\/sin-categoria\/la-ensenanza-del-folklore-gallego-en-los-colegios-de-educacion-primaria-de-galicia\/"},"modified":"2005-03-06T00:00:00","modified_gmt":"2005-03-06T00:00:00","slug":"la-ensenanza-del-folklore-gallego-en-los-colegios-de-educacion-primaria-de-galicia","status":"publish","type":"post","link":"https:\/\/www.deberes.net\/tesis\/ciencias-de-las-artes-y-las-letras\/la-ensenanza-del-folklore-gallego-en-los-colegios-de-educacion-primaria-de-galicia\/","title":{"rendered":"La ense\u00f1anza del folklore gallego en los colegios de educaci\u00f3n primaria de galicia"},"content":{"rendered":"<h2>Tesis doctoral de <strong> Roc\u00edo Chao Fern\u00e1ndez <\/strong><\/h2>\n<p>Finalidad y objetivos  el objetivo primordial de esta investigaci\u00f3n es conocer si los profesores encargados de la educaci\u00f3n musical en los ceip de galicia utilizan el folklore musical gallego en supr\u00e1ctica docente de forma habitual y por lo tanto contribuyen en la conservaci\u00f3n y transmisi\u00f3n de la herencia musical.  estructura y metodolog\u00eda  la investigaci\u00f3n se divide en dos secciones:  &#8211; primera parte &#8211; te\u00f3rica &#8211; en la que se estudia cu\u00e1l es la formaci\u00f3n inicial del profesorado, continuando con un an\u00e1lisis de los m\u00e9todos did\u00e1cticos m\u00e1s importantes del siglo xx, para proseguir con una clasificaci\u00f3n de las canciones, instrumentos y danzas gallegas. Asimismo se hace un an\u00e1lisis de las primeras y m\u00e1s rigurosas recopilaciones de folklore gallego (s. xix) y cu\u00e1l es la problem\u00e1tica de las actuales. Se finaliza esta secci\u00f3n con una propuesta para utilizar en el aula.  &#8211; segunda parte &#8211; emp\u00edrica &#8211; em la que se realiza el trabajo de campo, que se lleva a cabo a trav\u00e9s de un pluralismo metodol\u00f3gico, basado en la aplicaci\u00f3n de un cuestionario, que se completa con entrevistas a varios de estos profesionales. Como complemento se realiza un an\u00e1lisis de los textos utilizados por lso profesores para el desarrollo de su labor docente, as\u00ed como del material auxiliar de apoyo.  tras hacer un an\u00e1lisis de los resultados obtenidos, exponemos las conclusiones.  conclusiones  &#8211; s\u00f3lo el 30% de las canciones que se ense\u00f1an a nuestros escolares pertenecen al folklore gallego.  &#8211; existen modificaciones en algunas de las canciones de nuestro folklore que se ense\u00f1an a nuestros escolares.  &#8211; hay un gran desconocimiento con respecto a los instrumentos gallegos por pate del profesorado, y por ello no introducen a sus    alumnos en su t\u00e9cnica.  &#8211; la ense\u00f1anza de danzas de nuestro folklore es escasa.  con el paso del tiempo nuestro folklore puede sufrir modificaciones<\/p>\n<p>&nbsp;<\/p>\n<h3>Datos acad\u00e9micos de la tesis doctoral \u00ab<strong>La ense\u00f1anza del folklore gallego en los colegios de educaci\u00f3n primaria de galicia<\/strong>\u00ab<\/h3>\n<ul>\n<li><strong>T\u00edtulo de la tesis:<\/strong>\u00a0 La ense\u00f1anza del folklore gallego en los colegios de educaci\u00f3n primaria de galicia <\/li>\n<li><strong>Autor:<\/strong>\u00a0 Roc\u00edo Chao Fern\u00e1ndez <\/li>\n<li><strong>Universidad:<\/strong>\u00a0 A coru\u00f1a<\/li>\n<li><strong>Fecha de lectura de la tesis:<\/strong>\u00a0 03\/06\/2005<\/li>\n<\/ul>\n<p>&nbsp;<\/p>\n<h3>Direcci\u00f3n y tribunal<\/h3>\n<ul>\n<li><strong>Director de la tesis<\/strong>\n<ul>\n<li>Nicol\u00e1s Oriol Alarc\u00f3n<\/li>\n<\/ul>\n<\/li>\n<li><strong>Tribunal<\/strong>\n<ul>\n<li>Presidente del tribunal: ignacio Sustaeta llombart <\/li>\n<li>maravillas Diaz gomez (vocal)<\/li>\n<li>regina Leal l\u00f3pez (vocal)<\/li>\n<li> P\u00e9rez p\u00e9rez Miguel Jos\u00e9 (vocal)<\/li>\n<\/ul>\n<\/li>\n<\/ul>\n<p>&nbsp;<\/p>\n","protected":false},"excerpt":{"rendered":"<p>Tesis doctoral de Roc\u00edo Chao Fern\u00e1ndez Finalidad y objetivos el objetivo primordial de esta investigaci\u00f3n es conocer si los profesores [&hellip;]<\/p>\n","protected":false},"author":1,"featured_media":0,"comment_status":"open","ping_status":"open","sticky":false,"template":"","format":"standard","meta":{"site-sidebar-layout":"default","site-content-layout":"","ast-site-content-layout":"","site-content-style":"default","site-sidebar-style":"default","ast-global-header-display":"","ast-banner-title-visibility":"","ast-main-header-display":"","ast-hfb-above-header-display":"","ast-hfb-below-header-display":"","ast-hfb-mobile-header-display":"","site-post-title":"","ast-breadcrumbs-content":"","ast-featured-img":"","footer-sml-layout":"","theme-transparent-header-meta":"","adv-header-id-meta":"","stick-header-meta":"","header-above-stick-meta":"","header-main-stick-meta":"","header-below-stick-meta":"","astra-migrate-meta-layouts":"default","ast-page-background-enabled":"default","ast-page-background-meta":{"desktop":{"background-color":"var(--ast-global-color-4)","background-image":"","background-repeat":"repeat","background-position":"center center","background-size":"auto","background-attachment":"scroll","background-type":"","background-media":"","overlay-type":"","overlay-color":"","overlay-gradient":""},"tablet":{"background-color":"","background-image":"","background-repeat":"repeat","background-position":"center center","background-size":"auto","background-attachment":"scroll","background-type":"","background-media":"","overlay-type":"","overlay-color":"","overlay-gradient":""},"mobile":{"background-color":"","background-image":"","background-repeat":"repeat","background-position":"center center","background-size":"auto","background-attachment":"scroll","background-type":"","background-media":"","overlay-type":"","overlay-color":"","overlay-gradient":""}},"ast-content-background-meta":{"desktop":{"background-color":"var(--ast-global-color-5)","background-image":"","background-repeat":"repeat","background-position":"center center","background-size":"auto","background-attachment":"scroll","background-type":"","background-media":"","overlay-type":"","overlay-color":"","overlay-gradient":""},"tablet":{"background-color":"var(--ast-global-color-5)","background-image":"","background-repeat":"repeat","background-position":"center center","background-size":"auto","background-attachment":"scroll","background-type":"","background-media":"","overlay-type":"","overlay-color":"","overlay-gradient":""},"mobile":{"background-color":"var(--ast-global-color-5)","background-image":"","background-repeat":"repeat","background-position":"center center","background-size":"auto","background-attachment":"scroll","background-type":"","background-media":"","overlay-type":"","overlay-color":"","overlay-gradient":""}},"footnotes":""},"categories":[18576,147,2233,9132,1141,1111,1341],"tags":[144641,54870,129296,137930,161067,161066],"class_list":["post-74334","post","type-post","status-publish","format-standard","hentry","category-a-coruna","category-ciencias-de-las-artes-y-las-letras","category-metodos-pedagogicos","category-musica-y-musicologia","category-pedagogia","category-teoria-analisis-y-critica-de-las-bellas-artes","category-teoria-y-metodos-educativos","tag-ignacio-sustaeta-llombart","tag-maravillas-diaz-gomez","tag-nicolas-oriol-alarcon","tag-perez-perez-miguel-jose","tag-regina-leal-lopez","tag-rocio-chao-fernandez"],"_links":{"self":[{"href":"https:\/\/www.deberes.net\/tesis\/wp-json\/wp\/v2\/posts\/74334","targetHints":{"allow":["GET"]}}],"collection":[{"href":"https:\/\/www.deberes.net\/tesis\/wp-json\/wp\/v2\/posts"}],"about":[{"href":"https:\/\/www.deberes.net\/tesis\/wp-json\/wp\/v2\/types\/post"}],"author":[{"embeddable":true,"href":"https:\/\/www.deberes.net\/tesis\/wp-json\/wp\/v2\/users\/1"}],"replies":[{"embeddable":true,"href":"https:\/\/www.deberes.net\/tesis\/wp-json\/wp\/v2\/comments?post=74334"}],"version-history":[{"count":0,"href":"https:\/\/www.deberes.net\/tesis\/wp-json\/wp\/v2\/posts\/74334\/revisions"}],"wp:attachment":[{"href":"https:\/\/www.deberes.net\/tesis\/wp-json\/wp\/v2\/media?parent=74334"}],"wp:term":[{"taxonomy":"category","embeddable":true,"href":"https:\/\/www.deberes.net\/tesis\/wp-json\/wp\/v2\/categories?post=74334"},{"taxonomy":"post_tag","embeddable":true,"href":"https:\/\/www.deberes.net\/tesis\/wp-json\/wp\/v2\/tags?post=74334"}],"curies":[{"name":"wp","href":"https:\/\/api.w.org\/{rel}","templated":true}]}}