{"id":74357,"date":"2005-06-06T00:00:00","date_gmt":"2005-06-06T00:00:00","guid":{"rendered":"https:\/\/www.deberes.net\/tesis\/sin-categoria\/valor-de-la-troponina-en-el-schock-no-cardiogenico\/"},"modified":"2005-06-06T00:00:00","modified_gmt":"2005-06-06T00:00:00","slug":"valor-de-la-troponina-en-el-schock-no-cardiogenico","status":"publish","type":"post","link":"https:\/\/www.deberes.net\/tesis\/ciencias-medicas\/valor-de-la-troponina-en-el-schock-no-cardiogenico\/","title":{"rendered":"Valor de la troponina en el schock no cardiog\u00e9nico"},"content":{"rendered":"<h2>Tesis doctoral de <strong> Juan  Igor Molina Puente <\/strong><\/h2>\n<p>La clasificaic\u00f3n en los distintos tipos de shock viene definida por el fallo en uno de los elementos que permiten mantener la perfusi\u00f3n tisular. gasto cardiaco, volemia y resistencia vascular.  ante el deterioro de uno de estos factores los otros responden de forma compensadora. As\u00ed, en el shock no cardiog\u00e9nico, no cardiog\u00e9nico, la respuesta el coraz\u00f3n es fundamental.  se conoce las variaciones morfol\u00f3gicas que sufre el coraz\u00f3n durante el shock no cardiog\u00e9nico, pero no se tiene ning\u00fan parametro de medida que permita definir su estado funcional y por tanto su capacidad de respuesta en lo que a pronostico se refiere.  tras el conocimiento de las troponinas como marcadores de da\u00f1o miocardio en el infarto y angina inestable, se pretende darles valor en el shock no cardiog\u00e9nico.  evaluamos la respuesta del valor de la troponina t en la fase precoz de este tipo de shock, demostr\u00e1ndose que esta se puede aparecer con valores elevados en suero.  tras este resultado, conseguimos relacionar la elevaci\u00f3n de la troponina t en la fase rpecosz del shock no cardiog\u00e9nico con una mayor mortalidad de los pacientes que la presentaban y por tanto d\u00e1ndole un valor pron\u00f3stico.<\/p>\n<p>&nbsp;<\/p>\n<h3>Datos acad\u00e9micos de la tesis doctoral \u00ab<strong>Valor de la troponina en el schock no cardiog\u00e9nico<\/strong>\u00ab<\/h3>\n<ul>\n<li><strong>T\u00edtulo de la tesis:<\/strong>\u00a0 Valor de la troponina en el schock no cardiog\u00e9nico <\/li>\n<li><strong>Autor:<\/strong>\u00a0 Juan  Igor Molina Puente <\/li>\n<li><strong>Universidad:<\/strong>\u00a0 Complutense de Madrid<\/li>\n<li><strong>Fecha de lectura de la tesis:<\/strong>\u00a0 06\/06\/2005<\/li>\n<\/ul>\n<p>&nbsp;<\/p>\n<h3>Direcci\u00f3n y tribunal<\/h3>\n<ul>\n<li><strong>Director de la tesis<\/strong>\n<ul>\n<li>Jose De Portugal  Alvarez<\/li>\n<\/ul>\n<\/li>\n<li><strong>Tribunal<\/strong>\n<ul>\n<li>Presidente del tribunal: Francisco javier Rodriguez rodriguez <\/li>\n<li>Manuel Rodriguez zapata (vocal)<\/li>\n<li>julio De la morena fern\u00e1ndez (vocal)<\/li>\n<li>Francisco Arnalich fern\u00e1ndez (vocal)<\/li>\n<\/ul>\n<\/li>\n<\/ul>\n<p>&nbsp;<\/p>\n","protected":false},"excerpt":{"rendered":"<p>Tesis doctoral de Juan Igor Molina Puente La clasificaic\u00f3n en los distintos tipos de shock viene definida por el fallo [&hellip;]<\/p>\n","protected":false},"author":1,"featured_media":0,"comment_status":"open","ping_status":"open","sticky":false,"template":"","format":"standard","meta":{"site-sidebar-layout":"default","site-content-layout":"","ast-site-content-layout":"","site-content-style":"default","site-sidebar-style":"default","ast-global-header-display":"","ast-banner-title-visibility":"","ast-main-header-display":"","ast-hfb-above-header-display":"","ast-hfb-below-header-display":"","ast-hfb-mobile-header-display":"","site-post-title":"","ast-breadcrumbs-content":"","ast-featured-img":"","footer-sml-layout":"","theme-transparent-header-meta":"","adv-header-id-meta":"","stick-header-meta":"","header-above-stick-meta":"","header-main-stick-meta":"","header-below-stick-meta":"","astra-migrate-meta-layouts":"default","ast-page-background-enabled":"default","ast-page-background-meta":{"desktop":{"background-color":"var(--ast-global-color-4)","background-image":"","background-repeat":"repeat","background-position":"center center","background-size":"auto","background-attachment":"scroll","background-type":"","background-media":"","overlay-type":"","overlay-color":"","overlay-gradient":""},"tablet":{"background-color":"","background-image":"","background-repeat":"repeat","background-position":"center center","background-size":"auto","background-attachment":"scroll","background-type":"","background-media":"","overlay-type":"","overlay-color":"","overlay-gradient":""},"mobile":{"background-color":"","background-image":"","background-repeat":"repeat","background-position":"center center","background-size":"auto","background-attachment":"scroll","background-type":"","background-media":"","overlay-type":"","overlay-color":"","overlay-gradient":""}},"ast-content-background-meta":{"desktop":{"background-color":"var(--ast-global-color-5)","background-image":"","background-repeat":"repeat","background-position":"center center","background-size":"auto","background-attachment":"scroll","background-type":"","background-media":"","overlay-type":"","overlay-color":"","overlay-gradient":""},"tablet":{"background-color":"var(--ast-global-color-5)","background-image":"","background-repeat":"repeat","background-position":"center center","background-size":"auto","background-attachment":"scroll","background-type":"","background-media":"","overlay-type":"","overlay-color":"","overlay-gradient":""},"mobile":{"background-color":"var(--ast-global-color-5)","background-image":"","background-repeat":"repeat","background-position":"center center","background-size":"auto","background-attachment":"scroll","background-type":"","background-media":"","overlay-type":"","overlay-color":"","overlay-gradient":""}},"footnotes":""},"categories":[9,139],"tags":[824,52682,9552,161109,5696,17588],"class_list":["post-74357","post","type-post","status-publish","format-standard","hentry","category-ciencias-medicas","category-medicina-interna","tag-francisco-arnalich-fernandez","tag-francisco-javier-rodriguez-rodriguez","tag-jose-de-portugal-alvarez","tag-juan-igor-molina-puente","tag-julio-de-la-morena-fernandez","tag-manuel-rodriguez-zapata"],"_links":{"self":[{"href":"https:\/\/www.deberes.net\/tesis\/wp-json\/wp\/v2\/posts\/74357","targetHints":{"allow":["GET"]}}],"collection":[{"href":"https:\/\/www.deberes.net\/tesis\/wp-json\/wp\/v2\/posts"}],"about":[{"href":"https:\/\/www.deberes.net\/tesis\/wp-json\/wp\/v2\/types\/post"}],"author":[{"embeddable":true,"href":"https:\/\/www.deberes.net\/tesis\/wp-json\/wp\/v2\/users\/1"}],"replies":[{"embeddable":true,"href":"https:\/\/www.deberes.net\/tesis\/wp-json\/wp\/v2\/comments?post=74357"}],"version-history":[{"count":0,"href":"https:\/\/www.deberes.net\/tesis\/wp-json\/wp\/v2\/posts\/74357\/revisions"}],"wp:attachment":[{"href":"https:\/\/www.deberes.net\/tesis\/wp-json\/wp\/v2\/media?parent=74357"}],"wp:term":[{"taxonomy":"category","embeddable":true,"href":"https:\/\/www.deberes.net\/tesis\/wp-json\/wp\/v2\/categories?post=74357"},{"taxonomy":"post_tag","embeddable":true,"href":"https:\/\/www.deberes.net\/tesis\/wp-json\/wp\/v2\/tags?post=74357"}],"curies":[{"name":"wp","href":"https:\/\/api.w.org\/{rel}","templated":true}]}}