{"id":74378,"date":"2005-06-06T00:00:00","date_gmt":"2005-06-06T00:00:00","guid":{"rendered":"https:\/\/www.deberes.net\/tesis\/sin-categoria\/rinascimento-y-reformatio-el-proyecto-de-gutierre-gonzalez-en-jaen\/"},"modified":"2005-06-06T00:00:00","modified_gmt":"2005-06-06T00:00:00","slug":"rinascimento-y-reformatio-el-proyecto-de-gutierre-gonzalez-en-jaen","status":"publish","type":"post","link":"https:\/\/www.deberes.net\/tesis\/historia-moderna\/rinascimento-y-reformatio-el-proyecto-de-gutierre-gonzalez-en-jaen\/","title":{"rendered":"Rinascimento y reformatio. el proyecto de gutierre gonz\u00e1lez en jaen"},"content":{"rendered":"<h2>Tesis doctoral de <strong>  Lopez Arandia Mar\u00eda  Amparo <\/strong><\/h2>\n<p>La tesis tiene como objetivo el estudio de la figura de gutierre gonz\u00e1lez y del proyecto de reforma eclesi\u00e1stica que intent\u00f3 llevar a cabo en la di\u00f3cesis de jaen, a trav\u00e9s de la fundaci\u00f3n de una cofrad\u00eda en honor a la concepci\u00f3n. el trabajo pretende establecer una directa conexi\u00f3n entre dicho proyecto y el contexto de la b\u00fasqueda de una reforma de la iglesia y la realidad de la roma de los inicios del siglo xvi, donde gutierre gonz\u00e1lez residi\u00f3. ambas cuestiones dan paso a la presentaci\u00f3n de la biograf\u00eda del personaje, protonotario apost\u00f3lico y mayordomo secreto de le\u00f3n x; autor del \u00ablibro de doctrina christina\u00bb, en el cual se recogen novedosos aspectos pedag\u00f3gicos, texto utilizado tanto por vasco de quiroga como por fray juan de zum\u00e1rraga en el proceso evangelizador de m\u00e9xico. Igualmente, se aborda el estudio de los fines sociales de la cofrad\u00eda, y los efectos que su establecimiento tuvieron en la ciudad de ja\u00e9n. se incluyen dos ap\u00e9ndices documentales, bibliograf\u00eda y fuentes manuscritas.<\/p>\n<p>&nbsp;<\/p>\n<h3>Datos acad\u00e9micos de la tesis doctoral \u00ab<strong>Rinascimento y reformatio. el proyecto de gutierre gonz\u00e1lez en jaen<\/strong>\u00ab<\/h3>\n<ul>\n<li><strong>T\u00edtulo de la tesis:<\/strong>\u00a0 Rinascimento y reformatio. el proyecto de gutierre gonz\u00e1lez en jaen <\/li>\n<li><strong>Autor:<\/strong>\u00a0  Lopez Arandia Mar\u00eda  Amparo <\/li>\n<li><strong>Universidad:<\/strong>\u00a0 Ja\u00e9n<\/li>\n<li><strong>Fecha de lectura de la tesis:<\/strong>\u00a0 06\/06\/2005<\/li>\n<\/ul>\n<p>&nbsp;<\/p>\n<h3>Direcci\u00f3n y tribunal<\/h3>\n<ul>\n<li><strong>Director de la tesis<\/strong>\n<ul>\n<li>Luis Coronas Tejada<\/li>\n<\/ul>\n<\/li>\n<li><strong>Tribunal<\/strong>\n<ul>\n<li>Presidente del tribunal: teofanes Egido lopez <\/li>\n<li>bernad Vincent (vocal)<\/li>\n<li>enrique Gim\u00e9nez l\u00f3pez (vocal)<\/li>\n<li>stefania Nanni (vocal)<\/li>\n<\/ul>\n<\/li>\n<\/ul>\n<p>&nbsp;<\/p>\n","protected":false},"excerpt":{"rendered":"<p>Tesis doctoral de Lopez Arandia Mar\u00eda Amparo La tesis tiene como objetivo el estudio de la figura de gutierre gonz\u00e1lez [&hellip;]<\/p>\n","protected":false},"author":1,"featured_media":0,"comment_status":"open","ping_status":"open","sticky":false,"template":"","format":"standard","meta":{"site-sidebar-layout":"default","site-content-layout":"","ast-site-content-layout":"","site-content-style":"default","site-sidebar-style":"default","ast-global-header-display":"","ast-banner-title-visibility":"","ast-main-header-display":"","ast-hfb-above-header-display":"","ast-hfb-below-header-display":"","ast-hfb-mobile-header-display":"","site-post-title":"","ast-breadcrumbs-content":"","ast-featured-img":"","footer-sml-layout":"","theme-transparent-header-meta":"","adv-header-id-meta":"","stick-header-meta":"","header-above-stick-meta":"","header-main-stick-meta":"","header-below-stick-meta":"","astra-migrate-meta-layouts":"default","ast-page-background-enabled":"default","ast-page-background-meta":{"desktop":{"background-color":"var(--ast-global-color-4)","background-image":"","background-repeat":"repeat","background-position":"center center","background-size":"auto","background-attachment":"scroll","background-type":"","background-media":"","overlay-type":"","overlay-color":"","overlay-gradient":""},"tablet":{"background-color":"","background-image":"","background-repeat":"repeat","background-position":"center center","background-size":"auto","background-attachment":"scroll","background-type":"","background-media":"","overlay-type":"","overlay-color":"","overlay-gradient":""},"mobile":{"background-color":"","background-image":"","background-repeat":"repeat","background-position":"center center","background-size":"auto","background-attachment":"scroll","background-type":"","background-media":"","overlay-type":"","overlay-color":"","overlay-gradient":""}},"ast-content-background-meta":{"desktop":{"background-color":"var(--ast-global-color-5)","background-image":"","background-repeat":"repeat","background-position":"center center","background-size":"auto","background-attachment":"scroll","background-type":"","background-media":"","overlay-type":"","overlay-color":"","overlay-gradient":""},"tablet":{"background-color":"var(--ast-global-color-5)","background-image":"","background-repeat":"repeat","background-position":"center center","background-size":"auto","background-attachment":"scroll","background-type":"","background-media":"","overlay-type":"","overlay-color":"","overlay-gradient":""},"mobile":{"background-color":"var(--ast-global-color-5)","background-image":"","background-repeat":"repeat","background-position":"center center","background-size":"auto","background-attachment":"scroll","background-type":"","background-media":"","overlay-type":"","overlay-color":"","overlay-gradient":""}},"footnotes":""},"categories":[17859,2224,989,18923,17785],"tags":[161149,4940,161148,70351,161150,3360],"class_list":["post-74378","post","type-post","status-publish","format-standard","hentry","category-historia-comparada","category-historia-local","category-historia-moderna","category-jaen","category-religion","tag-bernad-vincent","tag-enrique-gimenez-lopez","tag-lopez-arandia-maria-amparo","tag-luis-coronas-tejada","tag-stefania-nanni","tag-teofanes-egido-lopez"],"_links":{"self":[{"href":"https:\/\/www.deberes.net\/tesis\/wp-json\/wp\/v2\/posts\/74378","targetHints":{"allow":["GET"]}}],"collection":[{"href":"https:\/\/www.deberes.net\/tesis\/wp-json\/wp\/v2\/posts"}],"about":[{"href":"https:\/\/www.deberes.net\/tesis\/wp-json\/wp\/v2\/types\/post"}],"author":[{"embeddable":true,"href":"https:\/\/www.deberes.net\/tesis\/wp-json\/wp\/v2\/users\/1"}],"replies":[{"embeddable":true,"href":"https:\/\/www.deberes.net\/tesis\/wp-json\/wp\/v2\/comments?post=74378"}],"version-history":[{"count":0,"href":"https:\/\/www.deberes.net\/tesis\/wp-json\/wp\/v2\/posts\/74378\/revisions"}],"wp:attachment":[{"href":"https:\/\/www.deberes.net\/tesis\/wp-json\/wp\/v2\/media?parent=74378"}],"wp:term":[{"taxonomy":"category","embeddable":true,"href":"https:\/\/www.deberes.net\/tesis\/wp-json\/wp\/v2\/categories?post=74378"},{"taxonomy":"post_tag","embeddable":true,"href":"https:\/\/www.deberes.net\/tesis\/wp-json\/wp\/v2\/tags?post=74378"}],"curies":[{"name":"wp","href":"https:\/\/api.w.org\/{rel}","templated":true}]}}