{"id":74415,"date":"2005-08-06T00:00:00","date_gmt":"2005-08-06T00:00:00","guid":{"rendered":"https:\/\/www.deberes.net\/tesis\/sin-categoria\/variables-moduladoras-de-la-carga-en-cuidadores-de-personas-dependientes-el-papel-del-servicio-de-ayuda-a-domicilio\/"},"modified":"2005-08-06T00:00:00","modified_gmt":"2005-08-06T00:00:00","slug":"variables-moduladoras-de-la-carga-en-cuidadores-de-personas-dependientes-el-papel-del-servicio-de-ayuda-a-domicilio","status":"publish","type":"post","link":"https:\/\/www.deberes.net\/tesis\/psicologia\/variables-moduladoras-de-la-carga-en-cuidadores-de-personas-dependientes-el-papel-del-servicio-de-ayuda-a-domicilio\/","title":{"rendered":"Variables moduladoras de la carga en cuidadores de personas dependientes: el papel del servicio de ayuda a domicilio."},"content":{"rendered":"<h2>Tesis doctoral de <strong> Stephanie Carretero G\u00f3mez <\/strong><\/h2>\n<p>El cuidado de las personas dependientes es asumido en la mayor\u00eda de los casos por cuidadores informales. La propia naturaleza de la asistencia que requieren las personas dependientes &#8211; los cuidados de larga duraci\u00f3n &#8211; se ha asociado al desarrollo de procesos de estr\u00e9s y a  problemas de salud mental y f\u00edsica, denominados de forma gen\u00e9rica \u00abcarga del cuidador informal\u00bb. La situaci\u00f3n demogr\u00e1fica y epidemiol\u00f3gica actual que lleva asociada el envejecimiento de la poblaci\u00f3n y por lo tanto el aumento del n\u00famero de personas dependientes, convierte a estos cuidadores en un grupo de poblaci\u00f3n especialmente vulnerable que requiere soluciones de intervenci\u00f3n psicosocial.  se ha planteado en este sentido, como objetivo principal de este trabajo, estudiar las variables asociadas con la sobrecarga de cuidadores informales de personas dependientes, analizando de forma particular la eficacia del servicio de ayuda a domicilio (sad) &#8211; un servicio de respiro &#8211; en la reducci\u00f3n de la carga del cuidador informal.  Para ello, se seleccion\u00f3 una muestra a partir de usuarios y no usuarios del sad en la comunidad Valenciana, incluyendo en el estudio a sus cuidadores informales correspondientes. se realiz\u00f3 posteriormente un an\u00e1lisis exhaustivo de las caracter\u00edsticas de las personas dependientes, el cuidado informal y sus cuidadores, el servicio de ayuda a domicilio y de la carga de los cuidadores informales; para finalmente comparar a cuidadores de usuarios de sad y no usuarios de sad en su nivel de sobrecarga y variables asociadas.  los principales resultados obtenidos en esta investigaci\u00f3n se\u00f1alan que, entre las variables analizadas, los factores asociados a la propia enfermedad y situaci\u00f3n social de la persona dependiente son los que determinan en mayor medida la sobrecarga de los cuidadores informales. Asimismo, la mayor frecuencia y la intensa atenci\u00f3n invertida en el cuidado as\u00ed como la ausencia de ayuda de otras personas al cuidador infor<\/p>\n<p>&nbsp;<\/p>\n<h3>Datos acad\u00e9micos de la tesis doctoral \u00ab<strong>Variables moduladoras de la carga en cuidadores de personas dependientes: el papel del servicio de ayuda a domicilio.<\/strong>\u00ab<\/h3>\n<ul>\n<li><strong>T\u00edtulo de la tesis:<\/strong>\u00a0 Variables moduladoras de la carga en cuidadores de personas dependientes: el papel del servicio de ayuda a domicilio. <\/li>\n<li><strong>Autor:<\/strong>\u00a0 Stephanie Carretero G\u00f3mez <\/li>\n<li><strong>Universidad:<\/strong>\u00a0 Universitat de val\u00e9ncia (estudi general)<\/li>\n<li><strong>Fecha de lectura de la tesis:<\/strong>\u00a0 08\/06\/2005<\/li>\n<\/ul>\n<p>&nbsp;<\/p>\n<h3>Direcci\u00f3n y tribunal<\/h3>\n<ul>\n<li><strong>Director de la tesis<\/strong>\n<ul>\n<li>Estrella Dur\u00e1 Ferrandis<\/li>\n<\/ul>\n<\/li>\n<li><strong>Tribunal<\/strong>\n<ul>\n<li>Presidente del tribunal: elena Iba\u00f1ez guerra <\/li>\n<li>Antonio Gorri go\u00f1i (vocal)<\/li>\n<li>Jos\u00e9 Sanchez canovas (vocal)<\/li>\n<li>concepcion Lopez soler (vocal)<\/li>\n<\/ul>\n<\/li>\n<\/ul>\n<p>&nbsp;<\/p>\n","protected":false},"excerpt":{"rendered":"<p>Tesis doctoral de Stephanie Carretero G\u00f3mez El cuidado de las personas dependientes es asumido en la mayor\u00eda de los casos [&hellip;]<\/p>\n","protected":false},"author":1,"featured_media":0,"comment_status":"open","ping_status":"open","sticky":false,"template":"","format":"standard","meta":{"site-sidebar-layout":"default","site-content-layout":"","ast-site-content-layout":"","site-content-style":"default","site-sidebar-style":"default","ast-global-header-display":"","ast-banner-title-visibility":"","ast-main-header-display":"","ast-hfb-above-header-display":"","ast-hfb-below-header-display":"","ast-hfb-mobile-header-display":"","site-post-title":"","ast-breadcrumbs-content":"","ast-featured-img":"","footer-sml-layout":"","theme-transparent-header-meta":"","adv-header-id-meta":"","stick-header-meta":"","header-above-stick-meta":"","header-main-stick-meta":"","header-below-stick-meta":"","astra-migrate-meta-layouts":"default","ast-page-background-enabled":"default","ast-page-background-meta":{"desktop":{"background-color":"var(--ast-global-color-4)","background-image":"","background-repeat":"repeat","background-position":"center center","background-size":"auto","background-attachment":"scroll","background-type":"","background-media":"","overlay-type":"","overlay-color":"","overlay-gradient":""},"tablet":{"background-color":"","background-image":"","background-repeat":"repeat","background-position":"center center","background-size":"auto","background-attachment":"scroll","background-type":"","background-media":"","overlay-type":"","overlay-color":"","overlay-gradient":""},"mobile":{"background-color":"","background-image":"","background-repeat":"repeat","background-position":"center center","background-size":"auto","background-attachment":"scroll","background-type":"","background-media":"","overlay-type":"","overlay-color":"","overlay-gradient":""}},"ast-content-background-meta":{"desktop":{"background-color":"var(--ast-global-color-5)","background-image":"","background-repeat":"repeat","background-position":"center center","background-size":"auto","background-attachment":"scroll","background-type":"","background-media":"","overlay-type":"","overlay-color":"","overlay-gradient":""},"tablet":{"background-color":"var(--ast-global-color-5)","background-image":"","background-repeat":"repeat","background-position":"center center","background-size":"auto","background-attachment":"scroll","background-type":"","background-media":"","overlay-type":"","overlay-color":"","overlay-gradient":""},"mobile":{"background-color":"var(--ast-global-color-5)","background-image":"","background-repeat":"repeat","background-position":"center center","background-size":"auto","background-attachment":"scroll","background-type":"","background-media":"","overlay-type":"","overlay-color":"","overlay-gradient":""}},"footnotes":""},"categories":[6894,324],"tags":[120630,50738,2524,104372,20058,161212],"class_list":["post-74415","post","type-post","status-publish","format-standard","hentry","category-personalidad","category-psicologia","tag-antonio-gorri-goni","tag-concepcion-lopez-soler","tag-elena-ibanez-guerra","tag-estrella-dura-ferrandis","tag-jose-sanchez-canovas","tag-stephanie-carretero-gomez"],"_links":{"self":[{"href":"https:\/\/www.deberes.net\/tesis\/wp-json\/wp\/v2\/posts\/74415","targetHints":{"allow":["GET"]}}],"collection":[{"href":"https:\/\/www.deberes.net\/tesis\/wp-json\/wp\/v2\/posts"}],"about":[{"href":"https:\/\/www.deberes.net\/tesis\/wp-json\/wp\/v2\/types\/post"}],"author":[{"embeddable":true,"href":"https:\/\/www.deberes.net\/tesis\/wp-json\/wp\/v2\/users\/1"}],"replies":[{"embeddable":true,"href":"https:\/\/www.deberes.net\/tesis\/wp-json\/wp\/v2\/comments?post=74415"}],"version-history":[{"count":0,"href":"https:\/\/www.deberes.net\/tesis\/wp-json\/wp\/v2\/posts\/74415\/revisions"}],"wp:attachment":[{"href":"https:\/\/www.deberes.net\/tesis\/wp-json\/wp\/v2\/media?parent=74415"}],"wp:term":[{"taxonomy":"category","embeddable":true,"href":"https:\/\/www.deberes.net\/tesis\/wp-json\/wp\/v2\/categories?post=74415"},{"taxonomy":"post_tag","embeddable":true,"href":"https:\/\/www.deberes.net\/tesis\/wp-json\/wp\/v2\/tags?post=74415"}],"curies":[{"name":"wp","href":"https:\/\/api.w.org\/{rel}","templated":true}]}}