{"id":7444,"date":"1995-01-01T00:00:00","date_gmt":"1995-01-01T00:00:00","guid":{"rendered":"https:\/\/www.deberes.net\/tesis\/1995\/01\/01\/aspectos-psicosociales-de-la-demanda-y-uso-de-las-instalaciones-deportivas-en-funcion-del-tipo-de-practica\/"},"modified":"1995-01-01T00:00:00","modified_gmt":"1995-01-01T00:00:00","slug":"aspectos-psicosociales-de-la-demanda-y-uso-de-las-instalaciones-deportivas-en-funcion-del-tipo-de-practica","status":"publish","type":"post","link":"https:\/\/www.deberes.net\/tesis\/psicologia\/aspectos-psicosociales-de-la-demanda-y-uso-de-las-instalaciones-deportivas-en-funcion-del-tipo-de-practica\/","title":{"rendered":"Aspectos psicosociales de la demanda y uso de las instalaciones deportivas en funcion del tipo de practica."},"content":{"rendered":"<h2>Tesis doctoral de <strong> Vicente A\u00f1o Sanz <\/strong><\/h2>\n<p>La tesis esta dividida en ocho capitulos, ademas de una introduccion general y un anexo con el cuestionario utilizado en la investigacion. En los dos primeros se analizan las investigaciones realizadas sobre el comportamiento deportivo de los espa\u00f1oles y su relacion con la demanda y uso de las instalaciones, asi como la bibliografia publicada. En el tercero se expone la metodolog\u00eda utilizada en el proyecto y en los capitulos siguientes los resultados y las conclusiones. La tesis investiga los habitos y conductas de practica deportiva y de uso de las instalaciones en una muestra de deportistas cualificados de la comunidad Valenciana, su satisfaccion con el uso de las mismas y sus actitudes y preferencias frente a la politica de instalaciones deportivas, comparando sus resultados con una muestra general de poblacion.<\/p>\n<p>&nbsp;<\/p>\n<h3>Datos acad\u00e9micos de la tesis doctoral \u00ab<strong>Aspectos psicosociales de la demanda y uso de las instalaciones deportivas en funcion del tipo de practica.<\/strong>\u00ab<\/h3>\n<ul>\n<li><strong>T\u00edtulo de la tesis:<\/strong>\u00a0 Aspectos psicosociales de la demanda y uso de las instalaciones deportivas en funcion del tipo de practica. <\/li>\n<li><strong>Autor:<\/strong>\u00a0 Vicente A\u00f1o Sanz <\/li>\n<li><strong>Universidad:<\/strong>\u00a0 Universitat de val\u00e9ncia (estudi general)<\/li>\n<li><strong>Fecha de lectura de la tesis:<\/strong>\u00a0 01\/01\/1995<\/li>\n<\/ul>\n<p>&nbsp;<\/p>\n<h3>Direcci\u00f3n y tribunal<\/h3>\n<ul>\n<li><strong>Director de la tesis<\/strong>\n<ul>\n<li>Jos\u00e9 Mar\u00eda Peir\u00f3 Silla<\/li>\n<\/ul>\n<\/li>\n<li><strong>Tribunal<\/strong>\n<ul>\n<li>Presidente del tribunal: Heliodoro Carpintero Capell <\/li>\n<li>Mar\u00eda  Victoria Del Barrio G\u00e1ndara (vocal)<\/li>\n<li>Manuel Garc\u00eda Ferrando (vocal)<\/li>\n<li>Gonzalo Musitu Ochoa (vocal)<\/li>\n<\/ul>\n<\/li>\n<\/ul>\n<p>&nbsp;<\/p>\n","protected":false},"excerpt":{"rendered":"<p>Tesis doctoral de Vicente A\u00f1o Sanz La tesis esta dividida en ocho capitulos, ademas de una introduccion general y un [&hellip;]<\/p>\n","protected":false},"author":1,"featured_media":0,"comment_status":"open","ping_status":"open","sticky":false,"template":"","format":"standard","meta":{"site-sidebar-layout":"default","site-content-layout":"","ast-site-content-layout":"","site-content-style":"default","site-sidebar-style":"default","ast-global-header-display":"","ast-banner-title-visibility":"","ast-main-header-display":"","ast-hfb-above-header-display":"","ast-hfb-below-header-display":"","ast-hfb-mobile-header-display":"","site-post-title":"","ast-breadcrumbs-content":"","ast-featured-img":"","footer-sml-layout":"","theme-transparent-header-meta":"","adv-header-id-meta":"","stick-header-meta":"","header-above-stick-meta":"","header-main-stick-meta":"","header-below-stick-meta":"","astra-migrate-meta-layouts":"default","ast-page-background-enabled":"default","ast-page-background-meta":{"desktop":{"background-color":"var(--ast-global-color-4)","background-image":"","background-repeat":"repeat","background-position":"center center","background-size":"auto","background-attachment":"scroll","background-type":"","background-media":"","overlay-type":"","overlay-color":"","overlay-gradient":""},"tablet":{"background-color":"","background-image":"","background-repeat":"repeat","background-position":"center center","background-size":"auto","background-attachment":"scroll","background-type":"","background-media":"","overlay-type":"","overlay-color":"","overlay-gradient":""},"mobile":{"background-color":"","background-image":"","background-repeat":"repeat","background-position":"center center","background-size":"auto","background-attachment":"scroll","background-type":"","background-media":"","overlay-type":"","overlay-color":"","overlay-gradient":""}},"ast-content-background-meta":{"desktop":{"background-color":"var(--ast-global-color-5)","background-image":"","background-repeat":"repeat","background-position":"center center","background-size":"auto","background-attachment":"scroll","background-type":"","background-media":"","overlay-type":"","overlay-color":"","overlay-gradient":""},"tablet":{"background-color":"var(--ast-global-color-5)","background-image":"","background-repeat":"repeat","background-position":"center center","background-size":"auto","background-attachment":"scroll","background-type":"","background-media":"","overlay-type":"","overlay-color":"","overlay-gradient":""},"mobile":{"background-color":"var(--ast-global-color-5)","background-image":"","background-repeat":"repeat","background-position":"center center","background-size":"auto","background-attachment":"scroll","background-type":"","background-media":"","overlay-type":"","overlay-color":"","overlay-gradient":""}},"footnotes":""},"categories":[7757,10512,324,996],"tags":[11387,9338,7129,5499,11445,26817],"class_list":["post-7444","post","type-post","status-publish","format-standard","hentry","category-actitudes-sociales","category-percepciones-y-movimientos-sociales","category-psicologia","category-psicologia-social","tag-gonzalo-musitu-ochoa","tag-heliodoro-carpintero-capell","tag-jose-maria-peiro-silla","tag-manuel-garcia-ferrando","tag-maria-victoria-del-barrio-gandara","tag-vicente-ano-sanz"],"_links":{"self":[{"href":"https:\/\/www.deberes.net\/tesis\/wp-json\/wp\/v2\/posts\/7444","targetHints":{"allow":["GET"]}}],"collection":[{"href":"https:\/\/www.deberes.net\/tesis\/wp-json\/wp\/v2\/posts"}],"about":[{"href":"https:\/\/www.deberes.net\/tesis\/wp-json\/wp\/v2\/types\/post"}],"author":[{"embeddable":true,"href":"https:\/\/www.deberes.net\/tesis\/wp-json\/wp\/v2\/users\/1"}],"replies":[{"embeddable":true,"href":"https:\/\/www.deberes.net\/tesis\/wp-json\/wp\/v2\/comments?post=7444"}],"version-history":[{"count":0,"href":"https:\/\/www.deberes.net\/tesis\/wp-json\/wp\/v2\/posts\/7444\/revisions"}],"wp:attachment":[{"href":"https:\/\/www.deberes.net\/tesis\/wp-json\/wp\/v2\/media?parent=7444"}],"wp:term":[{"taxonomy":"category","embeddable":true,"href":"https:\/\/www.deberes.net\/tesis\/wp-json\/wp\/v2\/categories?post=7444"},{"taxonomy":"post_tag","embeddable":true,"href":"https:\/\/www.deberes.net\/tesis\/wp-json\/wp\/v2\/tags?post=7444"}],"curies":[{"name":"wp","href":"https:\/\/api.w.org\/{rel}","templated":true}]}}