{"id":74450,"date":"2005-09-06T00:00:00","date_gmt":"2005-09-06T00:00:00","guid":{"rendered":"https:\/\/www.deberes.net\/tesis\/sin-categoria\/gen-pten-y-arn-tumoral-en-plasma-en-pacientes-con-cancer-de-colon-analisis-molecular-y-pronostico\/"},"modified":"2005-09-06T00:00:00","modified_gmt":"2005-09-06T00:00:00","slug":"gen-pten-y-arn-tumoral-en-plasma-en-pacientes-con-cancer-de-colon-analisis-molecular-y-pronostico","status":"publish","type":"post","link":"https:\/\/www.deberes.net\/tesis\/gastroenterologia\/gen-pten-y-arn-tumoral-en-plasma-en-pacientes-con-cancer-de-colon-analisis-molecular-y-pronostico\/","title":{"rendered":"Gen pten y arn tumoral en plasma en pacientes con cancer de colon. analisis molecular y pronostico"},"content":{"rendered":"<h2>Tesis doctoral de <strong> Concepcion Mu\u00f1oz Rosas <\/strong><\/h2>\n<p>1.\tLas perdidas al\u00e9licas en la regi\u00f3n 10q23, donde se localiza el gen pten, se detectaron en el 31.1% de los pacientes con cc espor\u00e1dico. Esta alta tasa de presentaci\u00f3n sugiere que este gen pueda estar involucrado en la patog\u00e9nesis de la enfermedad.  2.\tNo hemos encontrado relaci\u00f3n entre perdidas al\u00e9licas en la regi\u00f3n 10q23 y las caracter\u00edsticas cl\u00ednicas de los pacientes e histopatol\u00f3gicas de los tumores analizados.  3.\tLa tasa de reca\u00eddas se relaciono de forma significativa con la perdida de heterocigosidad en la regi\u00f3n 10q23. Esta correlaci\u00f3n se mantiene significativamente en los estadios precoces.  4.\tEl an\u00e1lisis de supervivencia libre de enfermedad evidencio una diferencia claramente significativa entre los individuos con perdida de heterocigosidad y aquellas que no la presentaban. Esta correlaci\u00f3n se manten\u00eda de forma estad\u00edsticamente significativa en los estadios patol\u00f3gicos i yii. Las perdidas al\u00e9licas se comportaron como un valor pronostico independiente junto con el estadio ii. 5.\tLa supervivencia global igualmente, evidenci\u00f3 una diferencia claramente significativa entre los individuos con perdidas al\u00e9licas y aquellos que no las presentaban. Esta correlaci\u00f3n se manten\u00eda de forma significativa en los estadios precoces. Esta significaci\u00f3n fue equiparable a la ofrecida por afectaci\u00f3n ganglionar y estadios avanzados.  6.\tLa  metilaci\u00f3n de la regi\u00f3n promotora de pten constituye un hecho relativamente frecuente en el cc  espor\u00e1dico detect\u00e1ndose en el 16.7% de los tumores. No observamos relaciones significativas con las caracter\u00edsticas cl\u00ednicas de los pacientes ni las histol\u00f3gicas de los tumores.  7.\tEn el estudio conjunto de la metilaci\u00f3n del promotor de pten y las perdidas de heterocigosidad en la regi\u00f3n 10q23 no se observo relaci\u00f3n con las variables cl\u00ednicas y solo se asocio de forma estad\u00edsticamente significativa con el sexo femenino. 8.\tCon respecto a la supervivencia libre de enfermedad y a la supervivencia global, se encontr\u00f3 una relaci\u00f3n significativa con la asociaci\u00f3n concomitante de perdidas de heterocigosidad en 10q23 y metilaci\u00f3n del promotor de pten. 9.\tArn libre extracelular relacionado con el tumor se detecto en el plasma de los pacientes con cc en un alto porcentaje. Este interesante hallazgo molecular, permite establecer estudios con finalidad pronostica. 10.\tSu presencia se asoci\u00f3 significativamente con estadios avanzados y con la determinaci\u00f3n de c\u00e9lulas tumorales circulantes.  11.\tNo se encontr\u00f3 relaci\u00f3n estad\u00edsticamente significativa entre supervivencia libre de enfermedad, supervivencia global y presencia de arn plasm\u00e1tico de origen tumoral. Curiosamente, la ausencia de arn circulante se asociaba con mayor supervivencia libre de enfermedad y supervivencia global.<\/p>\n<p>&nbsp;<\/p>\n<h3>Datos acad\u00e9micos de la tesis doctoral \u00ab<strong>Gen pten y arn tumoral en plasma en pacientes con cancer de colon. analisis molecular y pronostico<\/strong>\u00ab<\/h3>\n<ul>\n<li><strong>T\u00edtulo de la tesis:<\/strong>\u00a0 Gen pten y arn tumoral en plasma en pacientes con cancer de colon. analisis molecular y pronostico <\/li>\n<li><strong>Autor:<\/strong>\u00a0 Concepcion Mu\u00f1oz Rosas <\/li>\n<li><strong>Universidad:<\/strong>\u00a0 Alcal\u00e1<\/li>\n<li><strong>Fecha de lectura de la tesis:<\/strong>\u00a0 09\/06\/2005<\/li>\n<\/ul>\n<p>&nbsp;<\/p>\n<h3>Direcci\u00f3n y tribunal<\/h3>\n<ul>\n<li><strong>Director de la tesis<\/strong>\n<ul>\n<li>Agust\u00edn Albillos Mart\u00ednez<\/li>\n<\/ul>\n<\/li>\n<li><strong>Tribunal<\/strong>\n<ul>\n<li>Presidente del tribunal: Francisco Zaragoza garcia <\/li>\n<li>pilar Espa\u00f1a saz (vocal)<\/li>\n<li>Luis Abreu garcia (vocal)<\/li>\n<li>Juan Cortes Martinez (vocal)<\/li>\n<\/ul>\n<\/li>\n<\/ul>\n<p>&nbsp;<\/p>\n","protected":false},"excerpt":{"rendered":"<p>Tesis doctoral de Concepcion Mu\u00f1oz Rosas 1. Las perdidas al\u00e9licas en la regi\u00f3n 10q23, donde se localiza el gen pten, [&hellip;]<\/p>\n","protected":false},"author":1,"featured_media":0,"comment_status":"open","ping_status":"open","sticky":false,"template":"","format":"standard","meta":{"site-sidebar-layout":"default","site-content-layout":"","ast-site-content-layout":"","site-content-style":"default","site-sidebar-style":"default","ast-global-header-display":"","ast-banner-title-visibility":"","ast-main-header-display":"","ast-hfb-above-header-display":"","ast-hfb-below-header-display":"","ast-hfb-mobile-header-display":"","site-post-title":"","ast-breadcrumbs-content":"","ast-featured-img":"","footer-sml-layout":"","theme-transparent-header-meta":"","adv-header-id-meta":"","stick-header-meta":"","header-above-stick-meta":"","header-main-stick-meta":"","header-below-stick-meta":"","astra-migrate-meta-layouts":"default","ast-page-background-enabled":"default","ast-page-background-meta":{"desktop":{"background-color":"var(--ast-global-color-4)","background-image":"","background-repeat":"repeat","background-position":"center center","background-size":"auto","background-attachment":"scroll","background-type":"","background-media":"","overlay-type":"","overlay-color":"","overlay-gradient":""},"tablet":{"background-color":"","background-image":"","background-repeat":"repeat","background-position":"center center","background-size":"auto","background-attachment":"scroll","background-type":"","background-media":"","overlay-type":"","overlay-color":"","overlay-gradient":""},"mobile":{"background-color":"","background-image":"","background-repeat":"repeat","background-position":"center center","background-size":"auto","background-attachment":"scroll","background-type":"","background-media":"","overlay-type":"","overlay-color":"","overlay-gradient":""}},"ast-content-background-meta":{"desktop":{"background-color":"var(--ast-global-color-5)","background-image":"","background-repeat":"repeat","background-position":"center center","background-size":"auto","background-attachment":"scroll","background-type":"","background-media":"","overlay-type":"","overlay-color":"","overlay-gradient":""},"tablet":{"background-color":"var(--ast-global-color-5)","background-image":"","background-repeat":"repeat","background-position":"center center","background-size":"auto","background-attachment":"scroll","background-type":"","background-media":"","overlay-type":"","overlay-color":"","overlay-gradient":""},"mobile":{"background-color":"var(--ast-global-color-5)","background-image":"","background-repeat":"repeat","background-position":"center center","background-size":"auto","background-attachment":"scroll","background-type":"","background-media":"","overlay-type":"","overlay-color":"","overlay-gradient":""}},"footnotes":""},"categories":[17426,491,1027],"tags":[31696,161279,4080,64702,31858,58052],"class_list":["post-74450","post","type-post","status-publish","format-standard","hentry","category-alcala","category-gastroenterologia","category-oncologia","tag-agustin-albillos-Martinez","tag-concepcion-munoz-rosas","tag-francisco-zaragoza-garcia","tag-juan-cortes-Martinez","tag-luis-abreu-garcia","tag-pilar-espana-saz"],"_links":{"self":[{"href":"https:\/\/www.deberes.net\/tesis\/wp-json\/wp\/v2\/posts\/74450","targetHints":{"allow":["GET"]}}],"collection":[{"href":"https:\/\/www.deberes.net\/tesis\/wp-json\/wp\/v2\/posts"}],"about":[{"href":"https:\/\/www.deberes.net\/tesis\/wp-json\/wp\/v2\/types\/post"}],"author":[{"embeddable":true,"href":"https:\/\/www.deberes.net\/tesis\/wp-json\/wp\/v2\/users\/1"}],"replies":[{"embeddable":true,"href":"https:\/\/www.deberes.net\/tesis\/wp-json\/wp\/v2\/comments?post=74450"}],"version-history":[{"count":0,"href":"https:\/\/www.deberes.net\/tesis\/wp-json\/wp\/v2\/posts\/74450\/revisions"}],"wp:attachment":[{"href":"https:\/\/www.deberes.net\/tesis\/wp-json\/wp\/v2\/media?parent=74450"}],"wp:term":[{"taxonomy":"category","embeddable":true,"href":"https:\/\/www.deberes.net\/tesis\/wp-json\/wp\/v2\/categories?post=74450"},{"taxonomy":"post_tag","embeddable":true,"href":"https:\/\/www.deberes.net\/tesis\/wp-json\/wp\/v2\/tags?post=74450"}],"curies":[{"name":"wp","href":"https:\/\/api.w.org\/{rel}","templated":true}]}}