{"id":74519,"date":"2005-11-06T00:00:00","date_gmt":"2005-11-06T00:00:00","guid":{"rendered":"https:\/\/www.deberes.net\/tesis\/sin-categoria\/el-fagot-en-extremadura-aportaciones-a-la-investigacion-sobre-su-genealoga%c2%ada-historico-evolutiva-y-su-tecnica-propuesta-didactica-y-pedagogica-para-la-ensenanza-del-mismo\/"},"modified":"2005-11-06T00:00:00","modified_gmt":"2005-11-06T00:00:00","slug":"el-fagot-en-extremadura-aportaciones-a-la-investigacion-sobre-su-genealoga%c2%ada-historico-evolutiva-y-su-tecnica-propuesta-didactica-y-pedagogica-para-la-ensenanza-del-mismo","status":"publish","type":"post","link":"https:\/\/www.deberes.net\/tesis\/extremadura\/el-fagot-en-extremadura-aportaciones-a-la-investigacion-sobre-su-genealoga%c2%ada-historico-evolutiva-y-su-tecnica-propuesta-didactica-y-pedagogica-para-la-ensenanza-del-mismo\/","title":{"rendered":"El fagot en extremadura. aportaciones a la investigaci\u00f3n sobre su genealogia hist\u00f3rico-evolutiva y su t\u00e9cnica propuesta did\u00e1ctica y pedag\u00f3gica para la ense\u00f1anza del mismo"},"content":{"rendered":"<h2>Tesis doctoral de <strong> Jos\u00e9 Ram\u00f3n P\u00e9rez Mestre <\/strong><\/h2>\n<p>Contribuci\u00f3n a la investigaci\u00f3n sobre la genealog\u00eda hist\u00f3rico-evolutiva del fagot y su t\u00e9cnica: su evoluci\u00f3n a trav\u00e9s de la historia (siglos xvi al xviii-phagotum, curtall, fagott, bombardas, chirimias, pommer, baj\u00f3n y bajoncillos-), antecedentes; otros antecesores del fagot; desarrollo del fagot moderno (sistemas franc\u00e9s y alem\u00e1n); el contrafagot; evoluci\u00f3n hist\u00f3rica de los estilos y la escritura musical, escuelas; el fagot en los diferentes tipos de instrumentaci\u00f3n; el estilo y la t\u00e9cnica interpretativa del repertorio, literatura espec\u00edfica; t\u00e9cnica base, la ca\u00f1a (o doble leng\u00ed\u00bceta), montaje, respiraci\u00f3n, embocadura, posici\u00f3n, articulaci\u00f3n, digitaci\u00f3n, a finaci\u00f3n y emisi\u00f3n del sonido.     propuesta did\u00e1ctica y pedag\u00f3gica para la ense\u00f1anza del mismo: en la primera etapa de la investigaci\u00f3n se realiza un an\u00e1lisis de todas las tendencias y metodolog\u00edas pedag\u00f3gicas, y a partir de ellas se realiza una propuesta did\u00e1ctica y pedag\u00f3gica para la ense\u00f1anza del fagot: material curricular en base a su puesta en pr\u00e1ctica en centros de ense\u00f1anza.<\/p>\n<p>&nbsp;<\/p>\n<h3>Datos acad\u00e9micos de la tesis doctoral \u00ab<strong>El fagot en extremadura. aportaciones a la investigaci\u00f3n sobre su genealogia hist\u00f3rico-evolutiva y su t\u00e9cnica propuesta did\u00e1ctica y pedag\u00f3gica para la ense\u00f1anza del mismo<\/strong>\u00ab<\/h3>\n<ul>\n<li><strong>T\u00edtulo de la tesis:<\/strong>\u00a0 El fagot en extremadura. aportaciones a la investigaci\u00f3n sobre su genealogia hist\u00f3rico-evolutiva y su t\u00e9cnica propuesta did\u00e1ctica y pedag\u00f3gica para la ense\u00f1anza del mismo <\/li>\n<li><strong>Autor:<\/strong>\u00a0 Jos\u00e9 Ram\u00f3n P\u00e9rez Mestre <\/li>\n<li><strong>Universidad:<\/strong>\u00a0 Extremadura<\/li>\n<li><strong>Fecha de lectura de la tesis:<\/strong>\u00a0 11\/06\/2005<\/li>\n<\/ul>\n<p>&nbsp;<\/p>\n<h3>Direcci\u00f3n y tribunal<\/h3>\n<ul>\n<li><strong>Director de la tesis<\/strong>\n<ul>\n<li>M\u00aa Pilar Barrios Manzano<\/li>\n<\/ul>\n<\/li>\n<li><strong>Tribunal<\/strong>\n<ul>\n<li>Presidente del tribunal: Jos\u00e9 ignacio Palacios sanz <\/li>\n<li>maravillas Diaz gomez (vocal)<\/li>\n<li>\u00c1lvaro Zaldivar gracia (vocal)<\/li>\n<li>rosario Guerra iglesias (vocal)<\/li>\n<\/ul>\n<\/li>\n<\/ul>\n<p>&nbsp;<\/p>\n","protected":false},"excerpt":{"rendered":"<p>Tesis doctoral de Jos\u00e9 Ram\u00f3n P\u00e9rez Mestre Contribuci\u00f3n a la investigaci\u00f3n sobre la genealog\u00eda hist\u00f3rico-evolutiva del fagot y su t\u00e9cnica: [&hellip;]<\/p>\n","protected":false},"author":1,"featured_media":0,"comment_status":"open","ping_status":"open","sticky":false,"template":"","format":"standard","meta":{"site-sidebar-layout":"default","site-content-layout":"","ast-site-content-layout":"","site-content-style":"default","site-sidebar-style":"default","ast-global-header-display":"","ast-banner-title-visibility":"","ast-main-header-display":"","ast-hfb-above-header-display":"","ast-hfb-below-header-display":"","ast-hfb-mobile-header-display":"","site-post-title":"","ast-breadcrumbs-content":"","ast-featured-img":"","footer-sml-layout":"","theme-transparent-header-meta":"","adv-header-id-meta":"","stick-header-meta":"","header-above-stick-meta":"","header-main-stick-meta":"","header-below-stick-meta":"","astra-migrate-meta-layouts":"default","ast-page-background-enabled":"default","ast-page-background-meta":{"desktop":{"background-color":"var(--ast-global-color-4)","background-image":"","background-repeat":"repeat","background-position":"center center","background-size":"auto","background-attachment":"scroll","background-type":"","background-media":"","overlay-type":"","overlay-color":"","overlay-gradient":""},"tablet":{"background-color":"","background-image":"","background-repeat":"repeat","background-position":"center center","background-size":"auto","background-attachment":"scroll","background-type":"","background-media":"","overlay-type":"","overlay-color":"","overlay-gradient":""},"mobile":{"background-color":"","background-image":"","background-repeat":"repeat","background-position":"center center","background-size":"auto","background-attachment":"scroll","background-type":"","background-media":"","overlay-type":"","overlay-color":"","overlay-gradient":""}},"ast-content-background-meta":{"desktop":{"background-color":"var(--ast-global-color-5)","background-image":"","background-repeat":"repeat","background-position":"center center","background-size":"auto","background-attachment":"scroll","background-type":"","background-media":"","overlay-type":"","overlay-color":"","overlay-gradient":""},"tablet":{"background-color":"var(--ast-global-color-5)","background-image":"","background-repeat":"repeat","background-position":"center center","background-size":"auto","background-attachment":"scroll","background-type":"","background-media":"","overlay-type":"","overlay-color":"","overlay-gradient":""},"mobile":{"background-color":"var(--ast-global-color-5)","background-image":"","background-repeat":"repeat","background-position":"center center","background-size":"auto","background-attachment":"scroll","background-type":"","background-media":"","overlay-type":"","overlay-color":"","overlay-gradient":""}},"footnotes":""},"categories":[949,30902,9132],"tags":[59870,49182,161397,54870,54872,120824],"class_list":["post-74519","post","type-post","status-publish","format-standard","hentry","category-extremadura","category-fisica-de-la-musica","category-musica-y-musicologia","tag-alvaro-zaldivar-gracia","tag-jose-ignacio-palacios-sanz","tag-jose-ramon-perez-mestre","tag-maravillas-diaz-gomez","tag-ma-pilar-barrios-manzano","tag-rosario-guerra-iglesias"],"_links":{"self":[{"href":"https:\/\/www.deberes.net\/tesis\/wp-json\/wp\/v2\/posts\/74519","targetHints":{"allow":["GET"]}}],"collection":[{"href":"https:\/\/www.deberes.net\/tesis\/wp-json\/wp\/v2\/posts"}],"about":[{"href":"https:\/\/www.deberes.net\/tesis\/wp-json\/wp\/v2\/types\/post"}],"author":[{"embeddable":true,"href":"https:\/\/www.deberes.net\/tesis\/wp-json\/wp\/v2\/users\/1"}],"replies":[{"embeddable":true,"href":"https:\/\/www.deberes.net\/tesis\/wp-json\/wp\/v2\/comments?post=74519"}],"version-history":[{"count":0,"href":"https:\/\/www.deberes.net\/tesis\/wp-json\/wp\/v2\/posts\/74519\/revisions"}],"wp:attachment":[{"href":"https:\/\/www.deberes.net\/tesis\/wp-json\/wp\/v2\/media?parent=74519"}],"wp:term":[{"taxonomy":"category","embeddable":true,"href":"https:\/\/www.deberes.net\/tesis\/wp-json\/wp\/v2\/categories?post=74519"},{"taxonomy":"post_tag","embeddable":true,"href":"https:\/\/www.deberes.net\/tesis\/wp-json\/wp\/v2\/tags?post=74519"}],"curies":[{"name":"wp","href":"https:\/\/api.w.org\/{rel}","templated":true}]}}