{"id":74521,"date":"2005-12-06T00:00:00","date_gmt":"2005-12-06T00:00:00","guid":{"rendered":"https:\/\/www.deberes.net\/tesis\/sin-categoria\/el-grupo-formativo-como-metodo-para-la-intervencion-comunitaria-sobre-los-malestares-de-la-vida-cotidiana\/"},"modified":"2005-12-06T00:00:00","modified_gmt":"2005-12-06T00:00:00","slug":"el-grupo-formativo-como-metodo-para-la-intervencion-comunitaria-sobre-los-malestares-de-la-vida-cotidiana","status":"publish","type":"post","link":"https:\/\/www.deberes.net\/tesis\/psicologia\/el-grupo-formativo-como-metodo-para-la-intervencion-comunitaria-sobre-los-malestares-de-la-vida-cotidiana\/","title":{"rendered":"El grupo formativo como metodo para la intervenci\u00f3n comunitaria sobre los malestares de la vida cotidiana"},"content":{"rendered":"<h2>Tesis doctoral de <strong>  Cucco Garc\u00eda Mirtha Susana <\/strong><\/h2>\n<p>El objetivo de este trabajo doctoral es describir, fundamentar y valorar la metodolog\u00eda de los procesos correctores comunitarios. Esta concepci\u00f3n metodol\u00f3gica se centra especialmente en la atenci\u00f3n de los malestares de la vida cotidiana (..\u00bbAquellos que la gente sufre, y que habitualmente no analiza, ni cuestiona porque los considera normales. Estos no generan demanda expl\u00edcita, no tienen interlocutor v\u00e1lido, ni campo espec\u00edfico de intervenci\u00f3n, aunque conllevan altos costos en la salud y el bienestar de la poblaci\u00f3n..\u00bb). Es fruto de una pr\u00e1ctica profesional en el \u00e1mbito de la intervenci\u00f3n comunitaria, conjugada con la investigaci\u00f3n permanente y las tareas de sistematizaci\u00f3n te\u00f3rica, de m\u00e1s de treinta a\u00f1os.  se describe el planteamiento metodol\u00f3gico general con sus aportes originales, centr\u00e1ndose especialmente en el m\u00e9todo de intervenci\u00f3n propio, el grupo formativo.  la finalidad espec\u00edfica de este m\u00e9todo apunta a conseguir grados de independencia de lo imaginario social instituido, operando en el nivel de los procesos de g\u00e9nesis y neog\u00e9nesis del sujeto, pero diferenci\u00e1ndose de un abordaje terap\u00e9utico propiamente dicho.  enriquece el campo de conocimientos del psicoan\u00e1lisis, en el \u00e1mbito de nuevas aplicaciones abriendo promisorias perspectivas en su relaci\u00f3n con las ciencias sociales y de la salud.<\/p>\n<p>&nbsp;<\/p>\n<h3>Datos acad\u00e9micos de la tesis doctoral \u00ab<strong>El grupo formativo como metodo para la intervenci\u00f3n comunitaria sobre los malestares de la vida cotidiana<\/strong>\u00ab<\/h3>\n<ul>\n<li><strong>T\u00edtulo de la tesis:<\/strong>\u00a0 El grupo formativo como metodo para la intervenci\u00f3n comunitaria sobre los malestares de la vida cotidiana <\/li>\n<li><strong>Autor:<\/strong>\u00a0  Cucco Garc\u00eda Mirtha Susana <\/li>\n<li><strong>Universidad:<\/strong>\u00a0 Complutense de Madrid<\/li>\n<li><strong>Fecha de lectura de la tesis:<\/strong>\u00a0 12\/06\/2005<\/li>\n<\/ul>\n<p>&nbsp;<\/p>\n<h3>Direcci\u00f3n y tribunal<\/h3>\n<ul>\n<li><strong>Director de la tesis<\/strong>\n<ul>\n<li>Gerardo Gutierrez Sanchez<\/li>\n<\/ul>\n<\/li>\n<li><strong>Tribunal<\/strong>\n<ul>\n<li>Presidente del tribunal: alejandro Avila espada <\/li>\n<li> Mitjavilla i garcia merce (vocal)<\/li>\n<li>pere Noto brullas (vocal)<\/li>\n<li>amparo Caballero gonzalez (vocal)<\/li>\n<\/ul>\n<\/li>\n<\/ul>\n<p>&nbsp;<\/p>\n","protected":false},"excerpt":{"rendered":"<p>Tesis doctoral de Cucco Garc\u00eda Mirtha Susana El objetivo de este trabajo doctoral es describir, fundamentar y valorar la metodolog\u00eda [&hellip;]<\/p>\n","protected":false},"author":1,"featured_media":0,"comment_status":"open","ping_status":"open","sticky":false,"template":"","format":"standard","meta":{"site-sidebar-layout":"default","site-content-layout":"","ast-site-content-layout":"","site-content-style":"default","site-sidebar-style":"default","ast-global-header-display":"","ast-banner-title-visibility":"","ast-main-header-display":"","ast-hfb-above-header-display":"","ast-hfb-below-header-display":"","ast-hfb-mobile-header-display":"","site-post-title":"","ast-breadcrumbs-content":"","ast-featured-img":"","footer-sml-layout":"","theme-transparent-header-meta":"","adv-header-id-meta":"","stick-header-meta":"","header-above-stick-meta":"","header-main-stick-meta":"","header-below-stick-meta":"","astra-migrate-meta-layouts":"default","ast-page-background-enabled":"default","ast-page-background-meta":{"desktop":{"background-color":"var(--ast-global-color-4)","background-image":"","background-repeat":"repeat","background-position":"center center","background-size":"auto","background-attachment":"scroll","background-type":"","background-media":"","overlay-type":"","overlay-color":"","overlay-gradient":""},"tablet":{"background-color":"","background-image":"","background-repeat":"repeat","background-position":"center center","background-size":"auto","background-attachment":"scroll","background-type":"","background-media":"","overlay-type":"","overlay-color":"","overlay-gradient":""},"mobile":{"background-color":"","background-image":"","background-repeat":"repeat","background-position":"center center","background-size":"auto","background-attachment":"scroll","background-type":"","background-media":"","overlay-type":"","overlay-color":"","overlay-gradient":""}},"ast-content-background-meta":{"desktop":{"background-color":"var(--ast-global-color-5)","background-image":"","background-repeat":"repeat","background-position":"center center","background-size":"auto","background-attachment":"scroll","background-type":"","background-media":"","overlay-type":"","overlay-color":"","overlay-gradient":""},"tablet":{"background-color":"var(--ast-global-color-5)","background-image":"","background-repeat":"repeat","background-position":"center center","background-size":"auto","background-attachment":"scroll","background-type":"","background-media":"","overlay-type":"","overlay-color":"","overlay-gradient":""},"mobile":{"background-color":"var(--ast-global-color-5)","background-image":"","background-repeat":"repeat","background-position":"center center","background-size":"auto","background-attachment":"scroll","background-type":"","background-media":"","overlay-type":"","overlay-color":"","overlay-gradient":""}},"footnotes":""},"categories":[7292,324,440],"tags":[7073,161402,161400,32437,161401,115771],"class_list":["post-74521","post","type-post","status-publish","format-standard","hentry","category-metodologia-psicologica","category-psicologia","category-psicologia-general","tag-alejandro-avila-espada","tag-amparo-caballero-gonzalez","tag-cucco-garcia-mirtha-susana","tag-gerardo-gutierrez-sanchez","tag-mitjavilla-i-garcia-merce","tag-pere-noto-brullas"],"_links":{"self":[{"href":"https:\/\/www.deberes.net\/tesis\/wp-json\/wp\/v2\/posts\/74521","targetHints":{"allow":["GET"]}}],"collection":[{"href":"https:\/\/www.deberes.net\/tesis\/wp-json\/wp\/v2\/posts"}],"about":[{"href":"https:\/\/www.deberes.net\/tesis\/wp-json\/wp\/v2\/types\/post"}],"author":[{"embeddable":true,"href":"https:\/\/www.deberes.net\/tesis\/wp-json\/wp\/v2\/users\/1"}],"replies":[{"embeddable":true,"href":"https:\/\/www.deberes.net\/tesis\/wp-json\/wp\/v2\/comments?post=74521"}],"version-history":[{"count":0,"href":"https:\/\/www.deberes.net\/tesis\/wp-json\/wp\/v2\/posts\/74521\/revisions"}],"wp:attachment":[{"href":"https:\/\/www.deberes.net\/tesis\/wp-json\/wp\/v2\/media?parent=74521"}],"wp:term":[{"taxonomy":"category","embeddable":true,"href":"https:\/\/www.deberes.net\/tesis\/wp-json\/wp\/v2\/categories?post=74521"},{"taxonomy":"post_tag","embeddable":true,"href":"https:\/\/www.deberes.net\/tesis\/wp-json\/wp\/v2\/tags?post=74521"}],"curies":[{"name":"wp","href":"https:\/\/api.w.org\/{rel}","templated":true}]}}