{"id":74522,"date":"2018-03-09T23:19:36","date_gmt":"2018-03-09T23:19:36","guid":{"rendered":"https:\/\/www.deberes.net\/tesis\/sin-categoria\/el-contexto-arqueologico-del-arte-levantino-en-el-riu-de-les-coves-castellon\/"},"modified":"2018-03-09T23:19:36","modified_gmt":"2018-03-09T23:19:36","slug":"el-contexto-arqueologico-del-arte-levantino-en-el-riu-de-les-coves-castellon","status":"publish","type":"post","link":"https:\/\/www.deberes.net\/tesis\/historia\/el-contexto-arqueologico-del-arte-levantino-en-el-riu-de-les-coves-castellon\/","title":{"rendered":"El contexto arqueol\u00f3gico del arte levantino en el riu de les coves castell\u00f3n"},"content":{"rendered":"<h2>Tesis doctoral de <strong>  Fern\u00e1ndez L\u00f3pez De Pablo Javier <\/strong><\/h2>\n<p>El presente trabajo aborda la contextualizaci\u00f3n arqueol\u00f3gica del arte levantino en uno de los n\u00facleos de arte rupestre m\u00e1s importantes del arco mediterr\u00e1neo espa\u00f1ol: el riu de les coves , en el maesrazgo castellonense. Los resultados se integran en un porgrama de investigaci\u00f3n m\u00e1s amplio que tiene por objeto el estudio y contextualizaci\u00f3n del arte ruprestre en el \u00e1rea de estudio desde un enfoque regional. En este sentido el estudio de la secuencia arqueol\u00f3gica y de la evoluci\u00f3n del poblamiento prehist\u00f3rico han constituido los ejes fundamentales dela investigaci\u00f3n a escala local. En ella se integra el estudio de m\u00e1s de 30m yacimientos distintos y un an\u00e1lisis critico de las secuencias situaciones en el entorno inmediato (bajo arag\u00f3n y maestrazgo). estos aspectos han sido contrastados con la secuencia art\u00edstica de la zona y con los principales modelos de distribuci\u00f3n de los abrigos pintados. los resultados obtenidos permiten retomar la discursi\u00f3n general sobre los diferentes modelos de contextualizaci\u00f3n arqueol\u00edgica del arte levantino en el arco mediterr\u00e1neo , evaluando sus bases arqueol\u00f3gicas. En este sentido se apuesta por descincular su contextualizaci\u00f3n de la tradici\u00f3n epipaleolitica, marco de referencia tradicionalmente empleado. El an\u00e1lisis de las series l\u00edticas ha permitido , en este sentido, desechar las hip\u00f3tesis que defend\u00edan un modelo de continuidad. Este cambio supone una apuesta decidida por su estudio en el marco de los procesos de transformaci\u00f3n regionalizaci\u00f3n que ofrece el registro peninsular desde mediados del v milenio cal bc proyectando su evoluci\u00f3n hacia fases evolucionadas de la secuencia neol\u00edtica (iii milenio cal bc).<\/p>\n<p>&nbsp;<\/p>\n<h3>Datos acad\u00e9micos de la tesis doctoral \u00ab<strong>El contexto arqueol\u00f3gico del arte levantino en el riu de les coves castell\u00f3n<\/strong>\u00ab<\/h3>\n<ul>\n<li><strong>T\u00edtulo de la tesis:<\/strong>\u00a0 El contexto arqueol\u00f3gico del arte levantino en el riu de les coves castell\u00f3n <\/li>\n<li><strong>Autor:<\/strong>\u00a0  Fern\u00e1ndez L\u00f3pez De Pablo Javier <\/li>\n<li><strong>Universidad:<\/strong>\u00a0 Alicante<\/li>\n<li><strong>Fecha de lectura de la tesis:<\/strong>\u00a0 13\/06\/2005<\/li>\n<\/ul>\n<p>&nbsp;<\/p>\n<h3>Direcci\u00f3n y tribunal<\/h3>\n<ul>\n<li><strong>Director de la tesis<\/strong>\n<ul>\n<li>Mauro Severo Hern\u00e1ndez P\u00e9rez<\/li>\n<\/ul>\n<\/li>\n<li><strong>Tribunal<\/strong>\n<ul>\n<li>Presidente del tribunal:  Fortea p\u00e9rez Francisco javier <\/li>\n<li>valentin Villaverde bonilla (vocal)<\/li>\n<li> Utrilla miranda m. pilar (vocal)<\/li>\n<li>Juan Bernabeu auban (vocal)<\/li>\n<\/ul>\n<\/li>\n<\/ul>\n<p>&nbsp;<\/p>\n","protected":false},"excerpt":{"rendered":"<p>Tesis doctoral de Fern\u00e1ndez L\u00f3pez De Pablo Javier El presente trabajo aborda la contextualizaci\u00f3n arqueol\u00f3gica del arte levantino en uno [&hellip;]<\/p>\n","protected":false},"author":1,"featured_media":0,"comment_status":"open","ping_status":"open","sticky":false,"template":"","format":"standard","meta":{"site-sidebar-layout":"default","site-content-layout":"","ast-site-content-layout":"","site-content-style":"default","site-sidebar-style":"default","ast-global-header-display":"","ast-banner-title-visibility":"","ast-main-header-display":"","ast-hfb-above-header-display":"","ast-hfb-below-header-display":"","ast-hfb-mobile-header-display":"","site-post-title":"","ast-breadcrumbs-content":"","ast-featured-img":"","footer-sml-layout":"","theme-transparent-header-meta":"","adv-header-id-meta":"","stick-header-meta":"","header-above-stick-meta":"","header-main-stick-meta":"","header-below-stick-meta":"","astra-migrate-meta-layouts":"default","ast-page-background-enabled":"default","ast-page-background-meta":{"desktop":{"background-color":"var(--ast-global-color-4)","background-image":"","background-repeat":"repeat","background-position":"center center","background-size":"auto","background-attachment":"scroll","background-type":"","background-media":"","overlay-type":"","overlay-color":"","overlay-gradient":""},"tablet":{"background-color":"","background-image":"","background-repeat":"repeat","background-position":"center center","background-size":"auto","background-attachment":"scroll","background-type":"","background-media":"","overlay-type":"","overlay-color":"","overlay-gradient":""},"mobile":{"background-color":"","background-image":"","background-repeat":"repeat","background-position":"center center","background-size":"auto","background-attachment":"scroll","background-type":"","background-media":"","overlay-type":"","overlay-color":"","overlay-gradient":""}},"ast-content-background-meta":{"desktop":{"background-color":"var(--ast-global-color-5)","background-image":"","background-repeat":"repeat","background-position":"center center","background-size":"auto","background-attachment":"scroll","background-type":"","background-media":"","overlay-type":"","overlay-color":"","overlay-gradient":""},"tablet":{"background-color":"var(--ast-global-color-5)","background-image":"","background-repeat":"repeat","background-position":"center center","background-size":"auto","background-attachment":"scroll","background-type":"","background-media":"","overlay-type":"","overlay-color":"","overlay-gradient":""},"mobile":{"background-color":"var(--ast-global-color-5)","background-image":"","background-repeat":"repeat","background-position":"center center","background-size":"auto","background-attachment":"scroll","background-type":"","background-media":"","overlay-type":"","overlay-color":"","overlay-gradient":""}},"footnotes":""},"categories":[19166,104,220,2635],"tags":[161403,55332,68350,10435,107011,19457],"class_list":["post-74522","post","type-post","status-publish","format-standard","hentry","category-alicante","category-historia","category-historia-por-epocas","category-prehistoria","tag-fernandez-lopez-de-pablo-javier","tag-fortea-perez-francisco-javier","tag-juan-bernabeu-auban","tag-mauro-severo-hernandez-perez","tag-utrilla-miranda-m-pilar","tag-valentin-villaverde-bonilla"],"_links":{"self":[{"href":"https:\/\/www.deberes.net\/tesis\/wp-json\/wp\/v2\/posts\/74522","targetHints":{"allow":["GET"]}}],"collection":[{"href":"https:\/\/www.deberes.net\/tesis\/wp-json\/wp\/v2\/posts"}],"about":[{"href":"https:\/\/www.deberes.net\/tesis\/wp-json\/wp\/v2\/types\/post"}],"author":[{"embeddable":true,"href":"https:\/\/www.deberes.net\/tesis\/wp-json\/wp\/v2\/users\/1"}],"replies":[{"embeddable":true,"href":"https:\/\/www.deberes.net\/tesis\/wp-json\/wp\/v2\/comments?post=74522"}],"version-history":[{"count":0,"href":"https:\/\/www.deberes.net\/tesis\/wp-json\/wp\/v2\/posts\/74522\/revisions"}],"wp:attachment":[{"href":"https:\/\/www.deberes.net\/tesis\/wp-json\/wp\/v2\/media?parent=74522"}],"wp:term":[{"taxonomy":"category","embeddable":true,"href":"https:\/\/www.deberes.net\/tesis\/wp-json\/wp\/v2\/categories?post=74522"},{"taxonomy":"post_tag","embeddable":true,"href":"https:\/\/www.deberes.net\/tesis\/wp-json\/wp\/v2\/tags?post=74522"}],"curies":[{"name":"wp","href":"https:\/\/api.w.org\/{rel}","templated":true}]}}