{"id":74568,"date":"2018-03-09T23:19:36","date_gmt":"2018-03-09T23:19:36","guid":{"rendered":"https:\/\/www.deberes.net\/tesis\/sin-categoria\/mecanismos-moleculares-de-interaccion-entre-estrogenos-y-el-factor-de-crecimiento-similar-a-la-insulina-de-tipo-igf-i\/"},"modified":"2018-03-09T23:19:36","modified_gmt":"2018-03-09T23:19:36","slug":"mecanismos-moleculares-de-interaccion-entre-estrogenos-y-el-factor-de-crecimiento-similar-a-la-insulina-de-tipo-igf-i","status":"publish","type":"post","link":"https:\/\/www.deberes.net\/tesis\/quimica\/mecanismos-moleculares-de-interaccion-entre-estrogenos-y-el-factor-de-crecimiento-similar-a-la-insulina-de-tipo-igf-i\/","title":{"rendered":"Mecanismos moleculares de interaccion entre estrogenos y el factor de crecimiento similar a la insulina de tipo (igf i)"},"content":{"rendered":"<h2>Tesis doctoral de <strong> Pablo Mendez Garcia <\/strong><\/h2>\n<p>Los estr\u00f3genos y el factor de crecimiento similar a la insulina de tipo i (igf-i) presentan una interdependencia funcional. En el sistema nervioso central (snc) se ha descrito la interacci\u00f3n entre estas dos hormonas en la promoci\u00f3n de fenomenos como la plasticidad sin\u00e1ptica, la neurog\u00e9nesis, el control neuroendocrino y la neuroprotecci\u00f3n. En esta tesis hemos estudiado los mecanismos de esta interacci\u00f3n desde el punto de vista molecular. Existe abundante expresi\u00f3n de los receptores celulares de ambas hormonas en los mismos tipos celulares del snc. Por esta raz\u00f3n, analizamos una posible interacci\u00f3n entre las v\u00edas de se\u00f1alizaci\u00f3n de estr\u00f3genos y el igf-i.  hemos encontrado que un tratamiento sistemico con 17(beta)estradiol induce la activaci\u00f3n en el snc de una de las v\u00edas de se\u00f1alizaci\u00f3n utilizadas por el receptor de igf-i, la v\u00eda de la pi3k\/akt. La activaci\u00f3n de esta v\u00eda, que hemos detectado en varias regiones del snc, va acompa\u00f1ada por el aumento de la asociaci\u00f3n de receptor de estr\u00f3genos (er) alfa con distintos componentes de esta v\u00eda de se\u00f1alizaci\u00f3n. Las neuronas parecen ser el tipo celular responsable de este efecto, que hemos adscrito a nucleos concretos dentro del hipot\u00e1lamo. en una situaci\u00f3n de lesi\u00f3n del snc por una toxina metab\u00f3lica, la activaci\u00f3n de eralfa regula tanto la actividad de la v\u00eda de se\u00f1alizaci\u00f3n akt\/gsk3 como el efecto deletereo de la toxina.  tambien hemos estudiado el efecto de las v\u00edas de se\u00f1alizaci\u00f3n utilizadas por el receptor de igf-i en la actividad transcripcional de er. En el neuroblastoma n2a, la actividad de la v\u00eda de la pi3k regula negativamente la actividad de los er a trav\u00e9s de su control sobre la actividad de la quinasa gsk3. la prote\u00edna betacatenina, cuyo nivel de expresi\u00f3n esta controlado por gsk3, interacciona con eralfa. Esta interacci\u00f3n es regulada por 17beta estradiol y las quinasas gsk3 y pi3k. Existe una correlaci\u00f3n inversa entre los niveles de interac<\/p>\n<p>&nbsp;<\/p>\n<h3>Datos acad\u00e9micos de la tesis doctoral \u00ab<strong>Mecanismos moleculares de interaccion entre estrogenos y el factor de crecimiento similar a la insulina de tipo (igf i)<\/strong>\u00ab<\/h3>\n<ul>\n<li><strong>T\u00edtulo de la tesis:<\/strong>\u00a0 Mecanismos moleculares de interaccion entre estrogenos y el factor de crecimiento similar a la insulina de tipo (igf i) <\/li>\n<li><strong>Autor:<\/strong>\u00a0 Pablo Mendez Garcia <\/li>\n<li><strong>Universidad:<\/strong>\u00a0 Aut\u00f3noma de Madrid<\/li>\n<li><strong>Fecha de lectura de la tesis:<\/strong>\u00a0 14\/06\/2005<\/li>\n<\/ul>\n<p>&nbsp;<\/p>\n<h3>Direcci\u00f3n y tribunal<\/h3>\n<ul>\n<li><strong>Director de la tesis<\/strong>\n<ul>\n<li>Luis Miguel Garc\u00eda Segura<\/li>\n<\/ul>\n<\/li>\n<li><strong>Tribunal<\/strong>\n<ul>\n<li>Presidente del tribunal: jorgina Satr\u00fastegui gil-delgado <\/li>\n<li>angel Nadal navajas (vocal)<\/li>\n<li>pilar Santisteban sanz (vocal)<\/li>\n<li>pedro Tranque gomez (vocal)<\/li>\n<\/ul>\n<\/li>\n<\/ul>\n<p>&nbsp;<\/p>\n","protected":false},"excerpt":{"rendered":"<p>Tesis doctoral de Pablo Mendez Garcia Los estr\u00f3genos y el factor de crecimiento similar a la insulina de tipo i [&hellip;]<\/p>\n","protected":false},"author":1,"featured_media":0,"comment_status":"open","ping_status":"open","sticky":false,"template":"","format":"standard","meta":{"site-sidebar-layout":"default","site-content-layout":"","ast-site-content-layout":"","site-content-style":"default","site-sidebar-style":"default","ast-global-header-display":"","ast-banner-title-visibility":"","ast-main-header-display":"","ast-hfb-above-header-display":"","ast-hfb-below-header-display":"","ast-hfb-mobile-header-display":"","site-post-title":"","ast-breadcrumbs-content":"","ast-featured-img":"","footer-sml-layout":"","theme-transparent-header-meta":"","adv-header-id-meta":"","stick-header-meta":"","header-above-stick-meta":"","header-main-stick-meta":"","header-below-stick-meta":"","astra-migrate-meta-layouts":"default","ast-page-background-enabled":"default","ast-page-background-meta":{"desktop":{"background-color":"var(--ast-global-color-4)","background-image":"","background-repeat":"repeat","background-position":"center center","background-size":"auto","background-attachment":"scroll","background-type":"","background-media":"","overlay-type":"","overlay-color":"","overlay-gradient":""},"tablet":{"background-color":"","background-image":"","background-repeat":"repeat","background-position":"center center","background-size":"auto","background-attachment":"scroll","background-type":"","background-media":"","overlay-type":"","overlay-color":"","overlay-gradient":""},"mobile":{"background-color":"","background-image":"","background-repeat":"repeat","background-position":"center center","background-size":"auto","background-attachment":"scroll","background-type":"","background-media":"","overlay-type":"","overlay-color":"","overlay-gradient":""}},"ast-content-background-meta":{"desktop":{"background-color":"var(--ast-global-color-5)","background-image":"","background-repeat":"repeat","background-position":"center center","background-size":"auto","background-attachment":"scroll","background-type":"","background-media":"","overlay-type":"","overlay-color":"","overlay-gradient":""},"tablet":{"background-color":"var(--ast-global-color-5)","background-image":"","background-repeat":"repeat","background-position":"center center","background-size":"auto","background-attachment":"scroll","background-type":"","background-media":"","overlay-type":"","overlay-color":"","overlay-gradient":""},"mobile":{"background-color":"var(--ast-global-color-5)","background-image":"","background-repeat":"repeat","background-position":"center center","background-size":"auto","background-attachment":"scroll","background-type":"","background-media":"","overlay-type":"","overlay-color":"","overlay-gradient":""}},"footnotes":""},"categories":[160,115,17],"tags":[33247,6755,4892,161490,42474,6463],"class_list":["post-74568","post","type-post","status-publish","format-standard","hentry","category-bioquimica","category-bioquimica-molecular","category-quimica","tag-angel-nadal-navajas","tag-jorgina-satrustegui-gil-delgado","tag-luis-miguel-garcia-segura","tag-pablo-mendez-garcia","tag-pedro-tranque-gomez","tag-pilar-santisteban-sanz"],"_links":{"self":[{"href":"https:\/\/www.deberes.net\/tesis\/wp-json\/wp\/v2\/posts\/74568","targetHints":{"allow":["GET"]}}],"collection":[{"href":"https:\/\/www.deberes.net\/tesis\/wp-json\/wp\/v2\/posts"}],"about":[{"href":"https:\/\/www.deberes.net\/tesis\/wp-json\/wp\/v2\/types\/post"}],"author":[{"embeddable":true,"href":"https:\/\/www.deberes.net\/tesis\/wp-json\/wp\/v2\/users\/1"}],"replies":[{"embeddable":true,"href":"https:\/\/www.deberes.net\/tesis\/wp-json\/wp\/v2\/comments?post=74568"}],"version-history":[{"count":0,"href":"https:\/\/www.deberes.net\/tesis\/wp-json\/wp\/v2\/posts\/74568\/revisions"}],"wp:attachment":[{"href":"https:\/\/www.deberes.net\/tesis\/wp-json\/wp\/v2\/media?parent=74568"}],"wp:term":[{"taxonomy":"category","embeddable":true,"href":"https:\/\/www.deberes.net\/tesis\/wp-json\/wp\/v2\/categories?post=74568"},{"taxonomy":"post_tag","embeddable":true,"href":"https:\/\/www.deberes.net\/tesis\/wp-json\/wp\/v2\/tags?post=74568"}],"curies":[{"name":"wp","href":"https:\/\/api.w.org\/{rel}","templated":true}]}}