{"id":74574,"date":"2018-03-09T23:19:36","date_gmt":"2018-03-09T23:19:36","guid":{"rendered":"https:\/\/www.deberes.net\/tesis\/sin-categoria\/factores-condicionantes-en-la-vela-ola%c2%admpica-estudio-descriptivo-de-la-clase-star\/"},"modified":"2018-03-09T23:19:36","modified_gmt":"2018-03-09T23:19:36","slug":"factores-condicionantes-en-la-vela-ola%c2%admpica-estudio-descriptivo-de-la-clase-star","status":"publish","type":"post","link":"https:\/\/www.deberes.net\/tesis\/formacion-y-empleo-de-profesores\/factores-condicionantes-en-la-vela-ola%c2%admpica-estudio-descriptivo-de-la-clase-star\/","title":{"rendered":"Factores condicionantes en la vela ol\u00edmpica \u00ab\u00bbestudio descriptivo de la clase star"},"content":{"rendered":"<h2>Tesis doctoral de <strong>  Cardes\u00edn Villaverde Jos\u00e9 Manuel <\/strong><\/h2>\n<p>El objeto del trabajo, es detectar los factores que determinan los resultados en las pruebas ol\u00edmpicas de vela, bas\u00e1ndose el estudio de los par\u00e1metros que influyen en la vela ol\u00edmpica en general, a la vela de crucero, pesada, de altura e incluso del resto de las pruebas de vela ligera. Centr\u00e1ndose posteriormente en la metodolog\u00eda a emplear para la consecuci\u00f3n de esos par\u00e1metros que condicionan el resultado, con el estudio descriptivo sobre la preparaci\u00f3n para la olimp\u00edada de atenas 2004 del equipo espa\u00f1ol de la clase star de vela, dividiendo el trabajo en dos ciclos, la consecuci\u00f3n de la clasificaci\u00f3n en primera instancia y el trabajo de preparaci\u00f3n y adaptaci\u00f3n para la participaci\u00f3n en la competici\u00f3n en agosto de 2004 en atenas.  en la primera parte, se busca la fundamentaci\u00f3n te\u00f3rica de todos los aspectos relacionados con los temas a tratar: concepto de competicion, historia de la vela ol\u00edmpoica y de la clase star en especial caracter\u00edsticas de la embarcaci\u00f3n (trimado y tripulaci\u00f3n), condici\u00f3n f\u00edsica, nutrici\u00f3n y termorregulaci\u00f3n.  en la segunda parte se explica la metodolog\u00eda a emplear para determinar los par\u00e1metros condicionales y las diferentes estrategias para conseguir su optimizaci\u00f3n, analizando los diferentes problemas que surgen en la preparaci\u00f3n. en 1\u00c2\u00ba lugar la clasificaci\u00f3n, como el estudio biomec\u00e1nico de la posici\u00f3n de banda, el entrenamiento llevado a cabo para conseguir la correcta ejecuci\u00f3n t\u00e9cnica de la posici\u00f3n y del fortalecimiento en genral. En 2\u00c2\u00ba lugar, la preparaci\u00f3n ol\u00edmpica con la investigaci\u00f3n llevada a cabo para el fortalecimiento del tibial anterior, con la dieta hipercal\u00f3rica, con el estudio de la predicci\u00f3n meteorol\u00f3gica, para el trabajo a llevar cabo en relaci\u00f3n a la adaptaci\u00f3n al calor, ropa &#8230; Y a la prehidrataci\u00f3n.  en la tercera parte, se realiza la discusi\u00f3n de los resultados, con un an\u00e1lisis del estudio llevado a cabo en los juegos ol\u00edmpicos de atenas<\/p>\n<p>&nbsp;<\/p>\n<h3>Datos acad\u00e9micos de la tesis doctoral \u00ab<strong>Factores condicionantes en la vela ol\u00edmpica \u00ab\u00bbestudio descriptivo de la clase star<\/strong>\u00ab<\/h3>\n<ul>\n<li><strong>T\u00edtulo de la tesis:<\/strong>\u00a0 Factores condicionantes en la vela ol\u00edmpica \u00ab\u00bbestudio descriptivo de la clase star <\/li>\n<li><strong>Autor:<\/strong>\u00a0  Cardes\u00edn Villaverde Jos\u00e9 Manuel <\/li>\n<li><strong>Universidad:<\/strong>\u00a0 A coru\u00f1a<\/li>\n<li><strong>Fecha de lectura de la tesis:<\/strong>\u00a0 14\/06\/2005<\/li>\n<\/ul>\n<p>&nbsp;<\/p>\n<h3>Direcci\u00f3n y tribunal<\/h3>\n<ul>\n<li><strong>Director de la tesis<\/strong>\n<ul>\n<li>Gabriel Torres Tob\u00edo<\/li>\n<\/ul>\n<\/li>\n<li><strong>Tribunal<\/strong>\n<ul>\n<li>Presidente del tribunal: Francisco javier Cudeiro mazaira <\/li>\n<li>Ana Calles do\u00f1ate (vocal)<\/li>\n<li>Rafael Arriaza loureda (vocal)<\/li>\n<li> Otero cepeda xos\u00e9 Luis (vocal)<\/li>\n<\/ul>\n<\/li>\n<\/ul>\n<p>&nbsp;<\/p>\n","protected":false},"excerpt":{"rendered":"<p>Tesis doctoral de Cardes\u00edn Villaverde Jos\u00e9 Manuel El objeto del trabajo, es detectar los factores que determinan los resultados en [&hellip;]<\/p>\n","protected":false},"author":1,"featured_media":0,"comment_status":"open","ping_status":"open","sticky":false,"template":"","format":"standard","meta":{"site-sidebar-layout":"default","site-content-layout":"","ast-site-content-layout":"","site-content-style":"default","site-sidebar-style":"default","ast-global-header-display":"","ast-banner-title-visibility":"","ast-main-header-display":"","ast-hfb-above-header-display":"","ast-hfb-below-header-display":"","ast-hfb-mobile-header-display":"","site-post-title":"","ast-breadcrumbs-content":"","ast-featured-img":"","footer-sml-layout":"","theme-transparent-header-meta":"","adv-header-id-meta":"","stick-header-meta":"","header-above-stick-meta":"","header-main-stick-meta":"","header-below-stick-meta":"","astra-migrate-meta-layouts":"default","ast-page-background-enabled":"default","ast-page-background-meta":{"desktop":{"background-color":"var(--ast-global-color-4)","background-image":"","background-repeat":"repeat","background-position":"center center","background-size":"auto","background-attachment":"scroll","background-type":"","background-media":"","overlay-type":"","overlay-color":"","overlay-gradient":""},"tablet":{"background-color":"","background-image":"","background-repeat":"repeat","background-position":"center center","background-size":"auto","background-attachment":"scroll","background-type":"","background-media":"","overlay-type":"","overlay-color":"","overlay-gradient":""},"mobile":{"background-color":"","background-image":"","background-repeat":"repeat","background-position":"center center","background-size":"auto","background-attachment":"scroll","background-type":"","background-media":"","overlay-type":"","overlay-color":"","overlay-gradient":""}},"ast-content-background-meta":{"desktop":{"background-color":"var(--ast-global-color-5)","background-image":"","background-repeat":"repeat","background-position":"center center","background-size":"auto","background-attachment":"scroll","background-type":"","background-media":"","overlay-type":"","overlay-color":"","overlay-gradient":""},"tablet":{"background-color":"var(--ast-global-color-5)","background-image":"","background-repeat":"repeat","background-position":"center center","background-size":"auto","background-attachment":"scroll","background-type":"","background-media":"","overlay-type":"","overlay-color":"","overlay-gradient":""},"mobile":{"background-color":"var(--ast-global-color-5)","background-image":"","background-repeat":"repeat","background-position":"center center","background-size":"auto","background-attachment":"scroll","background-type":"","background-media":"","overlay-type":"","overlay-color":"","overlay-gradient":""}},"footnotes":""},"categories":[18576,1140,1141,8934],"tags":[26064,161502,35181,107473,161503,98454],"class_list":["post-74574","post","type-post","status-publish","format-standard","hentry","category-a-coruna","category-formacion-y-empleo-de-profesores","category-pedagogia","category-profesion-y-situacion-del-profesorado","tag-ana-calles-donate","tag-cardesin-villaverde-jose-manuel","tag-francisco-javier-cudeiro-mazaira","tag-gabriel-torres-tobio","tag-otero-cepeda-xose-luis","tag-rafael-arriaza-loureda"],"_links":{"self":[{"href":"https:\/\/www.deberes.net\/tesis\/wp-json\/wp\/v2\/posts\/74574","targetHints":{"allow":["GET"]}}],"collection":[{"href":"https:\/\/www.deberes.net\/tesis\/wp-json\/wp\/v2\/posts"}],"about":[{"href":"https:\/\/www.deberes.net\/tesis\/wp-json\/wp\/v2\/types\/post"}],"author":[{"embeddable":true,"href":"https:\/\/www.deberes.net\/tesis\/wp-json\/wp\/v2\/users\/1"}],"replies":[{"embeddable":true,"href":"https:\/\/www.deberes.net\/tesis\/wp-json\/wp\/v2\/comments?post=74574"}],"version-history":[{"count":0,"href":"https:\/\/www.deberes.net\/tesis\/wp-json\/wp\/v2\/posts\/74574\/revisions"}],"wp:attachment":[{"href":"https:\/\/www.deberes.net\/tesis\/wp-json\/wp\/v2\/media?parent=74574"}],"wp:term":[{"taxonomy":"category","embeddable":true,"href":"https:\/\/www.deberes.net\/tesis\/wp-json\/wp\/v2\/categories?post=74574"},{"taxonomy":"post_tag","embeddable":true,"href":"https:\/\/www.deberes.net\/tesis\/wp-json\/wp\/v2\/tags?post=74574"}],"curies":[{"name":"wp","href":"https:\/\/api.w.org\/{rel}","templated":true}]}}