{"id":74576,"date":"2018-03-09T23:19:40","date_gmt":"2018-03-09T23:19:40","guid":{"rendered":"https:\/\/www.deberes.net\/tesis\/sin-categoria\/la-extension-subjetiva-de-la-cosa-juzgada-en-el-proceso-civil\/"},"modified":"2018-03-09T23:19:40","modified_gmt":"2018-03-09T23:19:40","slug":"la-extension-subjetiva-de-la-cosa-juzgada-en-el-proceso-civil","status":"publish","type":"post","link":"https:\/\/www.deberes.net\/tesis\/ciencias-juridicas-y-derecho\/la-extension-subjetiva-de-la-cosa-juzgada-en-el-proceso-civil\/","title":{"rendered":"La extensi\u00f3n subjetiva de la cosa juzgada en el proceso civil."},"content":{"rendered":"<h2>Tesis doctoral de <strong> Pablo Grande Seara <\/strong><\/h2>\n<p>La memoria de tesis consiste en un estudio sobre los sujetos que resulta afectados por la eficacia de cosa juzgada material derivada de un proceso civil.  en este sentido se trata de diferenciar la cosa juzgada de otras figuras afines como la eficacia refleja de la sentencia y la predusi\u00f3n y de precisar c\u00f3mo afecta la cosa juzgada material a las distintas categor\u00edas de teneras, en atenci\u00f3n a la conexi\u00f3n existente entre su situaci\u00f3n juridica y la deducida en el proceso.  se le dedcica una atenci\u00f3n especial a la delimitaci\u00f3n sujeta de la cosa juzgada derivada de los procem para la tutela de mterses colectiva y difusos de consumidores y usuan, en radaci\u00f3n con los cuales la lec de 2000 contempla multiple especialidades procesales.<\/p>\n<p>&nbsp;<\/p>\n<h3>Datos acad\u00e9micos de la tesis doctoral \u00ab<strong>La extensi\u00f3n subjetiva de la cosa juzgada en el proceso civil.<\/strong>\u00ab<\/h3>\n<ul>\n<li><strong>T\u00edtulo de la tesis:<\/strong>\u00a0 La extensi\u00f3n subjetiva de la cosa juzgada en el proceso civil. <\/li>\n<li><strong>Autor:<\/strong>\u00a0 Pablo Grande Seara <\/li>\n<li><strong>Universidad:<\/strong>\u00a0 Vigo<\/li>\n<li><strong>Fecha de lectura de la tesis:<\/strong>\u00a0 14\/06\/2005<\/li>\n<\/ul>\n<p>&nbsp;<\/p>\n<h3>Direcci\u00f3n y tribunal<\/h3>\n<ul>\n<li><strong>Director de la tesis<\/strong>\n<ul>\n<li> Villag\u00f3mez Cebri\u00e1n Marco M.<\/li>\n<\/ul>\n<\/li>\n<li><strong>Tribunal<\/strong>\n<ul>\n<li>Presidente del tribunal: victor Moreno catena <\/li>\n<li>valentin Cortes dominguez (vocal)<\/li>\n<li>federico Carpi (vocal)<\/li>\n<li>Manuel Ortells ramos (vocal)<\/li>\n<\/ul>\n<\/li>\n<\/ul>\n<p>&nbsp;<\/p>\n","protected":false},"excerpt":{"rendered":"<p>Tesis doctoral de Pablo Grande Seara La memoria de tesis consiste en un estudio sobre los sujetos que resulta afectados [&hellip;]<\/p>\n","protected":false},"author":1,"featured_media":0,"comment_status":"open","ping_status":"open","sticky":false,"template":"","format":"standard","meta":{"site-sidebar-layout":"default","site-content-layout":"","ast-site-content-layout":"","site-content-style":"default","site-sidebar-style":"default","ast-global-header-display":"","ast-banner-title-visibility":"","ast-main-header-display":"","ast-hfb-above-header-display":"","ast-hfb-below-header-display":"","ast-hfb-mobile-header-display":"","site-post-title":"","ast-breadcrumbs-content":"","ast-featured-img":"","footer-sml-layout":"","theme-transparent-header-meta":"","adv-header-id-meta":"","stick-header-meta":"","header-above-stick-meta":"","header-main-stick-meta":"","header-below-stick-meta":"","astra-migrate-meta-layouts":"default","ast-page-background-enabled":"default","ast-page-background-meta":{"desktop":{"background-color":"var(--ast-global-color-4)","background-image":"","background-repeat":"repeat","background-position":"center center","background-size":"auto","background-attachment":"scroll","background-type":"","background-media":"","overlay-type":"","overlay-color":"","overlay-gradient":""},"tablet":{"background-color":"","background-image":"","background-repeat":"repeat","background-position":"center center","background-size":"auto","background-attachment":"scroll","background-type":"","background-media":"","overlay-type":"","overlay-color":"","overlay-gradient":""},"mobile":{"background-color":"","background-image":"","background-repeat":"repeat","background-position":"center center","background-size":"auto","background-attachment":"scroll","background-type":"","background-media":"","overlay-type":"","overlay-color":"","overlay-gradient":""}},"ast-content-background-meta":{"desktop":{"background-color":"var(--ast-global-color-5)","background-image":"","background-repeat":"repeat","background-position":"center center","background-size":"auto","background-attachment":"scroll","background-type":"","background-media":"","overlay-type":"","overlay-color":"","overlay-gradient":""},"tablet":{"background-color":"var(--ast-global-color-5)","background-image":"","background-repeat":"repeat","background-position":"center center","background-size":"auto","background-attachment":"scroll","background-type":"","background-media":"","overlay-type":"","overlay-color":"","overlay-gradient":""},"mobile":{"background-color":"var(--ast-global-color-5)","background-image":"","background-repeat":"repeat","background-position":"center center","background-size":"auto","background-attachment":"scroll","background-type":"","background-media":"","overlay-type":"","overlay-color":"","overlay-gradient":""}},"footnotes":""},"categories":[612,3620,3621,18657],"tags":[68146,3625,161506,9850,11249,161507],"class_list":["post-74576","post","type-post","status-publish","format-standard","hentry","category-ciencias-juridicas-y-derecho","category-derecho-procesal","category-organizacion-juridica","category-vigo","tag-federico-carpi","tag-manuel-ortells-ramos","tag-pablo-grande-seara","tag-valentin-cortes-dominguez","tag-victor-moreno-catena","tag-villagomez-cebrian-marco-m"],"_links":{"self":[{"href":"https:\/\/www.deberes.net\/tesis\/wp-json\/wp\/v2\/posts\/74576","targetHints":{"allow":["GET"]}}],"collection":[{"href":"https:\/\/www.deberes.net\/tesis\/wp-json\/wp\/v2\/posts"}],"about":[{"href":"https:\/\/www.deberes.net\/tesis\/wp-json\/wp\/v2\/types\/post"}],"author":[{"embeddable":true,"href":"https:\/\/www.deberes.net\/tesis\/wp-json\/wp\/v2\/users\/1"}],"replies":[{"embeddable":true,"href":"https:\/\/www.deberes.net\/tesis\/wp-json\/wp\/v2\/comments?post=74576"}],"version-history":[{"count":0,"href":"https:\/\/www.deberes.net\/tesis\/wp-json\/wp\/v2\/posts\/74576\/revisions"}],"wp:attachment":[{"href":"https:\/\/www.deberes.net\/tesis\/wp-json\/wp\/v2\/media?parent=74576"}],"wp:term":[{"taxonomy":"category","embeddable":true,"href":"https:\/\/www.deberes.net\/tesis\/wp-json\/wp\/v2\/categories?post=74576"},{"taxonomy":"post_tag","embeddable":true,"href":"https:\/\/www.deberes.net\/tesis\/wp-json\/wp\/v2\/tags?post=74576"}],"curies":[{"name":"wp","href":"https:\/\/api.w.org\/{rel}","templated":true}]}}