{"id":74588,"date":"2018-03-09T23:19:40","date_gmt":"2018-03-09T23:19:40","guid":{"rendered":"https:\/\/www.deberes.net\/tesis\/sin-categoria\/la-autoria-de-la-celestina-y-el-suplemento\/"},"modified":"2018-03-09T23:19:40","modified_gmt":"2018-03-09T23:19:40","slug":"la-autoria-de-la-celestina-y-el-suplemento","status":"publish","type":"post","link":"https:\/\/www.deberes.net\/tesis\/lengua-y-literatura\/la-autoria-de-la-celestina-y-el-suplemento\/","title":{"rendered":"La autor\u00eda de la celestina y el suplemento"},"content":{"rendered":"<h2>Tesis doctoral de <strong> Arturo M\u00e9lida Vilches <\/strong><\/h2>\n<p>Esta tesis pretende contribuir a esclarecer el autor del acto i, y de los cinco a\u00f1adidos de la celestina mediante el an\u00e1lisis del suplemento en la obra. el estudio consta de dos partes: una primera en la que establezco el sistema de la celestina y explico qu\u00e9 edici\u00f3n he utilizado: a continuaci\u00f3n destaco algunos datos biogr\u00e1ficos de fernando de rojas; posteriormente analizo las principales l\u00edneas de investigaic\u00f3n de la autor\u00eda de la celestina y para concluir esta primera parte, determino el concepto de suplemento. en la segunda parte, analizo la presencia del suplemento en los xxi actos: el c\u00e1lculo de los porcentajes de aparici\u00f3n de los suplementos lo hago teniendo en cuenta el n\u00famero de l\u00edneas y el n\u00famero de verbos; tambi\u00e9n analizo la presencia de los suplementos en los personajes. En este an\u00e1lisis del suplemento analizo tambi\u00e9n los distintos tipos de suplementos (propio, indirecto, atributivo e inherente).     cada acto lleva un apartado llamado \u00abnotas\u00bb en el que aclaro algunos aspectos que de las estructuras sint\u00e1cticas analizadas. As\u00ed mismo, he incluido otro apartado en donde se\u00f1alo las variantes textuales de cada acto (para este estudio he seguido el texto p, Valencia 1514). pues bien, los porcentajes de los suplementos en la celestina son similares en el acto i, los xv de la comedia y los v a\u00f1adidos de la tragicomedia. De ello concluyo que la aparici\u00f3n de una estructura sint\u00e1ctica es similar en toda la obra y de ah\u00ed que podamos afirmar que esta es de un \u00fanico autor.<\/p>\n<p>&nbsp;<\/p>\n<h3>Datos acad\u00e9micos de la tesis doctoral \u00ab<strong>La autor\u00eda de la celestina y el suplemento<\/strong>\u00ab<\/h3>\n<ul>\n<li><strong>T\u00edtulo de la tesis:<\/strong>\u00a0 La autor\u00eda de la celestina y el suplemento <\/li>\n<li><strong>Autor:<\/strong>\u00a0 Arturo M\u00e9lida Vilches <\/li>\n<li><strong>Universidad:<\/strong>\u00a0 Sevilla<\/li>\n<li><strong>Fecha de lectura de la tesis:<\/strong>\u00a0 15\/06\/2005<\/li>\n<\/ul>\n<p>&nbsp;<\/p>\n<h3>Direcci\u00f3n y tribunal<\/h3>\n<ul>\n<li><strong>Director de la tesis<\/strong>\n<ul>\n<li>Alberto Mill\u00e1n Chivite<\/li>\n<\/ul>\n<\/li>\n<li><strong>Tribunal<\/strong>\n<ul>\n<li>Presidente del tribunal:  Goz\u00e1lez calvo Jos\u00e9 manuel <\/li>\n<li>diego G\u00f3mez fern\u00e1ndez (vocal)<\/li>\n<li>Fernando Rodr\u00edguez-izquierdo gavala (vocal)<\/li>\n<li> Tapia poyato Ana Mar\u00eda (vocal)<\/li>\n<\/ul>\n<\/li>\n<\/ul>\n<p>&nbsp;<\/p>\n","protected":false},"excerpt":{"rendered":"<p>Tesis doctoral de Arturo M\u00e9lida Vilches Esta tesis pretende contribuir a esclarecer el autor del acto i, y de los [&hellip;]<\/p>\n","protected":false},"author":1,"featured_media":0,"comment_status":"open","ping_status":"open","sticky":false,"template":"","format":"standard","meta":{"site-sidebar-layout":"default","site-content-layout":"","ast-site-content-layout":"","site-content-style":"default","site-sidebar-style":"default","ast-global-header-display":"","ast-banner-title-visibility":"","ast-main-header-display":"","ast-hfb-above-header-display":"","ast-hfb-below-header-display":"","ast-hfb-mobile-header-display":"","site-post-title":"","ast-breadcrumbs-content":"","ast-featured-img":"","footer-sml-layout":"","theme-transparent-header-meta":"","adv-header-id-meta":"","stick-header-meta":"","header-above-stick-meta":"","header-main-stick-meta":"","header-below-stick-meta":"","astra-migrate-meta-layouts":"default","ast-page-background-enabled":"default","ast-page-background-meta":{"desktop":{"background-color":"var(--ast-global-color-4)","background-image":"","background-repeat":"repeat","background-position":"center center","background-size":"auto","background-attachment":"scroll","background-type":"","background-media":"","overlay-type":"","overlay-color":"","overlay-gradient":""},"tablet":{"background-color":"","background-image":"","background-repeat":"repeat","background-position":"center center","background-size":"auto","background-attachment":"scroll","background-type":"","background-media":"","overlay-type":"","overlay-color":"","overlay-gradient":""},"mobile":{"background-color":"","background-image":"","background-repeat":"repeat","background-position":"center center","background-size":"auto","background-attachment":"scroll","background-type":"","background-media":"","overlay-type":"","overlay-color":"","overlay-gradient":""}},"ast-content-background-meta":{"desktop":{"background-color":"var(--ast-global-color-5)","background-image":"","background-repeat":"repeat","background-position":"center center","background-size":"auto","background-attachment":"scroll","background-type":"","background-media":"","overlay-type":"","overlay-color":"","overlay-gradient":""},"tablet":{"background-color":"var(--ast-global-color-5)","background-image":"","background-repeat":"repeat","background-position":"center center","background-size":"auto","background-attachment":"scroll","background-type":"","background-media":"","overlay-type":"","overlay-color":"","overlay-gradient":""},"mobile":{"background-color":"var(--ast-global-color-5)","background-image":"","background-repeat":"repeat","background-position":"center center","background-size":"auto","background-attachment":"scroll","background-type":"","background-media":"","overlay-type":"","overlay-color":"","overlay-gradient":""}},"footnotes":""},"categories":[636,10715],"tags":[94598,161524,94712,79713,161525,161526],"class_list":["post-74588","post","type-post","status-publish","format-standard","hentry","category-lengua-y-literatura","category-sevilla","tag-alberto-millan-chivite","tag-arturo-melida-vilches","tag-diego-gomez-fernandez","tag-fernando-rodriguez-izquierdo-gavala","tag-gozalez-calvo-jose-manuel","tag-tapia-poyato-ana-maria"],"_links":{"self":[{"href":"https:\/\/www.deberes.net\/tesis\/wp-json\/wp\/v2\/posts\/74588","targetHints":{"allow":["GET"]}}],"collection":[{"href":"https:\/\/www.deberes.net\/tesis\/wp-json\/wp\/v2\/posts"}],"about":[{"href":"https:\/\/www.deberes.net\/tesis\/wp-json\/wp\/v2\/types\/post"}],"author":[{"embeddable":true,"href":"https:\/\/www.deberes.net\/tesis\/wp-json\/wp\/v2\/users\/1"}],"replies":[{"embeddable":true,"href":"https:\/\/www.deberes.net\/tesis\/wp-json\/wp\/v2\/comments?post=74588"}],"version-history":[{"count":0,"href":"https:\/\/www.deberes.net\/tesis\/wp-json\/wp\/v2\/posts\/74588\/revisions"}],"wp:attachment":[{"href":"https:\/\/www.deberes.net\/tesis\/wp-json\/wp\/v2\/media?parent=74588"}],"wp:term":[{"taxonomy":"category","embeddable":true,"href":"https:\/\/www.deberes.net\/tesis\/wp-json\/wp\/v2\/categories?post=74588"},{"taxonomy":"post_tag","embeddable":true,"href":"https:\/\/www.deberes.net\/tesis\/wp-json\/wp\/v2\/tags?post=74588"}],"curies":[{"name":"wp","href":"https:\/\/api.w.org\/{rel}","templated":true}]}}