{"id":74592,"date":"2018-03-09T23:19:40","date_gmt":"2018-03-09T23:19:40","guid":{"rendered":"https:\/\/www.deberes.net\/tesis\/sin-categoria\/proteccion-de-la-salud-asistencia-sanitaria-y-personal-estatutario\/"},"modified":"2018-03-09T23:19:40","modified_gmt":"2018-03-09T23:19:40","slug":"proteccion-de-la-salud-asistencia-sanitaria-y-personal-estatutario","status":"publish","type":"post","link":"https:\/\/www.deberes.net\/tesis\/ciencias-juridicas-y-derecho\/proteccion-de-la-salud-asistencia-sanitaria-y-personal-estatutario\/","title":{"rendered":"Protecci\u00f3n de la salud, asistencia sanitaria y personal estatutario"},"content":{"rendered":"<h2>Tesis doctoral de <strong> Noem\u00ed Serrano Arguello <\/strong><\/h2>\n<p>Derecho a la protecci\u00f3n de la salud. Encuadramiento como derecho humano b\u00e1sico. Su vinculaci\u00f3n con la asistencia sanitaria de la seguridad social. evoluci\u00f3n hist\u00f3rica y actual estado de la cuesti\u00f3n. La organizaci\u00f3n del sns, el modelo auton\u00f3mico, financiaci\u00f3n de la sanidad p\u00fablica y modos de gesti\u00f3n. Incluye un completo estudio del r\u00e9gimen jur\u00eddico del personal estatutario conforme a la ley 55\/2003, de 16 de diciembre, as\u00ed como de los principales problemas que dicha regulaci\u00f3n plantea.<\/p>\n<p>&nbsp;<\/p>\n<h3>Datos acad\u00e9micos de la tesis doctoral \u00ab<strong>Protecci\u00f3n de la salud, asistencia sanitaria y personal estatutario<\/strong>\u00ab<\/h3>\n<ul>\n<li><strong>T\u00edtulo de la tesis:<\/strong>\u00a0 Protecci\u00f3n de la salud, asistencia sanitaria y personal estatutario <\/li>\n<li><strong>Autor:<\/strong>\u00a0 Noem\u00ed Serrano Arguello <\/li>\n<li><strong>Universidad:<\/strong>\u00a0 Valladolid<\/li>\n<li><strong>Fecha de lectura de la tesis:<\/strong>\u00a0 15\/06\/2005<\/li>\n<\/ul>\n<p>&nbsp;<\/p>\n<h3>Direcci\u00f3n y tribunal<\/h3>\n<ul>\n<li><strong>Director de la tesis<\/strong>\n<ul>\n<li>posada Mart\u00ednez El\u00edas \u00e1ngel Gonz\u00e1lez<\/li>\n<\/ul>\n<\/li>\n<li><strong>Tribunal<\/strong>\n<ul>\n<li>Presidente del tribunal: Luis enrique De la villa gil <\/li>\n<li>Fernando Vald\u00e9s dal-r\u00e9 (vocal)<\/li>\n<li>tom\u00e1s Sala franco (vocal)<\/li>\n<li>Jes\u00fas Mercader uguina (vocal)<\/li>\n<\/ul>\n<\/li>\n<\/ul>\n<p>&nbsp;<\/p>\n","protected":false},"excerpt":{"rendered":"<p>Tesis doctoral de Noem\u00ed Serrano Arguello Derecho a la protecci\u00f3n de la salud. Encuadramiento como derecho humano b\u00e1sico. Su vinculaci\u00f3n [&hellip;]<\/p>\n","protected":false},"author":1,"featured_media":0,"comment_status":"open","ping_status":"open","sticky":false,"template":"","format":"standard","meta":{"site-sidebar-layout":"default","site-content-layout":"","ast-site-content-layout":"","site-content-style":"default","site-sidebar-style":"default","ast-global-header-display":"","ast-banner-title-visibility":"","ast-main-header-display":"","ast-hfb-above-header-display":"","ast-hfb-below-header-display":"","ast-hfb-mobile-header-display":"","site-post-title":"","ast-breadcrumbs-content":"","ast-featured-img":"","footer-sml-layout":"","theme-transparent-header-meta":"","adv-header-id-meta":"","stick-header-meta":"","header-above-stick-meta":"","header-main-stick-meta":"","header-below-stick-meta":"","astra-migrate-meta-layouts":"default","ast-page-background-enabled":"default","ast-page-background-meta":{"desktop":{"background-color":"var(--ast-global-color-4)","background-image":"","background-repeat":"repeat","background-position":"center center","background-size":"auto","background-attachment":"scroll","background-type":"","background-media":"","overlay-type":"","overlay-color":"","overlay-gradient":""},"tablet":{"background-color":"","background-image":"","background-repeat":"repeat","background-position":"center center","background-size":"auto","background-attachment":"scroll","background-type":"","background-media":"","overlay-type":"","overlay-color":"","overlay-gradient":""},"mobile":{"background-color":"","background-image":"","background-repeat":"repeat","background-position":"center center","background-size":"auto","background-attachment":"scroll","background-type":"","background-media":"","overlay-type":"","overlay-color":"","overlay-gradient":""}},"ast-content-background-meta":{"desktop":{"background-color":"var(--ast-global-color-5)","background-image":"","background-repeat":"repeat","background-position":"center center","background-size":"auto","background-attachment":"scroll","background-type":"","background-media":"","overlay-type":"","overlay-color":"","overlay-gradient":""},"tablet":{"background-color":"var(--ast-global-color-5)","background-image":"","background-repeat":"repeat","background-position":"center center","background-size":"auto","background-attachment":"scroll","background-type":"","background-media":"","overlay-type":"","overlay-color":"","overlay-gradient":""},"mobile":{"background-color":"var(--ast-global-color-5)","background-image":"","background-repeat":"repeat","background-position":"center center","background-size":"auto","background-attachment":"scroll","background-type":"","background-media":"","overlay-type":"","overlay-color":"","overlay-gradient":""}},"footnotes":""},"categories":[612,2170,979,12451],"tags":[4718,37717,9455,161535,161536,11488],"class_list":["post-74592","post","type-post","status-publish","format-standard","hentry","category-ciencias-juridicas-y-derecho","category-derecho-del-trabajo-y-de-la-seguridad-social","category-derecho-y-legislacion-nacionales","category-valladolid","tag-fernando-valdes-dal-re","tag-jesus-mercader-uguina","tag-luis-enrique-de-la-villa-gil","tag-noemi-serrano-argaello","tag-posada-Martinez-elias-angel-gonzalez","tag-tomas-sala-franco"],"_links":{"self":[{"href":"https:\/\/www.deberes.net\/tesis\/wp-json\/wp\/v2\/posts\/74592","targetHints":{"allow":["GET"]}}],"collection":[{"href":"https:\/\/www.deberes.net\/tesis\/wp-json\/wp\/v2\/posts"}],"about":[{"href":"https:\/\/www.deberes.net\/tesis\/wp-json\/wp\/v2\/types\/post"}],"author":[{"embeddable":true,"href":"https:\/\/www.deberes.net\/tesis\/wp-json\/wp\/v2\/users\/1"}],"replies":[{"embeddable":true,"href":"https:\/\/www.deberes.net\/tesis\/wp-json\/wp\/v2\/comments?post=74592"}],"version-history":[{"count":0,"href":"https:\/\/www.deberes.net\/tesis\/wp-json\/wp\/v2\/posts\/74592\/revisions"}],"wp:attachment":[{"href":"https:\/\/www.deberes.net\/tesis\/wp-json\/wp\/v2\/media?parent=74592"}],"wp:term":[{"taxonomy":"category","embeddable":true,"href":"https:\/\/www.deberes.net\/tesis\/wp-json\/wp\/v2\/categories?post=74592"},{"taxonomy":"post_tag","embeddable":true,"href":"https:\/\/www.deberes.net\/tesis\/wp-json\/wp\/v2\/tags?post=74592"}],"curies":[{"name":"wp","href":"https:\/\/api.w.org\/{rel}","templated":true}]}}