{"id":74607,"date":"2018-03-09T23:19:40","date_gmt":"2018-03-09T23:19:40","guid":{"rendered":"https:\/\/www.deberes.net\/tesis\/sin-categoria\/migraciones-europeas-glocalizacion-modelos-de-competencia-intercultural-e-interacion-social\/"},"modified":"2018-03-09T23:19:40","modified_gmt":"2018-03-09T23:19:40","slug":"migraciones-europeas-glocalizacion-modelos-de-competencia-intercultural-e-interacion-social","status":"publish","type":"post","link":"https:\/\/www.deberes.net\/tesis\/sociologia\/migraciones-europeas-glocalizacion-modelos-de-competencia-intercultural-e-interacion-social\/","title":{"rendered":"Migraciones europeas, glocalizaci\u00f3n. modelos de competencia intercultural e interaci\u00f3n social."},"content":{"rendered":"<h2>Tesis doctoral de <strong> Mar\u00eda Del Carmen Albert Guardiola <\/strong><\/h2>\n<p>El objetivo de este trabajo es analizar los factores de competencia intercultural en un contexto de movilidad intra-europea. Partiendo de un espectro te\u00f3rico m\u00e1s amplio sobre los estudios de migraciones, cabe se\u00f1alar que la movilidad de los extranjeros comunitarios en espa\u00f1a forma parte de ese proceso m\u00e1s general de movilidad humana. La poblaci\u00f3n objeto de estudio pertenece a las 4 nacionalidades de la ue con el mayor n\u00famero de ciudadanos residentes en el territorio espa\u00f1ol:  alemanes, brit\u00e1nicos, italianos y franceses. Las migraciones europeas, concretamente el an\u00e1lisis de la competencia intercultural, se ha analizado como un proceso en el \u00e1mbito local derivado de los procesos globales que implica el fen\u00f3meno migratorio actual. Hay que destacar la importancia de la dimensi\u00f3n cultural, puesto que se considera como un elemento diferenciador de los sujetos y de las sociedades, as\u00ed como un generador de conflictos. el proceso migratorio y de movilidad humana trae consigo tanto el desarrollo de estrategias de adaptaci\u00f3n al nuevo contexto socio-cultural como procesos de camdo y de ajuste cultural a ese nuevo entorno. En  este sentido, partiendo de los estudios sobre aculturaci\u00f3n. Pasando por la llamada competencia intercultural se ha llegado a reformular este proceso en un nuevo concepto denominado capacidad intercultural, en el cual se incluye no s\u00f3lo las potencialidades indmduales de los sujetos desde un punto de vista de las destrezas o habilidades, sino tambi\u00e9n las relaciones de pod\u00e9r establecidas a tal efecto.Ei dise\u00f1o de la investigaci\u00f3n se ha basado en el principio de triangulaci\u00f3n metodol\u00f3gica, entre metodolog\u00eda cualitativa y cuantitativa. En el dise\u00f1o cualitativo las herramientas de producci\u00f3n de informaci\u00f3n han sido dos. Por un lado, entrevistas en profundidad a la poblaci\u00f3n se\u00f1alada anteriormente, y por otro lado, el an\u00e1lisis paradigm\u00e1tico de textos redactados en ingl\u00e9s por extranjeros residentes en<\/p>\n<p>&nbsp;<\/p>\n<h3>Datos acad\u00e9micos de la tesis doctoral \u00ab<strong>Migraciones europeas, glocalizaci\u00f3n. modelos de competencia intercultural e interaci\u00f3n social.<\/strong>\u00ab<\/h3>\n<ul>\n<li><strong>T\u00edtulo de la tesis:<\/strong>\u00a0 Migraciones europeas, glocalizaci\u00f3n. modelos de competencia intercultural e interaci\u00f3n social. <\/li>\n<li><strong>Autor:<\/strong>\u00a0 Mar\u00eda Del Carmen Albert Guardiola <\/li>\n<li><strong>Universidad:<\/strong>\u00a0 Alicante<\/li>\n<li><strong>Fecha de lectura de la tesis:<\/strong>\u00a0 16\/06\/2005<\/li>\n<\/ul>\n<p>&nbsp;<\/p>\n<h3>Direcci\u00f3n y tribunal<\/h3>\n<ul>\n<li><strong>Director de la tesis<\/strong>\n<ul>\n<li>Antonio Alaminos Chica<\/li>\n<\/ul>\n<\/li>\n<li><strong>Tribunal<\/strong>\n<ul>\n<li>Presidente del tribunal: fermin Bouza alvarez <\/li>\n<li>critino Barroso ribal (vocal)<\/li>\n<li>Jos\u00e9 Mar\u00eda Tortosa blasco (vocal)<\/li>\n<li>olegaria Cuesta ojeda (vocal)<\/li>\n<\/ul>\n<\/li>\n<\/ul>\n<p>&nbsp;<\/p>\n","protected":false},"excerpt":{"rendered":"<p>Tesis doctoral de Mar\u00eda Del Carmen Albert Guardiola El objetivo de este trabajo es analizar los factores de competencia intercultural [&hellip;]<\/p>\n","protected":false},"author":1,"featured_media":0,"comment_status":"open","ping_status":"open","sticky":false,"template":"","format":"standard","meta":{"site-sidebar-layout":"default","site-content-layout":"","ast-site-content-layout":"","site-content-style":"default","site-sidebar-style":"default","ast-global-header-display":"","ast-banner-title-visibility":"","ast-main-header-display":"","ast-hfb-above-header-display":"","ast-hfb-below-header-display":"","ast-hfb-mobile-header-display":"","site-post-title":"","ast-breadcrumbs-content":"","ast-featured-img":"","footer-sml-layout":"","theme-transparent-header-meta":"","adv-header-id-meta":"","stick-header-meta":"","header-above-stick-meta":"","header-main-stick-meta":"","header-below-stick-meta":"","astra-migrate-meta-layouts":"default","ast-page-background-enabled":"default","ast-page-background-meta":{"desktop":{"background-color":"var(--ast-global-color-4)","background-image":"","background-repeat":"repeat","background-position":"center center","background-size":"auto","background-attachment":"scroll","background-type":"","background-media":"","overlay-type":"","overlay-color":"","overlay-gradient":""},"tablet":{"background-color":"","background-image":"","background-repeat":"repeat","background-position":"center center","background-size":"auto","background-attachment":"scroll","background-type":"","background-media":"","overlay-type":"","overlay-color":"","overlay-gradient":""},"mobile":{"background-color":"","background-image":"","background-repeat":"repeat","background-position":"center center","background-size":"auto","background-attachment":"scroll","background-type":"","background-media":"","overlay-type":"","overlay-color":"","overlay-gradient":""}},"ast-content-background-meta":{"desktop":{"background-color":"var(--ast-global-color-5)","background-image":"","background-repeat":"repeat","background-position":"center center","background-size":"auto","background-attachment":"scroll","background-type":"","background-media":"","overlay-type":"","overlay-color":"","overlay-gradient":""},"tablet":{"background-color":"var(--ast-global-color-5)","background-image":"","background-repeat":"repeat","background-position":"center center","background-size":"auto","background-attachment":"scroll","background-type":"","background-media":"","overlay-type":"","overlay-color":"","overlay-gradient":""},"mobile":{"background-color":"var(--ast-global-color-5)","background-image":"","background-repeat":"repeat","background-position":"center center","background-size":"auto","background-attachment":"scroll","background-type":"","background-media":"","overlay-type":"","overlay-color":"","overlay-gradient":""}},"footnotes":""},"categories":[19166,12931,269,2232,4651],"tags":[4701,26239,6058,24026,161564,161565],"class_list":["post-74607","post","type-post","status-publish","format-standard","hentry","category-alicante","category-relaciones-culturales","category-sociologia","category-sociologia-cultural","category-sociologia-de-los-asentamientos-humanos","tag-antonio-alaminos-chica","tag-critino-barroso-ribal","tag-fermin-bouza-alvarez","tag-jose-maria-tortosa-blasco","tag-maria-del-carmen-albert-guardiola","tag-olegaria-cuesta-ojeda"],"_links":{"self":[{"href":"https:\/\/www.deberes.net\/tesis\/wp-json\/wp\/v2\/posts\/74607","targetHints":{"allow":["GET"]}}],"collection":[{"href":"https:\/\/www.deberes.net\/tesis\/wp-json\/wp\/v2\/posts"}],"about":[{"href":"https:\/\/www.deberes.net\/tesis\/wp-json\/wp\/v2\/types\/post"}],"author":[{"embeddable":true,"href":"https:\/\/www.deberes.net\/tesis\/wp-json\/wp\/v2\/users\/1"}],"replies":[{"embeddable":true,"href":"https:\/\/www.deberes.net\/tesis\/wp-json\/wp\/v2\/comments?post=74607"}],"version-history":[{"count":0,"href":"https:\/\/www.deberes.net\/tesis\/wp-json\/wp\/v2\/posts\/74607\/revisions"}],"wp:attachment":[{"href":"https:\/\/www.deberes.net\/tesis\/wp-json\/wp\/v2\/media?parent=74607"}],"wp:term":[{"taxonomy":"category","embeddable":true,"href":"https:\/\/www.deberes.net\/tesis\/wp-json\/wp\/v2\/categories?post=74607"},{"taxonomy":"post_tag","embeddable":true,"href":"https:\/\/www.deberes.net\/tesis\/wp-json\/wp\/v2\/tags?post=74607"}],"curies":[{"name":"wp","href":"https:\/\/api.w.org\/{rel}","templated":true}]}}