{"id":74659,"date":"2018-03-09T23:19:45","date_gmt":"2018-03-09T23:19:45","guid":{"rendered":"https:\/\/www.deberes.net\/tesis\/sin-categoria\/percepcion-de-salud-en-adolescentes-relaciones-familiares-y-vinculacion\/"},"modified":"2018-03-09T23:19:45","modified_gmt":"2018-03-09T23:19:45","slug":"percepcion-de-salud-en-adolescentes-relaciones-familiares-y-vinculacion","status":"publish","type":"post","link":"https:\/\/www.deberes.net\/tesis\/extremadura\/percepcion-de-salud-en-adolescentes-relaciones-familiares-y-vinculacion\/","title":{"rendered":"Percepci\u00f3n de salud en adolescentes: relaciones familiares y vinculaci\u00f3n"},"content":{"rendered":"<h2>Tesis doctoral de <strong>  Magro Diogo Carlos Joaquin <\/strong><\/h2>\n<p>Una de las caracter\u00edsticas esenciales de la adolescencia es la falta de percepci\u00f3n de problemas de salud y la caracter\u00edstica de asumir riesgos sin contemplar las dificultades y los problemas que pueden llevar asociados. la salud es una variable importante en la calidad de vida de los individuos. Algunos estudios han demostrado que la forma en el adolescente se comporta ante los v\u00ednculos familiares y las disponibilidad de los recursos sociales y de salud de las familias van asociados a algunas alteraciones de la personalidad y de la estabilidad emocional y del bienestar de los sujetos.  La familia seguramente esta relacionada con la forma de evaluar y percibir las alteraciones de salud y de riesgo y con la capacidad para dar respuesta y superar situaciones de dificultad. Estos datos nos proporcion\u00f3 la curiosidad por conocer c\u00f3mo se relacionan estas variables con la percepci\u00f3n de la salud que tienen los adolescentes y c\u00f3mo ello determina la salud en los adultos. en este contexto, con nuestro trabajos e pretende contribuir al conocimiento de la percepci\u00f3n de salud n\u00famero de adolescentes a trav\u00e9s de la utilizaci\u00f3n  de instrumentos de validaci\u00f3n multidimensional de varias dimensiones de su conductas. Identificar c\u00f3mo se relacionan las variables asociadas al bienestar con los v\u00ednculos familiares, con los recursos familiares y con la percepci\u00f3n de la salud, prestando atenci\u00f3n a las variables de g\u00e9nero, estado social as\u00ed como contribuir al perfeccionamiento de un instrumento de medida de f\u00e1cil aplicaci\u00f3n que pueda ser utilizado en estudios de salud de los adolescentes. el instrumento incluye la medici\u00f3n de variables para caracterizar la muestra, otras para medir la percepci\u00f3n de salud percepci\u00f3n general de salud (pgs) de calidad de vida relacionada con la salud (hindl-kiddo, coop-charts) de vinculaci\u00f3n (adolescent attachemente questionararire) y de los recursos internos familiares (strenghts family).     el estudio realizado es del tipo descri<\/p>\n<p>&nbsp;<\/p>\n<h3>Datos acad\u00e9micos de la tesis doctoral \u00ab<strong>Percepci\u00f3n de salud en adolescentes: relaciones familiares y vinculaci\u00f3n<\/strong>\u00ab<\/h3>\n<ul>\n<li><strong>T\u00edtulo de la tesis:<\/strong>\u00a0 Percepci\u00f3n de salud en adolescentes: relaciones familiares y vinculaci\u00f3n <\/li>\n<li><strong>Autor:<\/strong>\u00a0  Magro Diogo Carlos Joaquin <\/li>\n<li><strong>Universidad:<\/strong>\u00a0 Extremadura<\/li>\n<li><strong>Fecha de lectura de la tesis:<\/strong>\u00a0 17\/06\/2005<\/li>\n<\/ul>\n<p>&nbsp;<\/p>\n<h3>Direcci\u00f3n y tribunal<\/h3>\n<ul>\n<li><strong>Director de la tesis<\/strong>\n<ul>\n<li>Florencio Vicente Castro<\/li>\n<\/ul>\n<\/li>\n<li><strong>Tribunal<\/strong>\n<ul>\n<li>Presidente del tribunal: fernando Lara ortega <\/li>\n<li>gonzalo Sampascual maicas (vocal)<\/li>\n<li>leandro Navas mart\u00ednez (vocal)<\/li>\n<li>david Vence vali\u00f1as (vocal)<\/li>\n<\/ul>\n<\/li>\n<\/ul>\n<p>&nbsp;<\/p>\n","protected":false},"excerpt":{"rendered":"<p>Tesis doctoral de Magro Diogo Carlos Joaquin Una de las caracter\u00edsticas esenciales de la adolescencia es la falta de percepci\u00f3n [&hellip;]<\/p>\n","protected":false},"author":1,"featured_media":0,"comment_status":"open","ping_status":"open","sticky":false,"template":"","format":"standard","meta":{"site-sidebar-layout":"default","site-content-layout":"","ast-site-content-layout":"","site-content-style":"default","site-sidebar-style":"default","ast-global-header-display":"","ast-banner-title-visibility":"","ast-main-header-display":"","ast-hfb-above-header-display":"","ast-hfb-below-header-display":"","ast-hfb-mobile-header-display":"","site-post-title":"","ast-breadcrumbs-content":"","ast-featured-img":"","footer-sml-layout":"","theme-transparent-header-meta":"","adv-header-id-meta":"","stick-header-meta":"","header-above-stick-meta":"","header-main-stick-meta":"","header-below-stick-meta":"","astra-migrate-meta-layouts":"default","ast-page-background-enabled":"default","ast-page-background-meta":{"desktop":{"background-color":"var(--ast-global-color-4)","background-image":"","background-repeat":"repeat","background-position":"center center","background-size":"auto","background-attachment":"scroll","background-type":"","background-media":"","overlay-type":"","overlay-color":"","overlay-gradient":""},"tablet":{"background-color":"","background-image":"","background-repeat":"repeat","background-position":"center center","background-size":"auto","background-attachment":"scroll","background-type":"","background-media":"","overlay-type":"","overlay-color":"","overlay-gradient":""},"mobile":{"background-color":"","background-image":"","background-repeat":"repeat","background-position":"center center","background-size":"auto","background-attachment":"scroll","background-type":"","background-media":"","overlay-type":"","overlay-color":"","overlay-gradient":""}},"ast-content-background-meta":{"desktop":{"background-color":"var(--ast-global-color-5)","background-image":"","background-repeat":"repeat","background-position":"center center","background-size":"auto","background-attachment":"scroll","background-type":"","background-media":"","overlay-type":"","overlay-color":"","overlay-gradient":""},"tablet":{"background-color":"var(--ast-global-color-5)","background-image":"","background-repeat":"repeat","background-position":"center center","background-size":"auto","background-attachment":"scroll","background-type":"","background-media":"","overlay-type":"","overlay-color":"","overlay-gradient":""},"mobile":{"background-color":"var(--ast-global-color-5)","background-image":"","background-repeat":"repeat","background-position":"center center","background-size":"auto","background-attachment":"scroll","background-type":"","background-media":"","overlay-type":"","overlay-color":"","overlay-gradient":""}},"footnotes":""},"categories":[14934,949,40321],"tags":[2761,7145,7144,5138,17302,161652],"class_list":["post-74659","post","type-post","status-publish","format-standard","hentry","category-analisis-experimental-de-la-conducta","category-extremadura","category-niveles-de-actividad","tag-david-vence-valinas","tag-fernando-lara-ortega","tag-florencio-vicente-castro","tag-gonzalo-sampascual-maicas","tag-leandro-navas-Martinez","tag-magro-diogo-carlos-joaquin"],"_links":{"self":[{"href":"https:\/\/www.deberes.net\/tesis\/wp-json\/wp\/v2\/posts\/74659","targetHints":{"allow":["GET"]}}],"collection":[{"href":"https:\/\/www.deberes.net\/tesis\/wp-json\/wp\/v2\/posts"}],"about":[{"href":"https:\/\/www.deberes.net\/tesis\/wp-json\/wp\/v2\/types\/post"}],"author":[{"embeddable":true,"href":"https:\/\/www.deberes.net\/tesis\/wp-json\/wp\/v2\/users\/1"}],"replies":[{"embeddable":true,"href":"https:\/\/www.deberes.net\/tesis\/wp-json\/wp\/v2\/comments?post=74659"}],"version-history":[{"count":0,"href":"https:\/\/www.deberes.net\/tesis\/wp-json\/wp\/v2\/posts\/74659\/revisions"}],"wp:attachment":[{"href":"https:\/\/www.deberes.net\/tesis\/wp-json\/wp\/v2\/media?parent=74659"}],"wp:term":[{"taxonomy":"category","embeddable":true,"href":"https:\/\/www.deberes.net\/tesis\/wp-json\/wp\/v2\/categories?post=74659"},{"taxonomy":"post_tag","embeddable":true,"href":"https:\/\/www.deberes.net\/tesis\/wp-json\/wp\/v2\/tags?post=74659"}],"curies":[{"name":"wp","href":"https:\/\/api.w.org\/{rel}","templated":true}]}}