{"id":74685,"date":"2018-03-09T23:19:45","date_gmt":"2018-03-09T23:19:45","guid":{"rendered":"https:\/\/www.deberes.net\/tesis\/sin-categoria\/la-coleccion-diametologica-de-ernesto-caballero-y-bellido\/"},"modified":"2018-03-09T23:19:45","modified_gmt":"2018-03-09T23:19:45","slug":"la-coleccion-diametologica-de-ernesto-caballero-y-bellido","status":"publish","type":"post","link":"https:\/\/www.deberes.net\/tesis\/sin-categoria\/la-coleccion-diametologica-de-ernesto-caballero-y-bellido\/","title":{"rendered":"La colecci\u00f3n diametol\u00f3gica de ernesto caballero y bellido"},"content":{"rendered":"<h2>Tesis doctoral de <strong>  Ariz Olaechea Magdalena De <\/strong><\/h2>\n<p>La memoria representa el primer trabajo sistem\u00e1tico descriptivo y de documentaci\u00f3n que se realiza sobre una colecci\u00f3n de diatomeas f\u00f3siles y vivientes de la colecci\u00f3n diametol\u00f3gica de ernesto caballero y bellido, integrada por 205 preparaciones microsc\u00f3picas con miles de ejemplares.     se han descrito 1129 t\u00e1xones integrados en 166 g\u00e9neros de diatomeas, incluidas en la divisi\u00f3n bacillariophyta.<\/p>\n<p>&nbsp;<\/p>\n<h3>Datos acad\u00e9micos de la tesis doctoral \u00ab<strong>La colecci\u00f3n diametol\u00f3gica de ernesto caballero y bellido<\/strong>\u00ab<\/h3>\n<ul>\n<li><strong>T\u00edtulo de la tesis:<\/strong>\u00a0 La colecci\u00f3n diametol\u00f3gica de ernesto caballero y bellido <\/li>\n<li><strong>Autor:<\/strong>\u00a0  Ariz Olaechea Magdalena De <\/li>\n<li><strong>Universidad:<\/strong>\u00a0 Complutense de Madrid<\/li>\n<li><strong>Fecha de lectura de la tesis:<\/strong>\u00a0 17\/06\/2005<\/li>\n<\/ul>\n<p>&nbsp;<\/p>\n<h3>Direcci\u00f3n y tribunal<\/h3>\n<ul>\n<li><strong>Director de la tesis<\/strong>\n<ul>\n<li>Carmen Dieguez Jim\u00e9nez<\/li>\n<\/ul>\n<\/li>\n<li><strong>Tribunal<\/strong>\n<ul>\n<li>Presidente del tribunal: Carlos Vicente cordoba <\/li>\n<li>angel Montoro basterreche (vocal)<\/li>\n<li> Albern alonso m. teresa (vocal)<\/li>\n<li>Mar\u00eda filomena Valle hern\u00e1ndez (vocal)<\/li>\n<\/ul>\n<\/li>\n<\/ul>\n<p>&nbsp;<\/p>\n","protected":false},"excerpt":{"rendered":"<p>Tesis doctoral de Ariz Olaechea Magdalena De La memoria representa el primer trabajo sistem\u00e1tico descriptivo y de documentaci\u00f3n que se [&hellip;]<\/p>\n","protected":false},"author":1,"featured_media":0,"comment_status":"open","ping_status":"open","sticky":false,"template":"","format":"standard","meta":{"site-sidebar-layout":"default","site-content-layout":"","ast-site-content-layout":"","site-content-style":"default","site-sidebar-style":"default","ast-global-header-display":"","ast-banner-title-visibility":"","ast-main-header-display":"","ast-hfb-above-header-display":"","ast-hfb-below-header-display":"","ast-hfb-mobile-header-display":"","site-post-title":"","ast-breadcrumbs-content":"","ast-featured-img":"","footer-sml-layout":"","theme-transparent-header-meta":"","adv-header-id-meta":"","stick-header-meta":"","header-above-stick-meta":"","header-main-stick-meta":"","header-below-stick-meta":"","astra-migrate-meta-layouts":"default","ast-page-background-enabled":"default","ast-page-background-meta":{"desktop":{"background-color":"var(--ast-global-color-4)","background-image":"","background-repeat":"repeat","background-position":"center center","background-size":"auto","background-attachment":"scroll","background-type":"","background-media":"","overlay-type":"","overlay-color":"","overlay-gradient":""},"tablet":{"background-color":"","background-image":"","background-repeat":"repeat","background-position":"center center","background-size":"auto","background-attachment":"scroll","background-type":"","background-media":"","overlay-type":"","overlay-color":"","overlay-gradient":""},"mobile":{"background-color":"","background-image":"","background-repeat":"repeat","background-position":"center center","background-size":"auto","background-attachment":"scroll","background-type":"","background-media":"","overlay-type":"","overlay-color":"","overlay-gradient":""}},"ast-content-background-meta":{"desktop":{"background-color":"var(--ast-global-color-5)","background-image":"","background-repeat":"repeat","background-position":"center center","background-size":"auto","background-attachment":"scroll","background-type":"","background-media":"","overlay-type":"","overlay-color":"","overlay-gradient":""},"tablet":{"background-color":"var(--ast-global-color-5)","background-image":"","background-repeat":"repeat","background-position":"center center","background-size":"auto","background-attachment":"scroll","background-type":"","background-media":"","overlay-type":"","overlay-color":"","overlay-gradient":""},"mobile":{"background-color":"var(--ast-global-color-5)","background-image":"","background-repeat":"repeat","background-position":"center center","background-size":"auto","background-attachment":"scroll","background-type":"","background-media":"","overlay-type":"","overlay-color":"","overlay-gradient":""}},"footnotes":""},"categories":[620,1],"tags":[161699,161698,161697,22897,36268,7423],"class_list":["post-74685","post","type-post","status-publish","format-standard","hentry","category-ecologia-vegetal","category-sin-categoria","tag-albern-alonso-m-teresa","tag-angel-montoro-basterreche","tag-ariz-olaechea-magdalena-de","tag-carlos-vicente-cordoba","tag-carmen-dieguez-jimenez","tag-maria-filomena-valle-hernandez"],"_links":{"self":[{"href":"https:\/\/www.deberes.net\/tesis\/wp-json\/wp\/v2\/posts\/74685","targetHints":{"allow":["GET"]}}],"collection":[{"href":"https:\/\/www.deberes.net\/tesis\/wp-json\/wp\/v2\/posts"}],"about":[{"href":"https:\/\/www.deberes.net\/tesis\/wp-json\/wp\/v2\/types\/post"}],"author":[{"embeddable":true,"href":"https:\/\/www.deberes.net\/tesis\/wp-json\/wp\/v2\/users\/1"}],"replies":[{"embeddable":true,"href":"https:\/\/www.deberes.net\/tesis\/wp-json\/wp\/v2\/comments?post=74685"}],"version-history":[{"count":0,"href":"https:\/\/www.deberes.net\/tesis\/wp-json\/wp\/v2\/posts\/74685\/revisions"}],"wp:attachment":[{"href":"https:\/\/www.deberes.net\/tesis\/wp-json\/wp\/v2\/media?parent=74685"}],"wp:term":[{"taxonomy":"category","embeddable":true,"href":"https:\/\/www.deberes.net\/tesis\/wp-json\/wp\/v2\/categories?post=74685"},{"taxonomy":"post_tag","embeddable":true,"href":"https:\/\/www.deberes.net\/tesis\/wp-json\/wp\/v2\/tags?post=74685"}],"curies":[{"name":"wp","href":"https:\/\/api.w.org\/{rel}","templated":true}]}}