{"id":74700,"date":"2018-03-09T23:19:49","date_gmt":"2018-03-09T23:19:49","guid":{"rendered":"https:\/\/www.deberes.net\/tesis\/sin-categoria\/estrategias-dida-cticas-de-la-educadora-y-competencias-cognitivas-de-los-parvulos\/"},"modified":"2018-03-09T23:19:49","modified_gmt":"2018-03-09T23:19:49","slug":"estrategias-dida-cticas-de-la-educadora-y-competencias-cognitivas-de-los-parvulos","status":"publish","type":"post","link":"https:\/\/www.deberes.net\/tesis\/pedagogia\/estrategias-dida-cticas-de-la-educadora-y-competencias-cognitivas-de-los-parvulos\/","title":{"rendered":"Estrategias did\u00c1\u00a0cticas de la educadora y competencias cognitivas de los p\u00e1rvulos"},"content":{"rendered":"<h2>Tesis doctoral de <strong> Andrea Olivares \u00e1lvarez <\/strong><\/h2>\n<p>Resumen tesis doctoral  t\u00edtulo: estrategias  did\u00e1cticas de la educadora y competencias cognitivas de los p\u00e1rvulos.  justificaci\u00f3n: en respuesta a los bajos resultados en el desarrollo cognitivo de los p\u00e1rvulos de segundo ciclo y a la afirmaci\u00f3n \u00aben gran parte se debe a las estrategias pedag\u00f3gicas inadecuadas de la educadora de p\u00e1rvulos\u00bb, se intenta un estudio de r\u00e9plica con el siguiente objetivo general.  determinar si existe relaci\u00f3n entre las estrategias de ense\u00f1anza que utiliza la educadora de p\u00e1rvulos y el desarrollo de las competencias cognitivas en los p\u00e1rvulos que asisten al \u00faltimo nivel del sistema preescolar en las escuelas municipalizadas del sector c\u00e9ntrico de la ciudad de curic\u00f3, vii regi\u00f3n, chile.  los objetivos espec\u00edficos trabajan dicho problema y sistematizan las covariables, consideradas, a su vez, en las hip\u00f3tesis de investigaci\u00f3n.  esta investigaci\u00f3n descriptiva, cuantitativa, seccional y correlacional con un dise\u00f1o ex post-facto, revisa conocimientos disponibles sobre el tema para luego definir conceptual y operacionalmente las variables generales y las covariables.  la poblaci\u00f3n de estudio est\u00e1 conformada por educadoras de p\u00e1rvulos, de las cuales se trabaja con los elementos disponibles y, los p\u00e1rvulos que ellas atienden educativamente. De este grupo se extrae una muestra representativa, estratificada y probabil\u00edstica.  se construyen y validan dos instrumentos, uno, para evaluar competencias cognitivas en p\u00e1rvulos de segundo ciclo y el segundo, para evaluar las estrategias metodol\u00f3gicas de las educadoras de ni\u00f1os y ni\u00f1as.  se aplican los instrumentos, se analizan los datos y se contrastan las hip\u00f3tesis para generalizar algunos resultados a la poblaci\u00f3n de estudio,. se identifican las estrategias pedag\u00f3gicas m\u00e1s utilizadas por las educadoras de p\u00e1rvulos consideradas como m\u00e1s activas en sus pr\u00e1cticas educativas. de igual manera se mencionan carencias develadas en las pr\u00e1<\/p>\n<p>&nbsp;<\/p>\n<h3>Datos acad\u00e9micos de la tesis doctoral \u00ab<strong>Estrategias did\u00c1\u00a0cticas de la educadora y competencias cognitivas de los p\u00e1rvulos<\/strong>\u00ab<\/h3>\n<ul>\n<li><strong>T\u00edtulo de la tesis:<\/strong>\u00a0 Estrategias did\u00c1\u00a0cticas de la educadora y competencias cognitivas de los p\u00e1rvulos <\/li>\n<li><strong>Autor:<\/strong>\u00a0 Andrea Olivares \u00e1lvarez <\/li>\n<li><strong>Universidad:<\/strong>\u00a0 Valladolid<\/li>\n<li><strong>Fecha de lectura de la tesis:<\/strong>\u00a0 17\/06\/2005<\/li>\n<\/ul>\n<p>&nbsp;<\/p>\n<h3>Direcci\u00f3n y tribunal<\/h3>\n<ul>\n<li><strong>Director de la tesis<\/strong>\n<ul>\n<li>Jos\u00e9 Mar\u00eda Roman Sanchez<\/li>\n<\/ul>\n<\/li>\n<li><strong>Tribunal<\/strong>\n<ul>\n<li>Presidente del tribunal: narciso Garc\u00eda nieto <\/li>\n<li>mercedes Garc\u00eda Garc\u00eda (vocal)<\/li>\n<li>isabel Paula p\u00e9rez (vocal)<\/li>\n<li>inmaculada Calleja gonz\u00e1lez (vocal)<\/li>\n<\/ul>\n<\/li>\n<\/ul>\n<p>&nbsp;<\/p>\n","protected":false},"excerpt":{"rendered":"<p>Tesis doctoral de Andrea Olivares \u00e1lvarez Resumen tesis doctoral t\u00edtulo: estrategias did\u00e1cticas de la educadora y competencias cognitivas de los [&hellip;]<\/p>\n","protected":false},"author":1,"featured_media":0,"comment_status":"open","ping_status":"open","sticky":false,"template":"","format":"standard","meta":{"site-sidebar-layout":"default","site-content-layout":"","ast-site-content-layout":"","site-content-style":"default","site-sidebar-style":"default","ast-global-header-display":"","ast-banner-title-visibility":"","ast-main-header-display":"","ast-hfb-above-header-display":"","ast-hfb-below-header-display":"","ast-hfb-mobile-header-display":"","site-post-title":"","ast-breadcrumbs-content":"","ast-featured-img":"","footer-sml-layout":"","theme-transparent-header-meta":"","adv-header-id-meta":"","stick-header-meta":"","header-above-stick-meta":"","header-main-stick-meta":"","header-below-stick-meta":"","astra-migrate-meta-layouts":"default","ast-page-background-enabled":"default","ast-page-background-meta":{"desktop":{"background-color":"var(--ast-global-color-4)","background-image":"","background-repeat":"repeat","background-position":"center center","background-size":"auto","background-attachment":"scroll","background-type":"","background-media":"","overlay-type":"","overlay-color":"","overlay-gradient":""},"tablet":{"background-color":"","background-image":"","background-repeat":"repeat","background-position":"center center","background-size":"auto","background-attachment":"scroll","background-type":"","background-media":"","overlay-type":"","overlay-color":"","overlay-gradient":""},"mobile":{"background-color":"","background-image":"","background-repeat":"repeat","background-position":"center center","background-size":"auto","background-attachment":"scroll","background-type":"","background-media":"","overlay-type":"","overlay-color":"","overlay-gradient":""}},"ast-content-background-meta":{"desktop":{"background-color":"var(--ast-global-color-5)","background-image":"","background-repeat":"repeat","background-position":"center center","background-size":"auto","background-attachment":"scroll","background-type":"","background-media":"","overlay-type":"","overlay-color":"","overlay-gradient":""},"tablet":{"background-color":"var(--ast-global-color-5)","background-image":"","background-repeat":"repeat","background-position":"center center","background-size":"auto","background-attachment":"scroll","background-type":"","background-media":"","overlay-type":"","overlay-color":"","overlay-gradient":""},"mobile":{"background-color":"var(--ast-global-color-5)","background-image":"","background-repeat":"repeat","background-position":"center center","background-size":"auto","background-attachment":"scroll","background-type":"","background-media":"","overlay-type":"","overlay-color":"","overlay-gradient":""}},"footnotes":""},"categories":[2233,1141,1341,12451],"tags":[161720,161722,161721,5139,58927,5178],"class_list":["post-74700","post","type-post","status-publish","format-standard","hentry","category-metodos-pedagogicos","category-pedagogia","category-teoria-y-metodos-educativos","category-valladolid","tag-andrea-olivares-alvarez","tag-inmaculada-calleja-gonzalez","tag-isabel-paula-perez","tag-jose-maria-roman-sanchez","tag-mercedes-garcia-garcia","tag-narciso-garcia-nieto"],"_links":{"self":[{"href":"https:\/\/www.deberes.net\/tesis\/wp-json\/wp\/v2\/posts\/74700","targetHints":{"allow":["GET"]}}],"collection":[{"href":"https:\/\/www.deberes.net\/tesis\/wp-json\/wp\/v2\/posts"}],"about":[{"href":"https:\/\/www.deberes.net\/tesis\/wp-json\/wp\/v2\/types\/post"}],"author":[{"embeddable":true,"href":"https:\/\/www.deberes.net\/tesis\/wp-json\/wp\/v2\/users\/1"}],"replies":[{"embeddable":true,"href":"https:\/\/www.deberes.net\/tesis\/wp-json\/wp\/v2\/comments?post=74700"}],"version-history":[{"count":0,"href":"https:\/\/www.deberes.net\/tesis\/wp-json\/wp\/v2\/posts\/74700\/revisions"}],"wp:attachment":[{"href":"https:\/\/www.deberes.net\/tesis\/wp-json\/wp\/v2\/media?parent=74700"}],"wp:term":[{"taxonomy":"category","embeddable":true,"href":"https:\/\/www.deberes.net\/tesis\/wp-json\/wp\/v2\/categories?post=74700"},{"taxonomy":"post_tag","embeddable":true,"href":"https:\/\/www.deberes.net\/tesis\/wp-json\/wp\/v2\/tags?post=74700"}],"curies":[{"name":"wp","href":"https:\/\/api.w.org\/{rel}","templated":true}]}}