{"id":74711,"date":"2018-03-09T23:19:49","date_gmt":"2018-03-09T23:19:49","guid":{"rendered":"https:\/\/www.deberes.net\/tesis\/sin-categoria\/la-aplicacion-de-la-fotografa%c2%ada-a-la-arqueologa%c2%ada-en-espana-1860-1960-100-anos-de-discurso-arqueologico-a-traves-de-la-imagen\/"},"modified":"2018-03-09T23:19:49","modified_gmt":"2018-03-09T23:19:49","slug":"la-aplicacion-de-la-fotografa%c2%ada-a-la-arqueologa%c2%ada-en-espana-1860-1960-100-anos-de-discurso-arqueologico-a-traves-de-la-imagen","status":"publish","type":"post","link":"https:\/\/www.deberes.net\/tesis\/historia\/la-aplicacion-de-la-fotografa%c2%ada-a-la-arqueologa%c2%ada-en-espana-1860-1960-100-anos-de-discurso-arqueologico-a-traves-de-la-imagen\/","title":{"rendered":"La aplicaci\u00f3n de la fotograf\u00edaa la arqueolog\u00eda en espa\u00f1a (1860-1960). 100 a\u00f1os de discurso arqueol\u00f3gico a trav\u00e9s de la imagen"},"content":{"rendered":"<h2>Tesis doctoral de <strong> Susana Gonz\u00e1lez Reyero <\/strong><\/h2>\n<p>Se examina el proceso hist\u00f3rico por el que la fotograf\u00eda se incorpor\u00f3 a los estudios hist\u00f3ricos y arqueol\u00f3gicos en espa\u00f1a, entre 1860 y 1960. Desde una doble perspectiva. Por una parte, las sucesivas fases -cronol\u00f3gicaas o conceptuales- en que esta t\u00e9cnica fotogr\u00e1fica se aplic\u00f3 a la ciencia arqueol\u00f3gica en el per\u00edodo mencionado y, por otra, los diferentes usos y consecuencias que su llegada y aplicaci\u00f3n tuvieron para los estudios historicos espa\u00f1oles.  para poder comprender este proceso se ha examinado tambi\u00e9n c\u00f3mo se desarroll\u00f3 en otros pa\u00edses auropeos, dedic\u00e1ndose varios cap\u00edtulos a los casos de francia, gran breta\u00f1a e italia. Tambi\u00e9n se ha examinado las otras formas de an\u00e1lisis y descripci\u00f3n de la realidad como son los dibujos, los vaciados y moldes y su incidencia en la arqueolog\u00eda espa\u00f1ola. Igualmente se atendi\u00f3 a el papel d ela difusi\u00f3n de hallazgos y teor\u00edas mediante las charlas y conferencias, la exposici\u00f3n muse\u00edstica y, en definitiva, el papel d ela fotgraf\u00eda en la conformaci\u00f3n de un marco mundial de discusi\u00f3n arqueol\u00f3gica y en la configuraci\u00f3n de una memoria colectiva del patrimonio nacional. Otro cap\u00edtulo se dedic\u00f3 tambi\u00e9n a conocer los archivos o fototecas con fotograf\u00edas de car\u00e1cter arqueol\u00f3gico que hay en espa\u00f1a y en algunos pa\u00edses del extranjero con fondos sobre arqueolog\u00eda espa\u00f1ola. Destacaba la utilidad de recensionar estos centros y sus fondos debido a la ausencia de un corpus similar en espa\u00f1a.  por todo ello la tesis ha realizado un recorrido in\u00e9dito por un proceso hist\u00f3rico -la aplicaci\u00f3n de la fotograf\u00eda a la arqueolog\u00eda en espa\u00f1a- de gran importancia y que contribuy\u00f3 a modificar y conformar la ciencia que hoy conocemos.<\/p>\n<p>&nbsp;<\/p>\n<h3>Datos acad\u00e9micos de la tesis doctoral \u00ab<strong>La aplicaci\u00f3n de la fotograf\u00edaa la arqueolog\u00eda en espa\u00f1a (1860-1960). 100 a\u00f1os de discurso arqueol\u00f3gico a trav\u00e9s de la imagen<\/strong>\u00ab<\/h3>\n<ul>\n<li><strong>T\u00edtulo de la tesis:<\/strong>\u00a0 La aplicaci\u00f3n de la fotograf\u00edaa la arqueolog\u00eda en espa\u00f1a (1860-1960). 100 a\u00f1os de discurso arqueol\u00f3gico a trav\u00e9s de la imagen <\/li>\n<li><strong>Autor:<\/strong>\u00a0 Susana Gonz\u00e1lez Reyero <\/li>\n<li><strong>Universidad:<\/strong>\u00a0 Aut\u00f3noma de Madrid<\/li>\n<li><strong>Fecha de lectura de la tesis:<\/strong>\u00a0 17\/06\/2005<\/li>\n<\/ul>\n<p>&nbsp;<\/p>\n<h3>Direcci\u00f3n y tribunal<\/h3>\n<ul>\n<li><strong>Director de la tesis<\/strong>\n<ul>\n<li>Juan Bl\u00e1nquez P\u00e9rez<\/li>\n<\/ul>\n<\/li>\n<li><strong>Tribunal<\/strong>\n<ul>\n<li>Presidente del tribunal: manuel Bendala galan <\/li>\n<li>pierre Rouillard (vocal)<\/li>\n<li>arturo Ruiz rodriguez (vocal)<\/li>\n<li>jordi Cortadella morral (vocal)<\/li>\n<\/ul>\n<\/li>\n<\/ul>\n<p>&nbsp;<\/p>\n","protected":false},"excerpt":{"rendered":"<p>Tesis doctoral de Susana Gonz\u00e1lez Reyero Se examina el proceso hist\u00f3rico por el que la fotograf\u00eda se incorpor\u00f3 a los [&hellip;]<\/p>\n","protected":false},"author":1,"featured_media":0,"comment_status":"open","ping_status":"open","sticky":false,"template":"","format":"standard","meta":{"site-sidebar-layout":"default","site-content-layout":"","ast-site-content-layout":"","site-content-style":"default","site-sidebar-style":"default","ast-global-header-display":"","ast-banner-title-visibility":"","ast-main-header-display":"","ast-hfb-above-header-display":"","ast-hfb-below-header-display":"","ast-hfb-mobile-header-display":"","site-post-title":"","ast-breadcrumbs-content":"","ast-featured-img":"","footer-sml-layout":"","theme-transparent-header-meta":"","adv-header-id-meta":"","stick-header-meta":"","header-above-stick-meta":"","header-main-stick-meta":"","header-below-stick-meta":"","astra-migrate-meta-layouts":"default","ast-page-background-enabled":"default","ast-page-background-meta":{"desktop":{"background-color":"var(--ast-global-color-4)","background-image":"","background-repeat":"repeat","background-position":"center center","background-size":"auto","background-attachment":"scroll","background-type":"","background-media":"","overlay-type":"","overlay-color":"","overlay-gradient":""},"tablet":{"background-color":"","background-image":"","background-repeat":"repeat","background-position":"center center","background-size":"auto","background-attachment":"scroll","background-type":"","background-media":"","overlay-type":"","overlay-color":"","overlay-gradient":""},"mobile":{"background-color":"","background-image":"","background-repeat":"repeat","background-position":"center center","background-size":"auto","background-attachment":"scroll","background-type":"","background-media":"","overlay-type":"","overlay-color":"","overlay-gradient":""}},"ast-content-background-meta":{"desktop":{"background-color":"var(--ast-global-color-5)","background-image":"","background-repeat":"repeat","background-position":"center center","background-size":"auto","background-attachment":"scroll","background-type":"","background-media":"","overlay-type":"","overlay-color":"","overlay-gradient":""},"tablet":{"background-color":"var(--ast-global-color-5)","background-image":"","background-repeat":"repeat","background-position":"center center","background-size":"auto","background-attachment":"scroll","background-type":"","background-media":"","overlay-type":"","overlay-color":"","overlay-gradient":""},"mobile":{"background-color":"var(--ast-global-color-5)","background-image":"","background-repeat":"repeat","background-position":"center center","background-size":"auto","background-attachment":"scroll","background-type":"","background-media":"","overlay-type":"","overlay-color":"","overlay-gradient":""}},"footnotes":""},"categories":[1623,1624,104],"tags":[27123,161745,14490,14487,161744,161743],"class_list":["post-74711","post","type-post","status-publish","format-standard","hentry","category-arqueologia","category-ciencias-auxiliares-de-la-historia","category-historia","tag-arturo-ruiz-rodriguez","tag-jordi-cortadella-morral","tag-juan-blanquez-perez","tag-manuel-bendala-galan","tag-pierre-rouillard","tag-susana-gonzalez-reyero"],"_links":{"self":[{"href":"https:\/\/www.deberes.net\/tesis\/wp-json\/wp\/v2\/posts\/74711","targetHints":{"allow":["GET"]}}],"collection":[{"href":"https:\/\/www.deberes.net\/tesis\/wp-json\/wp\/v2\/posts"}],"about":[{"href":"https:\/\/www.deberes.net\/tesis\/wp-json\/wp\/v2\/types\/post"}],"author":[{"embeddable":true,"href":"https:\/\/www.deberes.net\/tesis\/wp-json\/wp\/v2\/users\/1"}],"replies":[{"embeddable":true,"href":"https:\/\/www.deberes.net\/tesis\/wp-json\/wp\/v2\/comments?post=74711"}],"version-history":[{"count":0,"href":"https:\/\/www.deberes.net\/tesis\/wp-json\/wp\/v2\/posts\/74711\/revisions"}],"wp:attachment":[{"href":"https:\/\/www.deberes.net\/tesis\/wp-json\/wp\/v2\/media?parent=74711"}],"wp:term":[{"taxonomy":"category","embeddable":true,"href":"https:\/\/www.deberes.net\/tesis\/wp-json\/wp\/v2\/categories?post=74711"},{"taxonomy":"post_tag","embeddable":true,"href":"https:\/\/www.deberes.net\/tesis\/wp-json\/wp\/v2\/tags?post=74711"}],"curies":[{"name":"wp","href":"https:\/\/api.w.org\/{rel}","templated":true}]}}