{"id":74718,"date":"2018-03-09T23:19:49","date_gmt":"2018-03-09T23:19:49","guid":{"rendered":"https:\/\/www.deberes.net\/tesis\/sin-categoria\/geometria-sensible\/"},"modified":"2018-03-09T23:19:49","modified_gmt":"2018-03-09T23:19:49","slug":"geometria-sensible","status":"publish","type":"post","link":"https:\/\/www.deberes.net\/tesis\/matematicas\/geometria-sensible\/","title":{"rendered":"Geometria sensible"},"content":{"rendered":"<h2>Tesis doctoral de <strong> Pierre Louis Beckers Benoit <\/strong><\/h2>\n<p>En muchos campos de la investigaci\u00f3n arquitect\u00f3nica, se est\u00e1n desarrollando m\u00e9todos algor\u00edtmicos esencialmente basados en la geometr\u00eda: es el caso, por ejemplo, de los \u00abm\u00e9todos geom\u00e9tricos\u00bb aplicados en la ac\u00fastica, en la iluminaci\u00f3n &#8211; natural o artificial &#8211; o en la renderizaci\u00f3n. En los arduos problemas relativos al color, y quiz\u00e1s a la t\u00e9rmica, se siente tambi\u00e9n la necesidad de una interpretaci\u00f3n geom\u00e9trica adaptada a tales entornos.  \u00c2\u00bfpero con qu\u00e9 geometr\u00eda hemos de trabajar?      Una geometr\u00eda que pueda integrar, desde luego, las diferentes propiedades perceptivas, con el fin de presentarse como una especie de interfaz entre percepci\u00f3n y expresi\u00f3n: es lo que llamaremos una geometr\u00eda sensible.  los primeros cap\u00edtulos de la tesis (1 a 5) son esencialmente introductorios. se siente la necesidad de hacer intervenir la m\u00fasica (6 y 7) y, luego, de remontar a los pensadores presocr\u00e1ticos (8). Despu\u00e9s, se discute el problema de la perspectiva central (9) y su ubicaci\u00f3n entre distintos modos de representaci\u00f3n (10 a 12). Un estudio de las diferentes progresiones (13) nos lleva entonces a reevaluar la \u00ab\u00f3ptica\u00bb de euclides y el alcance de la perspectiva renacentista (14). Descrita a la manera de los dibujantes (15), la perspectiva central se muestra, gracias a sus invariantes (16), un modelo seguro de la mirada; aplicada a la ley de weber-fechner (17), permite generalizarla (18), como la propiedad fundamental de la percepci\u00f3n, que propongo llamar escorzo. Tras un ejemplo de aplicaci\u00f3n (19), podemos entonces volver al problema del color (20) y a sus particularidades.<\/p>\n<p>&nbsp;<\/p>\n<h3>Datos acad\u00e9micos de la tesis doctoral \u00ab<strong>Geometria sensible<\/strong>\u00ab<\/h3>\n<ul>\n<li><strong>T\u00edtulo de la tesis:<\/strong>\u00a0 Geometria sensible <\/li>\n<li><strong>Autor:<\/strong>\u00a0 Pierre Louis Beckers Benoit <\/li>\n<li><strong>Universidad:<\/strong>\u00a0 Polit\u00e9cnica de catalunya<\/li>\n<li><strong>Fecha de lectura de la tesis:<\/strong>\u00a0 17\/06\/2005<\/li>\n<\/ul>\n<p>&nbsp;<\/p>\n<h3>Direcci\u00f3n y tribunal<\/h3>\n<ul>\n<li><strong>Director de la tesis<\/strong>\n<ul>\n<li>Rafael Serra Florensa<\/li>\n<\/ul>\n<\/li>\n<li><strong>Tribunal<\/strong>\n<ul>\n<li>Presidente del tribunal:  Quetglas riusech Jos\u00e9 Francisco <\/li>\n<li>Jos\u00e9 Aponte carrasco (vocal)<\/li>\n<li>federico Butera (vocal)<\/li>\n<li>m. carmen Pardo salgado (vocal)<\/li>\n<\/ul>\n<\/li>\n<\/ul>\n<p>&nbsp;<\/p>\n","protected":false},"excerpt":{"rendered":"<p>Tesis doctoral de Pierre Louis Beckers Benoit En muchos campos de la investigaci\u00f3n arquitect\u00f3nica, se est\u00e1n desarrollando m\u00e9todos algor\u00edtmicos esencialmente [&hellip;]<\/p>\n","protected":false},"author":1,"featured_media":0,"comment_status":"open","ping_status":"open","sticky":false,"template":"","format":"standard","meta":{"site-sidebar-layout":"default","site-content-layout":"","ast-site-content-layout":"","site-content-style":"default","site-sidebar-style":"default","ast-global-header-display":"","ast-banner-title-visibility":"","ast-main-header-display":"","ast-hfb-above-header-display":"","ast-hfb-below-header-display":"","ast-hfb-mobile-header-display":"","site-post-title":"","ast-breadcrumbs-content":"","ast-featured-img":"","footer-sml-layout":"","theme-transparent-header-meta":"","adv-header-id-meta":"","stick-header-meta":"","header-above-stick-meta":"","header-main-stick-meta":"","header-below-stick-meta":"","astra-migrate-meta-layouts":"default","ast-page-background-enabled":"default","ast-page-background-meta":{"desktop":{"background-color":"var(--ast-global-color-4)","background-image":"","background-repeat":"repeat","background-position":"center center","background-size":"auto","background-attachment":"scroll","background-type":"","background-media":"","overlay-type":"","overlay-color":"","overlay-gradient":""},"tablet":{"background-color":"","background-image":"","background-repeat":"repeat","background-position":"center center","background-size":"auto","background-attachment":"scroll","background-type":"","background-media":"","overlay-type":"","overlay-color":"","overlay-gradient":""},"mobile":{"background-color":"","background-image":"","background-repeat":"repeat","background-position":"center center","background-size":"auto","background-attachment":"scroll","background-type":"","background-media":"","overlay-type":"","overlay-color":"","overlay-gradient":""}},"ast-content-background-meta":{"desktop":{"background-color":"var(--ast-global-color-5)","background-image":"","background-repeat":"repeat","background-position":"center center","background-size":"auto","background-attachment":"scroll","background-type":"","background-media":"","overlay-type":"","overlay-color":"","overlay-gradient":""},"tablet":{"background-color":"var(--ast-global-color-5)","background-image":"","background-repeat":"repeat","background-position":"center center","background-size":"auto","background-attachment":"scroll","background-type":"","background-media":"","overlay-type":"","overlay-color":"","overlay-gradient":""},"mobile":{"background-color":"var(--ast-global-color-5)","background-image":"","background-repeat":"repeat","background-position":"center center","background-size":"auto","background-attachment":"scroll","background-type":"","background-media":"","overlay-type":"","overlay-color":"","overlay-gradient":""}},"footnotes":""},"categories":[5190,4509,147,199,30902,583,126,15596,2461,324,2462],"tags":[26452,161757,19163,161756,70782,15671],"class_list":["post-74718","post","type-post","status-publish","format-standard","hentry","category-acustica","category-arquitectura","category-ciencias-de-las-artes-y-las-letras","category-fisica","category-fisica-de-la-musica","category-geometria","category-matematicas","category-politecnica-de-catalunya","category-procesos-de-percepcion","category-psicologia","category-psicologia-experimental","tag-federico-butera","tag-jose-aponte-carrasco","tag-m-carmen-pardo-salgado","tag-pierre-louis-beckers-benoit","tag-quetglas-riusech-jose-francisco","tag-rafael-serra-florensa"],"_links":{"self":[{"href":"https:\/\/www.deberes.net\/tesis\/wp-json\/wp\/v2\/posts\/74718","targetHints":{"allow":["GET"]}}],"collection":[{"href":"https:\/\/www.deberes.net\/tesis\/wp-json\/wp\/v2\/posts"}],"about":[{"href":"https:\/\/www.deberes.net\/tesis\/wp-json\/wp\/v2\/types\/post"}],"author":[{"embeddable":true,"href":"https:\/\/www.deberes.net\/tesis\/wp-json\/wp\/v2\/users\/1"}],"replies":[{"embeddable":true,"href":"https:\/\/www.deberes.net\/tesis\/wp-json\/wp\/v2\/comments?post=74718"}],"version-history":[{"count":0,"href":"https:\/\/www.deberes.net\/tesis\/wp-json\/wp\/v2\/posts\/74718\/revisions"}],"wp:attachment":[{"href":"https:\/\/www.deberes.net\/tesis\/wp-json\/wp\/v2\/media?parent=74718"}],"wp:term":[{"taxonomy":"category","embeddable":true,"href":"https:\/\/www.deberes.net\/tesis\/wp-json\/wp\/v2\/categories?post=74718"},{"taxonomy":"post_tag","embeddable":true,"href":"https:\/\/www.deberes.net\/tesis\/wp-json\/wp\/v2\/tags?post=74718"}],"curies":[{"name":"wp","href":"https:\/\/api.w.org\/{rel}","templated":true}]}}