{"id":74755,"date":"2018-03-09T23:19:52","date_gmt":"2018-03-09T23:19:52","guid":{"rendered":"https:\/\/www.deberes.net\/tesis\/sin-categoria\/modelo-para-la-mejora-de-la-comprension-lectora-en-sujetos-a-traves-de-la-lectura-de-cuentos-estudio-comparativo-entre-poblacion-espanola-y-mexicana\/"},"modified":"2018-03-09T23:19:52","modified_gmt":"2018-03-09T23:19:52","slug":"modelo-para-la-mejora-de-la-comprension-lectora-en-sujetos-a-traves-de-la-lectura-de-cuentos-estudio-comparativo-entre-poblacion-espanola-y-mexicana","status":"publish","type":"post","link":"https:\/\/www.deberes.net\/tesis\/psicologia\/modelo-para-la-mejora-de-la-comprension-lectora-en-sujetos-a-traves-de-la-lectura-de-cuentos-estudio-comparativo-entre-poblacion-espanola-y-mexicana\/","title":{"rendered":"Modelo para la mejora de la comprensi\u00f3n lectora en sujetos a trav\u00e9s de la lectura de cuentos. estudio comparativo entre poblaci\u00f3n espa\u00f1ola y mexicana"},"content":{"rendered":"<h2>Tesis doctoral de <strong> Ruben Barragan Paramo <\/strong><\/h2>\n<p>El presente trabajo consiste en un modelo para la mejora de la comprensi\u00f3n lectora a trav\u00e9s de la lectura de cuentos. El modelo tiende a desarrollar en el individuo los diferentes aspectos que tienden a elevar la calidad de la lectura de comprensi\u00f3n como son: memoria, habilidades visuales, expresi\u00f3n oral, expresi\u00f3n escrita, predicci\u00f3n y anticipaci\u00f3n. Todo a partir de la lectura de cuentos maravillosos que captan la atenci\u00f3n de los ni\u00f1os desde un primer momento. Manejando un eje transversal que es el valor \u00e9tico de la ecofilia. Se incluyen adem\u00e1s el libro de cuentos y el libro de actividades como parte de los anexos de este trabajo.<\/p>\n<p>&nbsp;<\/p>\n<h3>Datos acad\u00e9micos de la tesis doctoral \u00ab<strong>Modelo para la mejora de la comprensi\u00f3n lectora en sujetos a trav\u00e9s de la lectura de cuentos. estudio comparativo entre poblaci\u00f3n espa\u00f1ola y mexicana<\/strong>\u00ab<\/h3>\n<ul>\n<li><strong>T\u00edtulo de la tesis:<\/strong>\u00a0 Modelo para la mejora de la comprensi\u00f3n lectora en sujetos a trav\u00e9s de la lectura de cuentos. estudio comparativo entre poblaci\u00f3n espa\u00f1ola y mexicana <\/li>\n<li><strong>Autor:<\/strong>\u00a0 Ruben Barragan Paramo <\/li>\n<li><strong>Universidad:<\/strong>\u00a0 Complutense de Madrid<\/li>\n<li><strong>Fecha de lectura de la tesis:<\/strong>\u00a0 20\/06\/2005<\/li>\n<\/ul>\n<p>&nbsp;<\/p>\n<h3>Direcci\u00f3n y tribunal<\/h3>\n<ul>\n<li><strong>Director de la tesis<\/strong>\n<ul>\n<li>V\u00edctor Santiuste Bermejo<\/li>\n<\/ul>\n<\/li>\n<li><strong>Tribunal<\/strong>\n<ul>\n<li>Presidente del tribunal: elena Garcia-alca\u00f1iz calvo <\/li>\n<li>Francisco Miras mart\u00ednez (vocal)<\/li>\n<li>ramona Rubio herrera (vocal)<\/li>\n<li>nazario Yuste rossell (vocal)<\/li>\n<\/ul>\n<\/li>\n<\/ul>\n<p>&nbsp;<\/p>\n","protected":false},"excerpt":{"rendered":"<p>Tesis doctoral de Ruben Barragan Paramo El presente trabajo consiste en un modelo para la mejora de la comprensi\u00f3n lectora [&hellip;]<\/p>\n","protected":false},"author":1,"featured_media":0,"comment_status":"open","ping_status":"open","sticky":false,"template":"","format":"standard","meta":{"site-sidebar-layout":"default","site-content-layout":"","ast-site-content-layout":"","site-content-style":"default","site-sidebar-style":"default","ast-global-header-display":"","ast-banner-title-visibility":"","ast-main-header-display":"","ast-hfb-above-header-display":"","ast-hfb-below-header-display":"","ast-hfb-mobile-header-display":"","site-post-title":"","ast-breadcrumbs-content":"","ast-featured-img":"","footer-sml-layout":"","theme-transparent-header-meta":"","adv-header-id-meta":"","stick-header-meta":"","header-above-stick-meta":"","header-main-stick-meta":"","header-below-stick-meta":"","astra-migrate-meta-layouts":"default","ast-page-background-enabled":"default","ast-page-background-meta":{"desktop":{"background-color":"var(--ast-global-color-4)","background-image":"","background-repeat":"repeat","background-position":"center center","background-size":"auto","background-attachment":"scroll","background-type":"","background-media":"","overlay-type":"","overlay-color":"","overlay-gradient":""},"tablet":{"background-color":"","background-image":"","background-repeat":"repeat","background-position":"center center","background-size":"auto","background-attachment":"scroll","background-type":"","background-media":"","overlay-type":"","overlay-color":"","overlay-gradient":""},"mobile":{"background-color":"","background-image":"","background-repeat":"repeat","background-position":"center center","background-size":"auto","background-attachment":"scroll","background-type":"","background-media":"","overlay-type":"","overlay-color":"","overlay-gradient":""}},"ast-content-background-meta":{"desktop":{"background-color":"var(--ast-global-color-5)","background-image":"","background-repeat":"repeat","background-position":"center center","background-size":"auto","background-attachment":"scroll","background-type":"","background-media":"","overlay-type":"","overlay-color":"","overlay-gradient":""},"tablet":{"background-color":"var(--ast-global-color-5)","background-image":"","background-repeat":"repeat","background-position":"center center","background-size":"auto","background-attachment":"scroll","background-type":"","background-media":"","overlay-type":"","overlay-color":"","overlay-gradient":""},"mobile":{"background-color":"var(--ast-global-color-5)","background-image":"","background-repeat":"repeat","background-position":"center center","background-size":"auto","background-attachment":"scroll","background-type":"","background-media":"","overlay-type":"","overlay-color":"","overlay-gradient":""}},"footnotes":""},"categories":[324,5174],"tags":[24004,21713,46233,21712,161827,18438],"class_list":["post-74755","post","type-post","status-publish","format-standard","hentry","category-psicologia","category-psicopedagogia","tag-elena-garcia-alcaniz-calvo","tag-francisco-miras-Martinez","tag-nazario-yuste-rossell","tag-ramona-rubio-herrera","tag-ruben-barragan-paramo","tag-victor-santiuste-bermejo"],"_links":{"self":[{"href":"https:\/\/www.deberes.net\/tesis\/wp-json\/wp\/v2\/posts\/74755","targetHints":{"allow":["GET"]}}],"collection":[{"href":"https:\/\/www.deberes.net\/tesis\/wp-json\/wp\/v2\/posts"}],"about":[{"href":"https:\/\/www.deberes.net\/tesis\/wp-json\/wp\/v2\/types\/post"}],"author":[{"embeddable":true,"href":"https:\/\/www.deberes.net\/tesis\/wp-json\/wp\/v2\/users\/1"}],"replies":[{"embeddable":true,"href":"https:\/\/www.deberes.net\/tesis\/wp-json\/wp\/v2\/comments?post=74755"}],"version-history":[{"count":0,"href":"https:\/\/www.deberes.net\/tesis\/wp-json\/wp\/v2\/posts\/74755\/revisions"}],"wp:attachment":[{"href":"https:\/\/www.deberes.net\/tesis\/wp-json\/wp\/v2\/media?parent=74755"}],"wp:term":[{"taxonomy":"category","embeddable":true,"href":"https:\/\/www.deberes.net\/tesis\/wp-json\/wp\/v2\/categories?post=74755"},{"taxonomy":"post_tag","embeddable":true,"href":"https:\/\/www.deberes.net\/tesis\/wp-json\/wp\/v2\/tags?post=74755"}],"curies":[{"name":"wp","href":"https:\/\/api.w.org\/{rel}","templated":true}]}}