{"id":74760,"date":"2018-03-09T23:19:52","date_gmt":"2018-03-09T23:19:52","guid":{"rendered":"https:\/\/www.deberes.net\/tesis\/sin-categoria\/analisis-de-la-actividad-exportadora-en-la-pyme-espanola-relacion-con-los-resultados-empresariales\/"},"modified":"2018-03-09T23:19:52","modified_gmt":"2018-03-09T23:19:52","slug":"analisis-de-la-actividad-exportadora-en-la-pyme-espanola-relacion-con-los-resultados-empresariales","status":"publish","type":"post","link":"https:\/\/www.deberes.net\/tesis\/ciencias-economicas\/analisis-de-la-actividad-exportadora-en-la-pyme-espanola-relacion-con-los-resultados-empresariales\/","title":{"rendered":"Analisis de la actividad exportadora en la pyme espa\u00f1ola. relacion con los resultados empresariales"},"content":{"rendered":"<h2>Tesis doctoral de <strong> Francisco Garcia Perez <\/strong><\/h2>\n<p>Dada la importancia que para la econom\u00eda espa\u00f1ola tienen las peque\u00f1as y medianas empresas (pymes), as\u00ed como la a\u00fan reducida, si bien creciente, implicaci\u00f3n internacional de este tipo de organizaciones, en esta tesis doctoral se analizan las actividades de exportaci\u00f3n de las pymes espa\u00f1olas. el inter\u00e9s del estudio se centra en la relaci\u00f3n que la exportaci\u00f3n guarda con los resultados empresariales.  Asimismo, tomando como marco te\u00f3rico de referencia el paradigma ecl\u00e9ctico de la producci\u00f3n internacional desarrollado por john h. Dunning (1977) se trata de averiguar cu\u00e1les son los principales motivos que llevan a las pymes espa\u00f1olas a salir al extranjero.  para cumplir con esos objetivos se han planteado dos an\u00e1lisis emp\u00edricos complementarios.  En primer lugar, se ha llevado a cabo un estudio de casos m\u00faltiple de car\u00e1cter exploratorio en el que se ha analizado la experiencia exportadora de un grupo de once empresas asturianas y alicantinas pertenecientes a diferentes sectores de actividad.  Con \u00e9l se ha tratado de conocer mejor el proceso exportador seguido por las peque\u00f1as y medianas empresas con el objetivo de extraer conclusiones e ideas que posteriormente pudiesen ser contrastadas en el segundo de los an\u00e1lisis emp\u00edricos.  As\u00ed, la segunda parte de la investigaci\u00f3n emp\u00edrica trata de extender el estudio de la actividad exportadora de las peque\u00f1as y medianas empresas a una muestra representativa de pymes industriales instaladas en espa\u00f1a.  Para ello, se ha utilizado como fuente de datos la encuesta sobre estrategias empresariales (esee), que es un panel de empresas elaborado anualmente por la fundaci\u00f3n sepi con la colaboraci\u00f3n del ministerio de ciencia y tecnolog\u00eda de espa\u00f1a. con los datos proporcionados por la esee se han realizado contrastes econom\u00e9tricos para datos de panel encaminados, por una parte, a aportar evidencia acerca de si son las mejores empresas las que exportan y\/o si la exportaci\u00f3n permite l<\/p>\n<p>&nbsp;<\/p>\n<h3>Datos acad\u00e9micos de la tesis doctoral \u00ab<strong>Analisis de la actividad exportadora en la pyme espa\u00f1ola. relacion con los resultados empresariales<\/strong>\u00ab<\/h3>\n<ul>\n<li><strong>T\u00edtulo de la tesis:<\/strong>\u00a0 Analisis de la actividad exportadora en la pyme espa\u00f1ola. relacion con los resultados empresariales <\/li>\n<li><strong>Autor:<\/strong>\u00a0 Francisco Garcia Perez <\/li>\n<li><strong>Universidad:<\/strong>\u00a0 Oviedo<\/li>\n<li><strong>Fecha de lectura de la tesis:<\/strong>\u00a0 20\/06\/2005<\/li>\n<\/ul>\n<p>&nbsp;<\/p>\n<h3>Direcci\u00f3n y tribunal<\/h3>\n<ul>\n<li><strong>Director de la tesis<\/strong>\n<ul>\n<li>Lucia Avella Camarero<\/li>\n<\/ul>\n<\/li>\n<li><strong>Tribunal<\/strong>\n<ul>\n<li>Presidente del tribunal: Juan Ventura victoria <\/li>\n<li>c\u00e9sar Camis\u00f3n zornoza (vocal)<\/li>\n<li>zulima Fernandez rodriguez (vocal)<\/li>\n<li>Jos\u00e9 Mar\u00eda Gomez gras (vocal)<\/li>\n<\/ul>\n<\/li>\n<\/ul>\n<p>&nbsp;<\/p>\n","protected":false},"excerpt":{"rendered":"<p>Tesis doctoral de Francisco Garcia Perez Dada la importancia que para la econom\u00eda espa\u00f1ola tienen las peque\u00f1as y medianas empresas [&hellip;]<\/p>\n","protected":false},"author":1,"featured_media":0,"comment_status":"open","ping_status":"open","sticky":false,"template":"","format":"standard","meta":{"site-sidebar-layout":"default","site-content-layout":"","ast-site-content-layout":"","site-content-style":"default","site-sidebar-style":"default","ast-global-header-display":"","ast-banner-title-visibility":"","ast-main-header-display":"","ast-hfb-above-header-display":"","ast-hfb-below-header-display":"","ast-hfb-mobile-header-display":"","site-post-title":"","ast-breadcrumbs-content":"","ast-featured-img":"","footer-sml-layout":"","theme-transparent-header-meta":"","adv-header-id-meta":"","stick-header-meta":"","header-above-stick-meta":"","header-main-stick-meta":"","header-below-stick-meta":"","astra-migrate-meta-layouts":"default","ast-page-background-enabled":"default","ast-page-background-meta":{"desktop":{"background-color":"var(--ast-global-color-4)","background-image":"","background-repeat":"repeat","background-position":"center center","background-size":"auto","background-attachment":"scroll","background-type":"","background-media":"","overlay-type":"","overlay-color":"","overlay-gradient":""},"tablet":{"background-color":"","background-image":"","background-repeat":"repeat","background-position":"center center","background-size":"auto","background-attachment":"scroll","background-type":"","background-media":"","overlay-type":"","overlay-color":"","overlay-gradient":""},"mobile":{"background-color":"","background-image":"","background-repeat":"repeat","background-position":"center center","background-size":"auto","background-attachment":"scroll","background-type":"","background-media":"","overlay-type":"","overlay-color":"","overlay-gradient":""}},"ast-content-background-meta":{"desktop":{"background-color":"var(--ast-global-color-5)","background-image":"","background-repeat":"repeat","background-position":"center center","background-size":"auto","background-attachment":"scroll","background-type":"","background-media":"","overlay-type":"","overlay-color":"","overlay-gradient":""},"tablet":{"background-color":"var(--ast-global-color-5)","background-image":"","background-repeat":"repeat","background-position":"center center","background-size":"auto","background-attachment":"scroll","background-type":"","background-media":"","overlay-type":"","overlay-color":"","overlay-gradient":""},"mobile":{"background-color":"var(--ast-global-color-5)","background-image":"","background-repeat":"repeat","background-position":"center center","background-size":"auto","background-attachment":"scroll","background-type":"","background-media":"","overlay-type":"","overlay-color":"","overlay-gradient":""}},"footnotes":""},"categories":[82,910,12677,8846],"tags":[31362,25363,12332,5986,42188,9173],"class_list":["post-74760","post","type-post","status-publish","format-standard","hentry","category-ciencias-economicas","category-economia-internacional","category-negocios-internacionales","category-oviedo","tag-cesar-camison-zornoza","tag-francisco-garcia-perez","tag-jose-maria-gomez-gras","tag-juan-ventura-victoria","tag-lucia-avella-camarero","tag-zulima-fernandez-rodriguez"],"_links":{"self":[{"href":"https:\/\/www.deberes.net\/tesis\/wp-json\/wp\/v2\/posts\/74760","targetHints":{"allow":["GET"]}}],"collection":[{"href":"https:\/\/www.deberes.net\/tesis\/wp-json\/wp\/v2\/posts"}],"about":[{"href":"https:\/\/www.deberes.net\/tesis\/wp-json\/wp\/v2\/types\/post"}],"author":[{"embeddable":true,"href":"https:\/\/www.deberes.net\/tesis\/wp-json\/wp\/v2\/users\/1"}],"replies":[{"embeddable":true,"href":"https:\/\/www.deberes.net\/tesis\/wp-json\/wp\/v2\/comments?post=74760"}],"version-history":[{"count":0,"href":"https:\/\/www.deberes.net\/tesis\/wp-json\/wp\/v2\/posts\/74760\/revisions"}],"wp:attachment":[{"href":"https:\/\/www.deberes.net\/tesis\/wp-json\/wp\/v2\/media?parent=74760"}],"wp:term":[{"taxonomy":"category","embeddable":true,"href":"https:\/\/www.deberes.net\/tesis\/wp-json\/wp\/v2\/categories?post=74760"},{"taxonomy":"post_tag","embeddable":true,"href":"https:\/\/www.deberes.net\/tesis\/wp-json\/wp\/v2\/tags?post=74760"}],"curies":[{"name":"wp","href":"https:\/\/api.w.org\/{rel}","templated":true}]}}