{"id":74771,"date":"2018-03-09T23:19:52","date_gmt":"2018-03-09T23:19:52","guid":{"rendered":"https:\/\/www.deberes.net\/tesis\/sin-categoria\/negligencia-infantil-y-deficit-en-empata%c2%ada-propuesta-de-un-modelo-teorico-explicativo-y-estudio-de-algunos-de-sus-componentes\/"},"modified":"2018-03-09T23:19:52","modified_gmt":"2018-03-09T23:19:52","slug":"negligencia-infantil-y-deficit-en-empata%c2%ada-propuesta-de-un-modelo-teorico-explicativo-y-estudio-de-algunos-de-sus-componentes","status":"publish","type":"post","link":"https:\/\/www.deberes.net\/tesis\/psicologia\/negligencia-infantil-y-deficit-en-empata%c2%ada-propuesta-de-un-modelo-teorico-explicativo-y-estudio-de-algunos-de-sus-componentes\/","title":{"rendered":"Negligencia infantil y d\u00e9ficit en empat\u00eda. propuesta de un modelo te\u00f3rico explicativo y estudio de algunos de sus componentes"},"content":{"rendered":"<h2>Tesis doctoral de <strong> Mar\u00eda Guibert Espel <\/strong><\/h2>\n<p>El trabajo realizado aporta informaci\u00f3n al estudio de la etiolog\u00eda de la negligencia infantil. Este tipo de maltrato\/abandono es la tipolog\u00eda de maltrato infantil con mayor preValencia, con consecuencias severas para los ni\u00f1os (erikson, egeland y pianta, 1989) y cuyo estudio se caracteriza por presentar una escasez de modelos etiol\u00f3gicos) wolock y horowitz, 1984).  esta tesis desarrolla un modelo te\u00f3rico de negligencia infantil que intenta aplicar al estudio de la negligencia infantil el conocimiento de la investigaci\u00f3n de la conducta de ayuda integrando dos perspectivas diferentes: la de la empat\u00eda (batson, 2002) y la del procesamiento de la informaci\u00f3n social (milner, 2000). Este modelo tiene como hip\u00f3tesis general que los padres negligentes presentar\u00e1n ciertos d\u00e9ficit en las emociones que motivan la conducta de ayuda, o que experimentando dichas emociones, determinadas cogniciones  producen alteraciones en la motivaci\u00f3n de ayuda. Se llev\u00f3 a cabo un estudio con 40 madres negligentes y 40 madres no negligentes con el objetivo de testar algunas de las hip\u00f3tesis de este modelo te\u00f3rico. los resultados muestran que, ante una situaci\u00f3n de necesidad infantil, las madres negligentes atribuyen mayor controlabilidad al ni\u00f1o. Las madres negligentes creen que el beb\u00e9 es m\u00e1s capaz de resolver por s\u00ed mismo la situaci\u00f3n de necesidad. Asimismo, los resultados mostraron diferencias significativas entre los dos grupos en la sintomatolog\u00eda depresiva, el apoyo social y el apego adulto. Las madres negligentes se caracterizan por experimentar mayor sintomatolog\u00eda depresiva, menor apoyo social general y de la familia y por presentar un apego ambivalente\/ansioso.<\/p>\n<p>&nbsp;<\/p>\n<h3>Datos acad\u00e9micos de la tesis doctoral \u00ab<strong>Negligencia infantil y d\u00e9ficit en empat\u00eda. propuesta de un modelo te\u00f3rico explicativo y estudio de algunos de sus componentes<\/strong>\u00ab<\/h3>\n<ul>\n<li><strong>T\u00edtulo de la tesis:<\/strong>\u00a0 Negligencia infantil y d\u00e9ficit en empat\u00eda. propuesta de un modelo te\u00f3rico explicativo y estudio de algunos de sus componentes <\/li>\n<li><strong>Autor:<\/strong>\u00a0 Mar\u00eda Guibert Espel <\/li>\n<li><strong>Universidad:<\/strong>\u00a0 Pa\u00eds vasco\/euskal herriko unibertsitatea<\/li>\n<li><strong>Fecha de lectura de la tesis:<\/strong>\u00a0 20\/06\/2005<\/li>\n<\/ul>\n<p>&nbsp;<\/p>\n<h3>Direcci\u00f3n y tribunal<\/h3>\n<ul>\n<li><strong>Director de la tesis<\/strong>\n<ul>\n<li>Joaquin De Paul Ochotorena<\/li>\n<\/ul>\n<\/li>\n<li><strong>Tribunal<\/strong>\n<ul>\n<li>Presidente del tribunal: f\u00e9lix L\u00f3pez s\u00e1nchez <\/li>\n<li>Jorge  Carlos Fernandez del valle (vocal)<\/li>\n<li>dar\u00edo Paez rovira (vocal)<\/li>\n<li>eva G\u00f3mez p\u00e9rez (vocal)<\/li>\n<\/ul>\n<\/li>\n<\/ul>\n<p>&nbsp;<\/p>\n","protected":false},"excerpt":{"rendered":"<p>Tesis doctoral de Mar\u00eda Guibert Espel El trabajo realizado aporta informaci\u00f3n al estudio de la etiolog\u00eda de la negligencia infantil. [&hellip;]<\/p>\n","protected":false},"author":1,"featured_media":0,"comment_status":"open","ping_status":"open","sticky":false,"template":"","format":"standard","meta":{"site-sidebar-layout":"default","site-content-layout":"","ast-site-content-layout":"","site-content-style":"default","site-sidebar-style":"default","ast-global-header-display":"","ast-banner-title-visibility":"","ast-main-header-display":"","ast-hfb-above-header-display":"","ast-hfb-below-header-display":"","ast-hfb-mobile-header-display":"","site-post-title":"","ast-breadcrumbs-content":"","ast-featured-img":"","footer-sml-layout":"","theme-transparent-header-meta":"","adv-header-id-meta":"","stick-header-meta":"","header-above-stick-meta":"","header-main-stick-meta":"","header-below-stick-meta":"","astra-migrate-meta-layouts":"default","ast-page-background-enabled":"default","ast-page-background-meta":{"desktop":{"background-color":"var(--ast-global-color-4)","background-image":"","background-repeat":"repeat","background-position":"center center","background-size":"auto","background-attachment":"scroll","background-type":"","background-media":"","overlay-type":"","overlay-color":"","overlay-gradient":""},"tablet":{"background-color":"","background-image":"","background-repeat":"repeat","background-position":"center center","background-size":"auto","background-attachment":"scroll","background-type":"","background-media":"","overlay-type":"","overlay-color":"","overlay-gradient":""},"mobile":{"background-color":"","background-image":"","background-repeat":"repeat","background-position":"center center","background-size":"auto","background-attachment":"scroll","background-type":"","background-media":"","overlay-type":"","overlay-color":"","overlay-gradient":""}},"ast-content-background-meta":{"desktop":{"background-color":"var(--ast-global-color-5)","background-image":"","background-repeat":"repeat","background-position":"center center","background-size":"auto","background-attachment":"scroll","background-type":"","background-media":"","overlay-type":"","overlay-color":"","overlay-gradient":""},"tablet":{"background-color":"var(--ast-global-color-5)","background-image":"","background-repeat":"repeat","background-position":"center center","background-size":"auto","background-attachment":"scroll","background-type":"","background-media":"","overlay-type":"","overlay-color":"","overlay-gradient":""},"mobile":{"background-color":"var(--ast-global-color-5)","background-image":"","background-repeat":"repeat","background-position":"center center","background-size":"auto","background-attachment":"scroll","background-type":"","background-media":"","overlay-type":"","overlay-color":"","overlay-gradient":""}},"footnotes":""},"categories":[6025,12909,324,996],"tags":[13065,161853,40131,45199,23718,161852],"class_list":["post-74771","post","type-post","status-publish","format-standard","hentry","category-estudio-psicologico-de-cuestiones-sociales","category-pais-vasco-euskal-herriko-unibertsitatea","category-psicologia","category-psicologia-social","tag-dario-paez-rovira","tag-eva-gomez-perez","tag-felix-lopez-sanchez","tag-joaquin-de-paul-ochotorena","tag-jorge-carlos-fernandez-del-valle","tag-maria-guibert-espel"],"_links":{"self":[{"href":"https:\/\/www.deberes.net\/tesis\/wp-json\/wp\/v2\/posts\/74771","targetHints":{"allow":["GET"]}}],"collection":[{"href":"https:\/\/www.deberes.net\/tesis\/wp-json\/wp\/v2\/posts"}],"about":[{"href":"https:\/\/www.deberes.net\/tesis\/wp-json\/wp\/v2\/types\/post"}],"author":[{"embeddable":true,"href":"https:\/\/www.deberes.net\/tesis\/wp-json\/wp\/v2\/users\/1"}],"replies":[{"embeddable":true,"href":"https:\/\/www.deberes.net\/tesis\/wp-json\/wp\/v2\/comments?post=74771"}],"version-history":[{"count":0,"href":"https:\/\/www.deberes.net\/tesis\/wp-json\/wp\/v2\/posts\/74771\/revisions"}],"wp:attachment":[{"href":"https:\/\/www.deberes.net\/tesis\/wp-json\/wp\/v2\/media?parent=74771"}],"wp:term":[{"taxonomy":"category","embeddable":true,"href":"https:\/\/www.deberes.net\/tesis\/wp-json\/wp\/v2\/categories?post=74771"},{"taxonomy":"post_tag","embeddable":true,"href":"https:\/\/www.deberes.net\/tesis\/wp-json\/wp\/v2\/tags?post=74771"}],"curies":[{"name":"wp","href":"https:\/\/api.w.org\/{rel}","templated":true}]}}