{"id":74778,"date":"2018-03-09T23:19:52","date_gmt":"2018-03-09T23:19:52","guid":{"rendered":"https:\/\/www.deberes.net\/tesis\/sin-categoria\/caracterizacion-procesos-y-estructuras-para-la-mejora-de-celulas-solares-de-silicio\/"},"modified":"2018-03-09T23:19:52","modified_gmt":"2018-03-09T23:19:52","slug":"caracterizacion-procesos-y-estructuras-para-la-mejora-de-celulas-solares-de-silicio","status":"publish","type":"post","link":"https:\/\/www.deberes.net\/tesis\/ciencias-tecnologicas\/caracterizacion-procesos-y-estructuras-para-la-mejora-de-celulas-solares-de-silicio\/","title":{"rendered":"Caracterizaci\u00f3n, procesos y estructuras para la mejora de c\u00e9lulas solares de silicio."},"content":{"rendered":"<h2>Tesis doctoral de <strong> Luis Jaime Caballero Jim\u00e9nez <\/strong><\/h2>\n<p>Partiendo de los desarrollos tecnol\u00f3gicos previos introducidos por el instituto de energ\u00eda solar de la upm, la tesis presenta un camino de mejora de las c\u00e9lulas de p\/al de emisor profundo del instituto, introduciendo una nueva tecnolog\u00eda basada en la realizaci\u00f3n de un contacto posterior local en las c\u00e9lulas, y la sustituci\u00f3n del proceso de \u00abgettering\u00bb de aluminio por un proceso de \u00abgettering\u00bb de f\u00f3sforo.  en la tesis se tratan por tanto temas relacionados con la optimizaci\u00f3n y caracterizaci\u00f3n de los procesos de fabricaci\u00f3n de estas c\u00e9lulas, as\u00ed como temas relacionados con el material de partida del entorno industrial (el silicio cz), y su utilizaci\u00f3n en estos procesos. De esta forma, diferentes an\u00e1lisis y experimentos se han realizado cubriendo un amplio abanico tecnol\u00f3gico; as\u00ed algunos de los resultados y temas m\u00e1s destacables contenidos en la tesis son:  la optimizaci\u00f3n del proceso de gettering alcanzando un m\u00e1ximo para la recuperaci\u00f3n del tiempo de vida en volumen a una temperatura determinada durante un tiempo fijo.  la caracterizaci\u00f3n del proceso de segregaci\u00f3n que tiene lugar durante el \u00abgettering \u00bb de f\u00f3sforo, encontr\u00e1ndose que este proceso sufre un cambio a alta temperatura que podr\u00eda justificarse por el paso de una segregaci\u00f3n s\u00f3lido-s\u00f3lido a una s\u00f3lido-l\u00edquido.  el desarrollo de diversos procesos de fabricaci\u00f3n con contacto local posterior que han alcanzado eficiencias de conversi\u00f3n en c\u00e9lulas del 18%.  el estudio del defecto metaestable asociado al o-b del silicio cz        y su interacci\u00f3n con algunos procesos de fabricaci\u00f3n, especialmente con el gettering de f\u00f3sforo. Adem\u00e1s se muestran resultados de experimentos orientados a evaluar la influencia de otros defectos como son los autointersticiales en la reducci\u00f3n del defecto metaestable asociado al contenido de o-b.  el an\u00e1lisis de nuevos materiales, que no presentan degradaci\u00f3n con la luz, como son el silicio cz dopado con galio<\/p>\n<p>&nbsp;<\/p>\n<h3>Datos acad\u00e9micos de la tesis doctoral \u00ab<strong>Caracterizaci\u00f3n, procesos y estructuras para la mejora de c\u00e9lulas solares de silicio.<\/strong>\u00ab<\/h3>\n<ul>\n<li><strong>T\u00edtulo de la tesis:<\/strong>\u00a0 Caracterizaci\u00f3n, procesos y estructuras para la mejora de c\u00e9lulas solares de silicio. <\/li>\n<li><strong>Autor:<\/strong>\u00a0 Luis Jaime Caballero Jim\u00e9nez <\/li>\n<li><strong>Universidad:<\/strong>\u00a0 Polit\u00e9cnica de Madrid<\/li>\n<li><strong>Fecha de lectura de la tesis:<\/strong>\u00a0 20\/06\/2005<\/li>\n<\/ul>\n<p>&nbsp;<\/p>\n<h3>Direcci\u00f3n y tribunal<\/h3>\n<ul>\n<li><strong>Director de la tesis<\/strong>\n<ul>\n<li>Antonio Luque L\u00f3pez<\/li>\n<\/ul>\n<\/li>\n<li><strong>Tribunal<\/strong>\n<ul>\n<li>Presidente del tribunal: gabriel Sala pano <\/li>\n<li>Jes\u00fas Alonso reviejo (vocal)<\/li>\n<li>gerhard Willeke (vocal)<\/li>\n<li>ram\u00f3n Alcubilla (vocal)<\/li>\n<\/ul>\n<\/li>\n<\/ul>\n<p>&nbsp;<\/p>\n","protected":false},"excerpt":{"rendered":"<p>Tesis doctoral de Luis Jaime Caballero Jim\u00e9nez Partiendo de los desarrollos tecnol\u00f3gicos previos introducidos por el instituto de energ\u00eda solar [&hellip;]<\/p>\n","protected":false},"author":1,"featured_media":0,"comment_status":"open","ping_status":"open","sticky":false,"template":"","format":"standard","meta":{"site-sidebar-layout":"default","site-content-layout":"","ast-site-content-layout":"","site-content-style":"default","site-sidebar-style":"default","ast-global-header-display":"","ast-banner-title-visibility":"","ast-main-header-display":"","ast-hfb-above-header-display":"","ast-hfb-below-header-display":"","ast-hfb-mobile-header-display":"","site-post-title":"","ast-breadcrumbs-content":"","ast-featured-img":"","footer-sml-layout":"","theme-transparent-header-meta":"","adv-header-id-meta":"","stick-header-meta":"","header-above-stick-meta":"","header-main-stick-meta":"","header-below-stick-meta":"","astra-migrate-meta-layouts":"default","ast-page-background-enabled":"default","ast-page-background-meta":{"desktop":{"background-color":"var(--ast-global-color-4)","background-image":"","background-repeat":"repeat","background-position":"center center","background-size":"auto","background-attachment":"scroll","background-type":"","background-media":"","overlay-type":"","overlay-color":"","overlay-gradient":""},"tablet":{"background-color":"","background-image":"","background-repeat":"repeat","background-position":"center center","background-size":"auto","background-attachment":"scroll","background-type":"","background-media":"","overlay-type":"","overlay-color":"","overlay-gradient":""},"mobile":{"background-color":"","background-image":"","background-repeat":"repeat","background-position":"center center","background-size":"auto","background-attachment":"scroll","background-type":"","background-media":"","overlay-type":"","overlay-color":"","overlay-gradient":""}},"ast-content-background-meta":{"desktop":{"background-color":"var(--ast-global-color-5)","background-image":"","background-repeat":"repeat","background-position":"center center","background-size":"auto","background-attachment":"scroll","background-type":"","background-media":"","overlay-type":"","overlay-color":"","overlay-gradient":""},"tablet":{"background-color":"var(--ast-global-color-5)","background-image":"","background-repeat":"repeat","background-position":"center center","background-size":"auto","background-attachment":"scroll","background-type":"","background-media":"","overlay-type":"","overlay-color":"","overlay-gradient":""},"mobile":{"background-color":"var(--ast-global-color-5)","background-image":"","background-repeat":"repeat","background-position":"center center","background-size":"auto","background-attachment":"scroll","background-type":"","background-media":"","overlay-type":"","overlay-color":"","overlay-gradient":""}},"footnotes":""},"categories":[332,16187,16008,3706,2206],"tags":[16285,16125,161866,45423,161865,104904],"class_list":["post-74778","post","type-post","status-publish","format-standard","hentry","category-ciencias-tecnologicas","category-dispositivos-fotoelectricos","category-politecnica-de-madrid","category-tecnologia-electronica","category-tecnologia-energetica","tag-antonio-luque-lopez","tag-gabriel-sala-pano","tag-gerhard-willeke","tag-jesus-alonso-reviejo","tag-luis-jaime-caballero-jimenez","tag-ramon-alcubilla"],"_links":{"self":[{"href":"https:\/\/www.deberes.net\/tesis\/wp-json\/wp\/v2\/posts\/74778","targetHints":{"allow":["GET"]}}],"collection":[{"href":"https:\/\/www.deberes.net\/tesis\/wp-json\/wp\/v2\/posts"}],"about":[{"href":"https:\/\/www.deberes.net\/tesis\/wp-json\/wp\/v2\/types\/post"}],"author":[{"embeddable":true,"href":"https:\/\/www.deberes.net\/tesis\/wp-json\/wp\/v2\/users\/1"}],"replies":[{"embeddable":true,"href":"https:\/\/www.deberes.net\/tesis\/wp-json\/wp\/v2\/comments?post=74778"}],"version-history":[{"count":0,"href":"https:\/\/www.deberes.net\/tesis\/wp-json\/wp\/v2\/posts\/74778\/revisions"}],"wp:attachment":[{"href":"https:\/\/www.deberes.net\/tesis\/wp-json\/wp\/v2\/media?parent=74778"}],"wp:term":[{"taxonomy":"category","embeddable":true,"href":"https:\/\/www.deberes.net\/tesis\/wp-json\/wp\/v2\/categories?post=74778"},{"taxonomy":"post_tag","embeddable":true,"href":"https:\/\/www.deberes.net\/tesis\/wp-json\/wp\/v2\/tags?post=74778"}],"curies":[{"name":"wp","href":"https:\/\/api.w.org\/{rel}","templated":true}]}}