{"id":74785,"date":"2018-03-09T23:19:52","date_gmt":"2018-03-09T23:19:52","guid":{"rendered":"https:\/\/www.deberes.net\/tesis\/sin-categoria\/aproximacion-a-la-prevalencia-y-mortalidad-de-una-cohorte-de-usuarios-de-opiaceos-navarra-1990-2000\/"},"modified":"2018-03-09T23:19:52","modified_gmt":"2018-03-09T23:19:52","slug":"aproximacion-a-la-prevalencia-y-mortalidad-de-una-cohorte-de-usuarios-de-opiaceos-navarra-1990-2000","status":"publish","type":"post","link":"https:\/\/www.deberes.net\/tesis\/ciencias-medicas\/aproximacion-a-la-prevalencia-y-mortalidad-de-una-cohorte-de-usuarios-de-opiaceos-navarra-1990-2000\/","title":{"rendered":"Aproximacion a la preValencia y mortalidad de una cohorte de usuarios de opiaceos. navarra 1990 2000"},"content":{"rendered":"<h2>Tesis doctoral de <strong> Miguel Urtiaga Dominguez <\/strong><\/h2>\n<p>En 1990 se estim\u00f3 el n\u00famero de usuarios de opi\u00e1ceos (uo) de la comunidad de navarra (espa\u00f1a), utilizando como metodolog\u00eda la b\u00fasqueda intensiva de casos (bic), complementada con m\u00e9todos de captura-recaptura simple y el m\u00e9todo descrito por chao. La bic consiste en localizar uo con residencia en nuestra comunidad en diversas instituciones y\/o servicios, sanitarios, sociales, penales, etc. Se localizaron 2.033 casos, de los que, una vez eliminados los duplicados, se concretaron en 1.231. Estos 1.231 uo suponen una preValencia  de 2,40 por 1.000 habitantes  (1 de cada 417 residentes en navarra). La preValencia es tres veces superior en varones que en mujeres. la edad media fue de 26 a\u00f1os y dos meses. La preValencia en zonas urbanas fue 3,42 veces mayor en \u00e9stas respecto a zonas rurales. El grupo de edad con mayor preValencia fue el de 25 a 29 a\u00f1os, con 14,7 casos por 1.000 habitantes (1 de cada 68 habitantes), 22,2 en varones (1 de cada 45 habitantes) y 6,87 en mujeres (1 de cada 145). En lo que respecta a la estimaci\u00f3n de casos mediante t\u00e9cnicas de captura-recaptura, esta oscila utilizando el m\u00e9todo simple entre 1.132 y 1.755, combinando cuatro sistemas de vigilancia dos a dos (salud mental con 618 casos, urgencias psiqui\u00e1tricas con 365, comunidades terap\u00e9uticas con  325 casos y ministerio de justicia con 260 casos) y 2.026 usuarios utilizando el m\u00e9todo de chao con los cuatro sistemas de vigilancia utilizados para el m\u00e9todo simple.    Entre 1990 y 2000 (11 a\u00f1os), se efect\u00faa un seguimiento vital de los uo identificados. En ese periodo, de los 1.231 usuarios de opi\u00e1ceos, 105 se pierden. A los 1.126 restantes se le efect\u00faa un seguimiento de 10.288 a\u00f1os-persona, con una media de 109 meses por usuario. Para la consulta del estado vital se accedi\u00f3 al registro de mortalidad, donde se codifica la causa b\u00e1sica de defunci\u00f3n hasta 1998 con la cie-9  y con la cie-10 en 1999 y 2000. Adem\u00e1s, se consultaron los registros de base po<\/p>\n<p>&nbsp;<\/p>\n<h3>Datos acad\u00e9micos de la tesis doctoral \u00ab<strong>Aproximacion a la preValencia y mortalidad de una cohorte de usuarios de opiaceos. navarra 1990 2000<\/strong>\u00ab<\/h3>\n<ul>\n<li><strong>T\u00edtulo de la tesis:<\/strong>\u00a0 Aproximacion a la preValencia y mortalidad de una cohorte de usuarios de opiaceos. navarra 1990 2000 <\/li>\n<li><strong>Autor:<\/strong>\u00a0 Miguel Urtiaga Dominguez <\/li>\n<li><strong>Universidad:<\/strong>\u00a0 P\u00fablica de navarra<\/li>\n<li><strong>Fecha de lectura de la tesis:<\/strong>\u00a0 20\/06\/2005<\/li>\n<\/ul>\n<p>&nbsp;<\/p>\n<h3>Direcci\u00f3n y tribunal<\/h3>\n<ul>\n<li><strong>Director de la tesis<\/strong>\n<ul>\n<li>Francisco Guillen Grima<\/li>\n<\/ul>\n<\/li>\n<li><strong>Tribunal<\/strong>\n<ul>\n<li>Presidente del tribunal:  Arrese igor sanchez cesar <\/li>\n<li>Carlos Rodriguez andres (vocal)<\/li>\n<li>Fernando Rey huidobro (vocal)<\/li>\n<li>ines Aguinaga ontoso (vocal)<\/li>\n<\/ul>\n<\/li>\n<\/ul>\n<p>&nbsp;<\/p>\n","protected":false},"excerpt":{"rendered":"<p>Tesis doctoral de Miguel Urtiaga Dominguez En 1990 se estim\u00f3 el n\u00famero de usuarios de opi\u00e1ceos (uo) de la comunidad [&hellip;]<\/p>\n","protected":false},"author":1,"featured_media":0,"comment_status":"open","ping_status":"open","sticky":false,"template":"","format":"standard","meta":{"site-sidebar-layout":"default","site-content-layout":"","ast-site-content-layout":"","site-content-style":"default","site-sidebar-style":"default","ast-global-header-display":"","ast-banner-title-visibility":"","ast-main-header-display":"","ast-hfb-above-header-display":"","ast-hfb-below-header-display":"","ast-hfb-mobile-header-display":"","site-post-title":"","ast-breadcrumbs-content":"","ast-featured-img":"","footer-sml-layout":"","theme-transparent-header-meta":"","adv-header-id-meta":"","stick-header-meta":"","header-above-stick-meta":"","header-main-stick-meta":"","header-below-stick-meta":"","astra-migrate-meta-layouts":"default","ast-page-background-enabled":"default","ast-page-background-meta":{"desktop":{"background-color":"var(--ast-global-color-4)","background-image":"","background-repeat":"repeat","background-position":"center center","background-size":"auto","background-attachment":"scroll","background-type":"","background-media":"","overlay-type":"","overlay-color":"","overlay-gradient":""},"tablet":{"background-color":"","background-image":"","background-repeat":"repeat","background-position":"center center","background-size":"auto","background-attachment":"scroll","background-type":"","background-media":"","overlay-type":"","overlay-color":"","overlay-gradient":""},"mobile":{"background-color":"","background-image":"","background-repeat":"repeat","background-position":"center center","background-size":"auto","background-attachment":"scroll","background-type":"","background-media":"","overlay-type":"","overlay-color":"","overlay-gradient":""}},"ast-content-background-meta":{"desktop":{"background-color":"var(--ast-global-color-5)","background-image":"","background-repeat":"repeat","background-position":"center center","background-size":"auto","background-attachment":"scroll","background-type":"","background-media":"","overlay-type":"","overlay-color":"","overlay-gradient":""},"tablet":{"background-color":"var(--ast-global-color-5)","background-image":"","background-repeat":"repeat","background-position":"center center","background-size":"auto","background-attachment":"scroll","background-type":"","background-media":"","overlay-type":"","overlay-color":"","overlay-gradient":""},"mobile":{"background-color":"var(--ast-global-color-5)","background-image":"","background-repeat":"repeat","background-position":"center center","background-size":"auto","background-attachment":"scroll","background-type":"","background-media":"","overlay-type":"","overlay-color":"","overlay-gradient":""}},"footnotes":""},"categories":[11823,9,1066,1086,11824,18529,967,133396],"tags":[50385,84423,62443,8237,70156,161877],"class_list":["post-74785","post","type-post","status-publish","format-standard","hentry","category-causas-de-mortalidad","category-ciencias-medicas","category-demografia","category-epidemiologia","category-mortalidad","category-publica-de-navarra","category-salud-publica","category-variables-conexas-con-la-mortalidad","tag-arrese-igor-sanchez-cesar","tag-carlos-rodriguez-andres","tag-fernando-rey-huidobro","tag-francisco-guillen-grima","tag-ines-aguinaga-ontoso","tag-miguel-urtiaga-dominguez"],"_links":{"self":[{"href":"https:\/\/www.deberes.net\/tesis\/wp-json\/wp\/v2\/posts\/74785","targetHints":{"allow":["GET"]}}],"collection":[{"href":"https:\/\/www.deberes.net\/tesis\/wp-json\/wp\/v2\/posts"}],"about":[{"href":"https:\/\/www.deberes.net\/tesis\/wp-json\/wp\/v2\/types\/post"}],"author":[{"embeddable":true,"href":"https:\/\/www.deberes.net\/tesis\/wp-json\/wp\/v2\/users\/1"}],"replies":[{"embeddable":true,"href":"https:\/\/www.deberes.net\/tesis\/wp-json\/wp\/v2\/comments?post=74785"}],"version-history":[{"count":0,"href":"https:\/\/www.deberes.net\/tesis\/wp-json\/wp\/v2\/posts\/74785\/revisions"}],"wp:attachment":[{"href":"https:\/\/www.deberes.net\/tesis\/wp-json\/wp\/v2\/media?parent=74785"}],"wp:term":[{"taxonomy":"category","embeddable":true,"href":"https:\/\/www.deberes.net\/tesis\/wp-json\/wp\/v2\/categories?post=74785"},{"taxonomy":"post_tag","embeddable":true,"href":"https:\/\/www.deberes.net\/tesis\/wp-json\/wp\/v2\/tags?post=74785"}],"curies":[{"name":"wp","href":"https:\/\/api.w.org\/{rel}","templated":true}]}}