{"id":74795,"date":"2018-03-09T23:19:52","date_gmt":"2018-03-09T23:19:52","guid":{"rendered":"https:\/\/www.deberes.net\/tesis\/sin-categoria\/hista%c2%b2ria-del-foment-del-turisme-de-mallorca-1905-2005\/"},"modified":"2018-03-09T23:19:52","modified_gmt":"2018-03-09T23:19:52","slug":"hista%c2%b2ria-del-foment-del-turisme-de-mallorca-1905-2005","status":"publish","type":"post","link":"https:\/\/www.deberes.net\/tesis\/cambio-y-desarrollo-social\/hista%c2%b2ria-del-foment-del-turisme-de-mallorca-1905-2005\/","title":{"rendered":"Hist\u00f3ria del foment del turisme de mallorca (1905-2005)"},"content":{"rendered":"<h2>Tesis doctoral de <strong> Antonio Vives Reus <\/strong><\/h2>\n<p>El fomento del turismo de mallorca es una asociaci\u00f3n privada y sin \u00e1nimo de lucro que naci\u00f3 en 1905 dentro de los locales de la c\u00e1mara de comercio de palma. Desde un primer momento, su objetivo fue trabajar con todo aquello que estuviese relacionado con la venida de viajeros, por ello, se preocup\u00f3 por las infraestructuras, los transportes, la organizaci\u00f3n de actividades culturales y deportivas, de fomentar la pr\u00e1ctica excursionista y elaborar un primer material de promoci\u00f3n, donde el paisaje id\u00edlico de la isla se convirti\u00f3 en el principal reclamo tur\u00edstico.  la guerra civil espa\u00f1ola y la segunda guerra mundial significaron una pausa para los trabajos que hab\u00eda desarrollado la entidad desde su existencia.  a partir de la d\u00e9cada de los a\u00f1os cincuenta el fomento se reencontr\u00f3 de lleno con el turismo. Prueba de ello, fue el \u00e9xito de la campa\u00f1a luna de miel en mallorca, que promovi\u00f3 la isla como lugar de destino obligado para las parejas de reci\u00e9n casados; la edici\u00f3n peri\u00f3dica del folleto mallorca informaci\u00f3n general, gracias al cual los visitantes podr\u00edan disfrutar de una variada informaci\u00f3n de inter\u00e9s actualizada o la gu\u00eda de los hoteles de mallorca, que pon\u00eda al alcance toda la oferta de establecimientos de alojamiento existentes, con una fotograf\u00eda y una ficha t\u00e9cnica de cada uno de ellos.  con el boom tur\u00edstico de los a\u00f1os sesenta, el fomento del turismo de mallorca adquiri\u00f3 conciencia de la gran importancia que estaban adquiriendo los medios de comunicaci\u00f3n de masas, ya que se preocup\u00f3 de organizar grandes acontecimientos como el festival de elegancia y belleza miss naciones unidas o el festival internacional de la canci\u00f3n de mallorca, el objetivo prioritario de los cuales era que sonara el m\u00e1ximo posible el nombre de mallorca.  a partir de los a\u00f1os setenta encontraremos una clara preocupaci\u00f3n por el medio ambiente, que si bien no era nueva, s\u00ed que ir\u00eda adquiriendo un mayor peso en estos a\u00f1os. A modo de ejemplo, se posicionar\u00eda en contra de la urbanizaci\u00f3n del trenc y de la isla de la dragonera, as\u00ed como ser\u00eda uno de los impulsores de la creaci\u00f3n de la comisi\u00f3n para la conservaci\u00f3n de cabrera.  en la etapa auton\u00f3mica, el fomento del turismo ha visto como perd\u00eda buena parte de sus competencias con la creaci\u00f3n, primero de la conselleria de turisme y poco despu\u00e9s del ibatur. Pese a todo, el fomento se ha dedicado a trabajar en algunas iniciativas donde la administraci\u00f3n no ha podido llegar, convirti\u00e9ndose en un foro de debate, estudio y preocupaci\u00f3n por el futuro de nuestro turismo.<\/p>\n<p>&nbsp;<\/p>\n<h3>Datos acad\u00e9micos de la tesis doctoral \u00ab<strong>Hist\u00f3ria del foment del turisme de mallorca (1905-2005)<\/strong>\u00ab<\/h3>\n<ul>\n<li><strong>T\u00edtulo de la tesis:<\/strong>\u00a0 Hist\u00f3ria del foment del turisme de mallorca (1905-2005) <\/li>\n<li><strong>Autor:<\/strong>\u00a0 Antonio Vives Reus <\/li>\n<li><strong>Universidad:<\/strong>\u00a0 Illes balears<\/li>\n<li><strong>Fecha de lectura de la tesis:<\/strong>\u00a0 20\/06\/2005<\/li>\n<\/ul>\n<p>&nbsp;<\/p>\n<h3>Direcci\u00f3n y tribunal<\/h3>\n<ul>\n<li><strong>Director de la tesis<\/strong>\n<ul>\n<li>Sebastia Serra Busquets<\/li>\n<\/ul>\n<\/li>\n<li><strong>Tribunal<\/strong>\n<ul>\n<li>Presidente del tribunal: miquel Duran pastor <\/li>\n<li>enric Oliver serret (vocal)<\/li>\n<li>carmelo Pellejero mart\u00ednez (vocal)<\/li>\n<li>climent Picornell bauz? (vocal)<\/li>\n<\/ul>\n<\/li>\n<\/ul>\n<p>&nbsp;<\/p>\n","protected":false},"excerpt":{"rendered":"<p>Tesis doctoral de Antonio Vives Reus El fomento del turismo de mallorca es una asociaci\u00f3n privada y sin \u00e1nimo de [&hellip;]<\/p>\n","protected":false},"author":1,"featured_media":0,"comment_status":"open","ping_status":"open","sticky":false,"template":"","format":"standard","meta":{"site-sidebar-layout":"default","site-content-layout":"","ast-site-content-layout":"","site-content-style":"default","site-sidebar-style":"default","ast-global-header-display":"","ast-banner-title-visibility":"","ast-main-header-display":"","ast-hfb-above-header-display":"","ast-hfb-below-header-display":"","ast-hfb-mobile-header-display":"","site-post-title":"","ast-breadcrumbs-content":"","ast-featured-img":"","footer-sml-layout":"","theme-transparent-header-meta":"","adv-header-id-meta":"","stick-header-meta":"","header-above-stick-meta":"","header-main-stick-meta":"","header-below-stick-meta":"","astra-migrate-meta-layouts":"default","ast-page-background-enabled":"default","ast-page-background-meta":{"desktop":{"background-color":"var(--ast-global-color-4)","background-image":"","background-repeat":"repeat","background-position":"center center","background-size":"auto","background-attachment":"scroll","background-type":"","background-media":"","overlay-type":"","overlay-color":"","overlay-gradient":""},"tablet":{"background-color":"","background-image":"","background-repeat":"repeat","background-position":"center center","background-size":"auto","background-attachment":"scroll","background-type":"","background-media":"","overlay-type":"","overlay-color":"","overlay-gradient":""},"mobile":{"background-color":"","background-image":"","background-repeat":"repeat","background-position":"center center","background-size":"auto","background-attachment":"scroll","background-type":"","background-media":"","overlay-type":"","overlay-color":"","overlay-gradient":""}},"ast-content-background-meta":{"desktop":{"background-color":"var(--ast-global-color-5)","background-image":"","background-repeat":"repeat","background-position":"center center","background-size":"auto","background-attachment":"scroll","background-type":"","background-media":"","overlay-type":"","overlay-color":"","overlay-gradient":""},"tablet":{"background-color":"var(--ast-global-color-5)","background-image":"","background-repeat":"repeat","background-position":"center center","background-size":"auto","background-attachment":"scroll","background-type":"","background-media":"","overlay-type":"","overlay-color":"","overlay-gradient":""},"mobile":{"background-color":"var(--ast-global-color-5)","background-image":"","background-repeat":"repeat","background-position":"center center","background-size":"auto","background-attachment":"scroll","background-type":"","background-media":"","overlay-type":"","overlay-color":"","overlay-gradient":""}},"footnotes":""},"categories":[6217,19034,7946],"tags":[161896,62535,29583,42649,19125,19124],"class_list":["post-74795","post","type-post","status-publish","format-standard","hentry","category-cambio-y-desarrollo-social","category-illes-balears","category-sector-de-hosteleria-y-turismo","tag-antonio-vives-reus","tag-carmelo-pellejero-Martinez","tag-climent-picornell-bauz","tag-enric-oliver-serret","tag-miquel-duran-pastor","tag-sebastia-serra-busquets"],"_links":{"self":[{"href":"https:\/\/www.deberes.net\/tesis\/wp-json\/wp\/v2\/posts\/74795","targetHints":{"allow":["GET"]}}],"collection":[{"href":"https:\/\/www.deberes.net\/tesis\/wp-json\/wp\/v2\/posts"}],"about":[{"href":"https:\/\/www.deberes.net\/tesis\/wp-json\/wp\/v2\/types\/post"}],"author":[{"embeddable":true,"href":"https:\/\/www.deberes.net\/tesis\/wp-json\/wp\/v2\/users\/1"}],"replies":[{"embeddable":true,"href":"https:\/\/www.deberes.net\/tesis\/wp-json\/wp\/v2\/comments?post=74795"}],"version-history":[{"count":0,"href":"https:\/\/www.deberes.net\/tesis\/wp-json\/wp\/v2\/posts\/74795\/revisions"}],"wp:attachment":[{"href":"https:\/\/www.deberes.net\/tesis\/wp-json\/wp\/v2\/media?parent=74795"}],"wp:term":[{"taxonomy":"category","embeddable":true,"href":"https:\/\/www.deberes.net\/tesis\/wp-json\/wp\/v2\/categories?post=74795"},{"taxonomy":"post_tag","embeddable":true,"href":"https:\/\/www.deberes.net\/tesis\/wp-json\/wp\/v2\/tags?post=74795"}],"curies":[{"name":"wp","href":"https:\/\/api.w.org\/{rel}","templated":true}]}}