{"id":74802,"date":"2018-03-09T23:19:52","date_gmt":"2018-03-09T23:19:52","guid":{"rendered":"https:\/\/www.deberes.net\/tesis\/sin-categoria\/adequacio-del-camp-vocal-dels-mestres-de-musica\/"},"modified":"2018-03-09T23:19:52","modified_gmt":"2018-03-09T23:19:52","slug":"adequacio-del-camp-vocal-dels-mestres-de-musica","status":"publish","type":"post","link":"https:\/\/www.deberes.net\/tesis\/ciencias-de-la-vida\/adequacio-del-camp-vocal-dels-mestres-de-musica\/","title":{"rendered":"Adequaci\u00f3 del camp vocal dels mestres de m\u00fasica."},"content":{"rendered":"<h2>Tesis doctoral de <strong> Edmon Elgstr\u00c1\u00b6m Misol <\/strong><\/h2>\n<p>El objetivo principal de la tesis, dividir en tres partes, consiste en ampliar el campo vocal de los estudiantes de la diplomatura de maestro en educaci\u00f3n musical, que cursan sus estudios en la facultad de formaci\u00f3n del profesorado de la universitat de barcelona, con la finalidad de establecer una correspondencia entre, por un lado, el campo vocal de dichos estudiantes, y por otro, las tesituras vocales de los ni\u00f1os y ni\u00f1as que cursan los estudios de educaci\u00f3n primaria.  en la primera parte, el marco te\u00f3rico, se presentan algunos de los aspectos m\u00e1s relevantes, como resultado de la investigaci\u00f3n bibliogr\u00e1fica y documental realizada entre los campos m\u00e9dico y pedag\u00f3gico. En primer lugar se exponen los aspectos relativos a la voz, a su funcionamiento y a sus principales caracter\u00edsticas. En segundo lugar se realiza una descripci\u00f3n de los principales contenidos b\u00e1sicos, en materia de formaci\u00f3n vocal, dirigidos a los maestros de m\u00fasica y, por \u00faltimo, se recogen diversas consideraciones de car\u00e1cter did\u00e1ctico referidas tanto al ejemplo de voz cantada de los maestros en el aula, como a las tesituras m\u00e1s indicadas para presentar las  canciones a su alumnado.  en la segunda parte se presenta una propuesta de intervenci\u00f3n en formaci\u00f3n vocal dirigida a los estudiantes en cuesti\u00f3n, los futuros maestros de m\u00fasica, cuya parte pr\u00e1ctica est\u00e1 integrada por cuatro bloques de contenidos: ejercicios posturales, ejercicios de respiraci\u00f3n (inspiratorios y espiratorios), ejercicios t\u00e9cnicos vocales y vocalizaciones y, finalmente, por un repertorio progresivo de canciones escolares.  en la tercera parte, la fase experimental, se implementa la propuesta en formaci\u00f3n vocal entre una muestra de cerca de un centenar de estudiantes de la diplomatura de maestro en educaci\u00f3n musical, alumnos todos ellos de la facultad de formaci\u00f3n del profesorado de la universitat de barcelona. al mismo tiempo, y para poder conocer las modificaciones efe<\/p>\n<p>&nbsp;<\/p>\n<h3>Datos acad\u00e9micos de la tesis doctoral \u00ab<strong>Adequaci\u00f3 del camp vocal dels mestres de m\u00fasica.<\/strong>\u00ab<\/h3>\n<ul>\n<li><strong>T\u00edtulo de la tesis:<\/strong>\u00a0 Adequaci\u00f3 del camp vocal dels mestres de m\u00fasica. <\/li>\n<li><strong>Autor:<\/strong>\u00a0 Edmon Elgstr\u00c1\u00b6m Misol <\/li>\n<li><strong>Universidad:<\/strong>\u00a0 Barcelona<\/li>\n<li><strong>Fecha de lectura de la tesis:<\/strong>\u00a0 21\/06\/2005<\/li>\n<\/ul>\n<p>&nbsp;<\/p>\n<h3>Direcci\u00f3n y tribunal<\/h3>\n<ul>\n<li><strong>Director de la tesis<\/strong>\n<ul>\n<li>Francisco Jos\u00e9 Cantero Serena<\/li>\n<\/ul>\n<\/li>\n<li><strong>Tribunal<\/strong>\n<ul>\n<li>Presidente del tribunal: Mar\u00eda  de los angeles Subirats bayego <\/li>\n<li>pere Godall castell (vocal)<\/li>\n<li> Busto barcos Mar\u00eda del carmen (vocal)<\/li>\n<li> Godoy tom\u00ed\u00a0s joan de la creu (vocal)<\/li>\n<\/ul>\n<\/li>\n<\/ul>\n<p>&nbsp;<\/p>\n","protected":false},"excerpt":{"rendered":"<p>Tesis doctoral de Edmon Elgstr\u00c1\u00b6m Misol El objetivo principal de la tesis, dividir en tres partes, consiste en ampliar el [&hellip;]<\/p>\n","protected":false},"author":1,"featured_media":0,"comment_status":"open","ping_status":"open","sticky":false,"template":"","format":"standard","meta":{"site-sidebar-layout":"default","site-content-layout":"","ast-site-content-layout":"","site-content-style":"default","site-sidebar-style":"default","ast-global-header-display":"","ast-banner-title-visibility":"","ast-main-header-display":"","ast-hfb-above-header-display":"","ast-hfb-below-header-display":"","ast-hfb-mobile-header-display":"","site-post-title":"","ast-breadcrumbs-content":"","ast-featured-img":"","footer-sml-layout":"","theme-transparent-header-meta":"","adv-header-id-meta":"","stick-header-meta":"","header-above-stick-meta":"","header-main-stick-meta":"","header-below-stick-meta":"","astra-migrate-meta-layouts":"default","ast-page-background-enabled":"default","ast-page-background-meta":{"desktop":{"background-color":"var(--ast-global-color-4)","background-image":"","background-repeat":"repeat","background-position":"center center","background-size":"auto","background-attachment":"scroll","background-type":"","background-media":"","overlay-type":"","overlay-color":"","overlay-gradient":""},"tablet":{"background-color":"","background-image":"","background-repeat":"repeat","background-position":"center center","background-size":"auto","background-attachment":"scroll","background-type":"","background-media":"","overlay-type":"","overlay-color":"","overlay-gradient":""},"mobile":{"background-color":"","background-image":"","background-repeat":"repeat","background-position":"center center","background-size":"auto","background-attachment":"scroll","background-type":"","background-media":"","overlay-type":"","overlay-color":"","overlay-gradient":""}},"ast-content-background-meta":{"desktop":{"background-color":"var(--ast-global-color-5)","background-image":"","background-repeat":"repeat","background-position":"center center","background-size":"auto","background-attachment":"scroll","background-type":"","background-media":"","overlay-type":"","overlay-color":"","overlay-gradient":""},"tablet":{"background-color":"var(--ast-global-color-5)","background-image":"","background-repeat":"repeat","background-position":"center center","background-size":"auto","background-attachment":"scroll","background-type":"","background-media":"","overlay-type":"","overlay-color":"","overlay-gradient":""},"mobile":{"background-color":"var(--ast-global-color-5)","background-image":"","background-repeat":"repeat","background-position":"center center","background-size":"auto","background-attachment":"scroll","background-type":"","background-media":"","overlay-type":"","overlay-color":"","overlay-gradient":""}},"footnotes":""},"categories":[951,35,147,52426,817,1140,9132,1141,1288,1111],"tags":[161910,161908,19806,161911,72032,161909],"class_list":["post-74802","post","type-post","status-publish","format-standard","hentry","category-barcelona","category-ciencias-de-la-vida","category-ciencias-de-las-artes-y-las-letras","category-fisiologia-del-lenguaje","category-fisiologia-humana","category-formacion-y-empleo-de-profesores","category-musica-y-musicologia","category-pedagogia","category-preparacion-de-profesores","category-teoria-analisis-y-critica-de-las-bellas-artes","tag-busto-barcos-maria-del-carmen","tag-edmon-elgstram-misol","tag-francisco-jose-cantero-serena","tag-godoy-tomi-s-joan-de-la-creu","tag-maria-de-los-angeles-subirats-bayego","tag-pere-godall-castell"],"_links":{"self":[{"href":"https:\/\/www.deberes.net\/tesis\/wp-json\/wp\/v2\/posts\/74802","targetHints":{"allow":["GET"]}}],"collection":[{"href":"https:\/\/www.deberes.net\/tesis\/wp-json\/wp\/v2\/posts"}],"about":[{"href":"https:\/\/www.deberes.net\/tesis\/wp-json\/wp\/v2\/types\/post"}],"author":[{"embeddable":true,"href":"https:\/\/www.deberes.net\/tesis\/wp-json\/wp\/v2\/users\/1"}],"replies":[{"embeddable":true,"href":"https:\/\/www.deberes.net\/tesis\/wp-json\/wp\/v2\/comments?post=74802"}],"version-history":[{"count":0,"href":"https:\/\/www.deberes.net\/tesis\/wp-json\/wp\/v2\/posts\/74802\/revisions"}],"wp:attachment":[{"href":"https:\/\/www.deberes.net\/tesis\/wp-json\/wp\/v2\/media?parent=74802"}],"wp:term":[{"taxonomy":"category","embeddable":true,"href":"https:\/\/www.deberes.net\/tesis\/wp-json\/wp\/v2\/categories?post=74802"},{"taxonomy":"post_tag","embeddable":true,"href":"https:\/\/www.deberes.net\/tesis\/wp-json\/wp\/v2\/tags?post=74802"}],"curies":[{"name":"wp","href":"https:\/\/api.w.org\/{rel}","templated":true}]}}