{"id":74803,"date":"2018-03-09T23:19:52","date_gmt":"2018-03-09T23:19:52","guid":{"rendered":"https:\/\/www.deberes.net\/tesis\/sin-categoria\/teoria-y-practica-para-una-didactica-del-poema-en-prosa\/"},"modified":"2018-03-09T23:19:52","modified_gmt":"2018-03-09T23:19:52","slug":"teoria-y-practica-para-una-didactica-del-poema-en-prosa","status":"publish","type":"post","link":"https:\/\/www.deberes.net\/tesis\/linguistica\/teoria-y-practica-para-una-didactica-del-poema-en-prosa\/","title":{"rendered":"Teor\u00eda y pr\u00e1ctica para una did\u00e1ctica del poema en prosa"},"content":{"rendered":"<h2>Tesis doctoral de <strong> Silvia Rins Salazar <\/strong><\/h2>\n<p>Esta tesis doctoral conforma una propuesta de investigaci\u00f3n novedosa, ya que explora las posibilidades que ofrece una forma po\u00e9tica utilizada inusualmente en las aulas como material did\u00e1ctico: el poema en prosa.  de todos los g\u00e9neros literarios, la poes\u00eda sigue siendo el de menor representatividad en el \u00e1mbito escolar.  esta investigaci\u00f3n, enmarcada de pleno en el \u00e1rea de la did\u00e1ctica de la literatura, aunque participa de diversos campos de conocimiento, como la historia de la literatura, la cr\u00edtica literaria, la ling\u00ed\u00bc\u00edstica de texto o la estil\u00edstica po\u00e9tica, se estructura en.  1,- un marco te\u00f3rico, donde se repasa la historia la bibliograf\u00eda del poema en prosa, se profundiza en las peculiaridades did\u00e1cticas de la poes\u00eda y se expone una antolog\u00eda de textos destinada a la ense\u00f1anza.  2,- una proyecci\u00f3n pr\u00e1ctica, donde se desarrolla una experiencia llevada a cabo en el bachillerato, titulada \u00abel sue\u00f1o de la paz\u00bb, con un triple objetivo:  a,- demostrar las posibilidades del poema en prosa como herramienta did\u00e1ctica, ofreciendo un corpus de textos representativo destinado a la ense\u00f1anza formal.  b,- llevar a la pr\u00e1ctica una propuesta did\u00e1ctica en el per\u00edodo del bachillerato que incida en un colectivo de alumnos que presentan deficiencias en la asignatura de lengua y literatura castellanas.  c,- poner de relieve que el poema en prosa puede resultar sugestivo como material did\u00e1ctico en este nivel educativo, y puede contribuir a formar a los alumnos, no s\u00f3lo como estudiantes, futuros universitarios y ciudadanos del mundo, sino como adolescentes en proceso de maduraci\u00f3n personal.  en las conclusiones de este trabajo se corroboran algunas de las virtudes del uso del texto po\u00e9tico en general, y el poema en prosa en particular, en las aulas, teniendo en cuenta los intereses prioritarios del desarrollo de las actividades receptiva y productiva, es decir, los que ata\u00f1en a la comprensi\u00f3n e interpretaci\u00f3n del<\/p>\n<p>&nbsp;<\/p>\n<h3>Datos acad\u00e9micos de la tesis doctoral \u00ab<strong>Teor\u00eda y pr\u00e1ctica para una did\u00e1ctica del poema en prosa<\/strong>\u00ab<\/h3>\n<ul>\n<li><strong>T\u00edtulo de la tesis:<\/strong>\u00a0 Teor\u00eda y pr\u00e1ctica para una did\u00e1ctica del poema en prosa <\/li>\n<li><strong>Autor:<\/strong>\u00a0 Silvia Rins Salazar <\/li>\n<li><strong>Universidad:<\/strong>\u00a0 Barcelona<\/li>\n<li><strong>Fecha de lectura de la tesis:<\/strong>\u00a0 21\/06\/2005<\/li>\n<\/ul>\n<p>&nbsp;<\/p>\n<h3>Direcci\u00f3n y tribunal<\/h3>\n<ul>\n<li><strong>Director de la tesis<\/strong>\n<ul>\n<li>Jordi Virallonga Euguren<\/li>\n<\/ul>\n<\/li>\n<li><strong>Tribunal<\/strong>\n<ul>\n<li>Presidente del tribunal: Antonio Mendoza fillola <\/li>\n<li>aurora Marco l\u00f3pez (vocal)<\/li>\n<li>gabriel Janer manila (vocal)<\/li>\n<li>Mar\u00eda  celia Romea castro (vocal)<\/li>\n<\/ul>\n<\/li>\n<\/ul>\n<p>&nbsp;<\/p>\n","protected":false},"excerpt":{"rendered":"<p>Tesis doctoral de Silvia Rins Salazar Esta tesis doctoral conforma una propuesta de investigaci\u00f3n novedosa, ya que explora las posibilidades [&hellip;]<\/p>\n","protected":false},"author":1,"featured_media":0,"comment_status":"open","ping_status":"open","sticky":false,"template":"","format":"standard","meta":{"site-sidebar-layout":"default","site-content-layout":"","ast-site-content-layout":"","site-content-style":"default","site-sidebar-style":"default","ast-global-header-display":"","ast-banner-title-visibility":"","ast-main-header-display":"","ast-hfb-above-header-display":"","ast-hfb-below-header-display":"","ast-hfb-mobile-header-display":"","site-post-title":"","ast-breadcrumbs-content":"","ast-featured-img":"","footer-sml-layout":"","theme-transparent-header-meta":"","adv-header-id-meta":"","stick-header-meta":"","header-above-stick-meta":"","header-main-stick-meta":"","header-below-stick-meta":"","astra-migrate-meta-layouts":"default","ast-page-background-enabled":"default","ast-page-background-meta":{"desktop":{"background-color":"var(--ast-global-color-4)","background-image":"","background-repeat":"repeat","background-position":"center center","background-size":"auto","background-attachment":"scroll","background-type":"","background-media":"","overlay-type":"","overlay-color":"","overlay-gradient":""},"tablet":{"background-color":"","background-image":"","background-repeat":"repeat","background-position":"center center","background-size":"auto","background-attachment":"scroll","background-type":"","background-media":"","overlay-type":"","overlay-color":"","overlay-gradient":""},"mobile":{"background-color":"","background-image":"","background-repeat":"repeat","background-position":"center center","background-size":"auto","background-attachment":"scroll","background-type":"","background-media":"","overlay-type":"","overlay-color":"","overlay-gradient":""}},"ast-content-background-meta":{"desktop":{"background-color":"var(--ast-global-color-5)","background-image":"","background-repeat":"repeat","background-position":"center center","background-size":"auto","background-attachment":"scroll","background-type":"","background-media":"","overlay-type":"","overlay-color":"","overlay-gradient":""},"tablet":{"background-color":"var(--ast-global-color-5)","background-image":"","background-repeat":"repeat","background-position":"center center","background-size":"auto","background-attachment":"scroll","background-type":"","background-media":"","overlay-type":"","overlay-color":"","overlay-gradient":""},"mobile":{"background-color":"var(--ast-global-color-5)","background-image":"","background-repeat":"repeat","background-position":"center center","background-size":"auto","background-attachment":"scroll","background-type":"","background-media":"","overlay-type":"","overlay-color":"","overlay-gradient":""}},"footnotes":""},"categories":[951,147,2965,6020,636,59,60,2233,1141,628,1341],"tags":[19750,73539,17162,161913,53789,161912],"class_list":["post-74803","post","type-post","status-publish","format-standard","hentry","category-barcelona","category-ciencias-de-las-artes-y-las-letras","category-estilo-y-estetica-literarios","category-evaluacion-de-alumnos","category-lengua-y-literatura","category-linguistica","category-linguistica-aplicada","category-metodos-pedagogicos","category-pedagogia","category-teoria-analisis-y-critica-literarios","category-teoria-y-metodos-educativos","tag-antonio-mendoza-fillola","tag-aurora-marco-lopez","tag-gabriel-janer-manila","tag-jordi-virallonga-euguren","tag-maria-celia-romea-castro","tag-silvia-rins-salazar"],"_links":{"self":[{"href":"https:\/\/www.deberes.net\/tesis\/wp-json\/wp\/v2\/posts\/74803","targetHints":{"allow":["GET"]}}],"collection":[{"href":"https:\/\/www.deberes.net\/tesis\/wp-json\/wp\/v2\/posts"}],"about":[{"href":"https:\/\/www.deberes.net\/tesis\/wp-json\/wp\/v2\/types\/post"}],"author":[{"embeddable":true,"href":"https:\/\/www.deberes.net\/tesis\/wp-json\/wp\/v2\/users\/1"}],"replies":[{"embeddable":true,"href":"https:\/\/www.deberes.net\/tesis\/wp-json\/wp\/v2\/comments?post=74803"}],"version-history":[{"count":0,"href":"https:\/\/www.deberes.net\/tesis\/wp-json\/wp\/v2\/posts\/74803\/revisions"}],"wp:attachment":[{"href":"https:\/\/www.deberes.net\/tesis\/wp-json\/wp\/v2\/media?parent=74803"}],"wp:term":[{"taxonomy":"category","embeddable":true,"href":"https:\/\/www.deberes.net\/tesis\/wp-json\/wp\/v2\/categories?post=74803"},{"taxonomy":"post_tag","embeddable":true,"href":"https:\/\/www.deberes.net\/tesis\/wp-json\/wp\/v2\/tags?post=74803"}],"curies":[{"name":"wp","href":"https:\/\/api.w.org\/{rel}","templated":true}]}}