{"id":74814,"date":"2018-03-09T23:19:52","date_gmt":"2018-03-09T23:19:52","guid":{"rendered":"https:\/\/www.deberes.net\/tesis\/sin-categoria\/variabilidad-y-tendencias-del-nivel-del-mar-en-las-costas-de-la-peninsula-iberica-y-zonas-limitrofes-su-relacion-con-parametros-meteorologicos\/"},"modified":"2018-03-09T23:19:52","modified_gmt":"2018-03-09T23:19:52","slug":"variabilidad-y-tendencias-del-nivel-del-mar-en-las-costas-de-la-peninsula-iberica-y-zonas-limitrofes-su-relacion-con-parametros-meteorologicos","status":"publish","type":"post","link":"https:\/\/www.deberes.net\/tesis\/ciencias-de-la-tierra-y-del-espacio\/variabilidad-y-tendencias-del-nivel-del-mar-en-las-costas-de-la-peninsula-iberica-y-zonas-limitrofes-su-relacion-con-parametros-meteorologicos\/","title":{"rendered":"Variabilidad y tendencias del nivel del mar en las costas de la peninsula iberica y zonas limitrofes. su relacion con parametros meteorologicos"},"content":{"rendered":"<h2>Tesis doctoral de <strong> Elena Tel Perez <\/strong><\/h2>\n<p>El inter\u00e9s por determinar un posible cambio clim\u00e1tico, debido a la obvia influencia en la sociedad, ha propiciado una serie de estudios clim\u00e1ticos relacionados con el nivel del mar, puesto que \u00e9ste puede ser un buen indicador de este cambio.  el objetivo de este trabajo ha sido el an\u00e1lisis de las variaciones del promedio del nivel del mar en diferentes zonas costeras de la pen\u00ednsula ib\u00e9rica y del sur de europa, su variabilidad en los \u00faltimos decenios y tambi\u00e9n la influencia de algunos factores como los meteorol\u00f3gicos. Para esto se han analizado los aspectos m\u00e1s importantes de las variaciones del nivel del mar en diferentes localidades, tanto cuantitativa como cualitativamente, tratando de establecer pautas comunes y\/o diferenciadas seg\u00fan las caracter\u00edsticas de la zona. Se ha determinado el comportamiento a largo plazo del nivel del mar y se han caracterizado sus tendencias as\u00ed como sus ciclos m\u00e1s significativos, tanto anuales como de largo per\u00edodo, encontr\u00e1ndose que existe una gran variabilidad en los mismos.  mediante el m\u00e9todo multivariante de funciones ortogonales emp\u00edricas los mare\u00f3grafos con respuestas similares se han agrupado en 5 \u00abclusters\u00bb caracteriz\u00e1ndose cada zona mediante 1 \u00f3 2 modos que aglutinan en cada caso el 75% de la varianza total de las series en cada \u00e1rea. Estos modos han sido utilizados para identificar las relaciones entre las fluctuaciones del nivel del mar e \u00edndices de teleconexi\u00f3n meteorol\u00f3gicos tales como la oscilaci\u00f3n del atl\u00e1ntico norte (nao), el \u00edndice del mediterr\u00e1neo occidental (wemo), y la concentraci\u00f3n de co2 atmosf\u00e9rico a escala planetaria. An\u00e1logamente se han estudiado las relaciones entre las variaciones de las alturas est\u00e9ricas, determinadas a partir de las series hidrogr\u00e1ficas del instituto espa\u00f1ol de oceanograf\u00eda (ieo) y las variaciones del nivel del mar, estableci\u00e9ndose una metodolog\u00eda que puede ser interesante en trabajos futuros.<\/p>\n<p>&nbsp;<\/p>\n<h3>Datos acad\u00e9micos de la tesis doctoral \u00ab<strong>Variabilidad y tendencias del nivel del mar en las costas de la peninsula iberica y zonas limitrofes. su relacion con parametros meteorologicos<\/strong>\u00ab<\/h3>\n<ul>\n<li><strong>T\u00edtulo de la tesis:<\/strong>\u00a0 Variabilidad y tendencias del nivel del mar en las costas de la peninsula iberica y zonas limitrofes. su relacion con parametros meteorologicos <\/li>\n<li><strong>Autor:<\/strong>\u00a0 Elena Tel Perez <\/li>\n<li><strong>Universidad:<\/strong>\u00a0 Salamanca<\/li>\n<li><strong>Fecha de lectura de la tesis:<\/strong>\u00a0 21\/06\/2005<\/li>\n<\/ul>\n<p>&nbsp;<\/p>\n<h3>Direcci\u00f3n y tribunal<\/h3>\n<ul>\n<li><strong>Director de la tesis<\/strong>\n<ul>\n<li> De Pablo Davila Fernando<\/li>\n<\/ul>\n<\/li>\n<li><strong>Tribunal<\/strong>\n<ul>\n<li>Presidente del tribunal: moises Egido manzano <\/li>\n<li>alicia Lavin (vocal)<\/li>\n<li>emiliano Hern\u00e1ndez mart\u00edn (vocal)<\/li>\n<li>ricardo Garcia herrera (vocal)<\/li>\n<\/ul>\n<\/li>\n<\/ul>\n<p>&nbsp;<\/p>\n","protected":false},"excerpt":{"rendered":"<p>Tesis doctoral de Elena Tel Perez El inter\u00e9s por determinar un posible cambio clim\u00e1tico, debido a la obvia influencia en [&hellip;]<\/p>\n","protected":false},"author":1,"featured_media":0,"comment_status":"open","ping_status":"open","sticky":false,"template":"","format":"standard","meta":{"site-sidebar-layout":"default","site-content-layout":"","ast-site-content-layout":"","site-content-style":"default","site-sidebar-style":"default","ast-global-header-display":"","ast-banner-title-visibility":"","ast-main-header-display":"","ast-hfb-above-header-display":"","ast-hfb-below-header-display":"","ast-hfb-mobile-header-display":"","site-post-title":"","ast-breadcrumbs-content":"","ast-featured-img":"","footer-sml-layout":"","theme-transparent-header-meta":"","adv-header-id-meta":"","stick-header-meta":"","header-above-stick-meta":"","header-main-stick-meta":"","header-below-stick-meta":"","astra-migrate-meta-layouts":"default","ast-page-background-enabled":"default","ast-page-background-meta":{"desktop":{"background-color":"var(--ast-global-color-4)","background-image":"","background-repeat":"repeat","background-position":"center center","background-size":"auto","background-attachment":"scroll","background-type":"","background-media":"","overlay-type":"","overlay-color":"","overlay-gradient":""},"tablet":{"background-color":"","background-image":"","background-repeat":"repeat","background-position":"center center","background-size":"auto","background-attachment":"scroll","background-type":"","background-media":"","overlay-type":"","overlay-color":"","overlay-gradient":""},"mobile":{"background-color":"","background-image":"","background-repeat":"repeat","background-position":"center center","background-size":"auto","background-attachment":"scroll","background-type":"","background-media":"","overlay-type":"","overlay-color":"","overlay-gradient":""}},"ast-content-background-meta":{"desktop":{"background-color":"var(--ast-global-color-5)","background-image":"","background-repeat":"repeat","background-position":"center center","background-size":"auto","background-attachment":"scroll","background-type":"","background-media":"","overlay-type":"","overlay-color":"","overlay-gradient":""},"tablet":{"background-color":"var(--ast-global-color-5)","background-image":"","background-repeat":"repeat","background-position":"center center","background-size":"auto","background-attachment":"scroll","background-type":"","background-media":"","overlay-type":"","overlay-color":"","overlay-gradient":""},"mobile":{"background-color":"var(--ast-global-color-5)","background-image":"","background-repeat":"repeat","background-position":"center center","background-size":"auto","background-attachment":"scroll","background-type":"","background-media":"","overlay-type":"","overlay-color":"","overlay-gradient":""}},"footnotes":""},"categories":[27,429,15839,228,19634,9386],"tags":[161928,62341,161927,6033,5957,31899],"class_list":["post-74814","post","type-post","status-publish","format-standard","hentry","category-ciencias-de-la-tierra-y-del-espacio","category-meteorologia","category-meteorologia-marina","category-oceanografia","category-oceanografia-descriptiva","category-salamanca","tag-alicia-lavin","tag-de-pablo-davila-fernando","tag-elena-tel-perez","tag-emiliano-hernandez-martin","tag-moises-egido-manzano","tag-ricardo-garcia-herrera"],"_links":{"self":[{"href":"https:\/\/www.deberes.net\/tesis\/wp-json\/wp\/v2\/posts\/74814","targetHints":{"allow":["GET"]}}],"collection":[{"href":"https:\/\/www.deberes.net\/tesis\/wp-json\/wp\/v2\/posts"}],"about":[{"href":"https:\/\/www.deberes.net\/tesis\/wp-json\/wp\/v2\/types\/post"}],"author":[{"embeddable":true,"href":"https:\/\/www.deberes.net\/tesis\/wp-json\/wp\/v2\/users\/1"}],"replies":[{"embeddable":true,"href":"https:\/\/www.deberes.net\/tesis\/wp-json\/wp\/v2\/comments?post=74814"}],"version-history":[{"count":0,"href":"https:\/\/www.deberes.net\/tesis\/wp-json\/wp\/v2\/posts\/74814\/revisions"}],"wp:attachment":[{"href":"https:\/\/www.deberes.net\/tesis\/wp-json\/wp\/v2\/media?parent=74814"}],"wp:term":[{"taxonomy":"category","embeddable":true,"href":"https:\/\/www.deberes.net\/tesis\/wp-json\/wp\/v2\/categories?post=74814"},{"taxonomy":"post_tag","embeddable":true,"href":"https:\/\/www.deberes.net\/tesis\/wp-json\/wp\/v2\/tags?post=74814"}],"curies":[{"name":"wp","href":"https:\/\/api.w.org\/{rel}","templated":true}]}}