{"id":74857,"date":"2018-03-09T23:19:56","date_gmt":"2018-03-09T23:19:56","guid":{"rendered":"https:\/\/www.deberes.net\/tesis\/sin-categoria\/el-concepto-de-sentido-como-correspondiente-entre-etica-y-hermeneutica-en-gabriel-marcel\/"},"modified":"2018-03-09T23:19:56","modified_gmt":"2018-03-09T23:19:56","slug":"el-concepto-de-sentido-como-correspondiente-entre-etica-y-hermeneutica-en-gabriel-marcel","status":"publish","type":"post","link":"https:\/\/www.deberes.net\/tesis\/filosofia\/el-concepto-de-sentido-como-correspondiente-entre-etica-y-hermeneutica-en-gabriel-marcel\/","title":{"rendered":"El concepto de sentido como correspondiente entre \u00e9tica y hermen\u00e9utica en gabriel marcel"},"content":{"rendered":"<h2>Tesis doctoral de <strong> Fernando L\u00f3pez Luengos <\/strong><\/h2>\n<p>La filosof\u00eda de gabriel marcel se caracteriza por rastrear las condiciones de posibilidad de toda filosof\u00eda desde sus rac\u00edces existenciales entendidas como un proceso. Pero si marcel parte de la convicci\u00f3n profunda de la condici\u00f3n itinerante expl\u00edcita del ser humano, \u00e9sta no es f\u00e1cil de entender sin admitir una finalidad impl\u00edcita en este mismo camino que es la que, en definitiva, le posibilita, y dirige. Esta finalidad impl\u00edcita es la que constituye el concepto de sentido, que incluye, seg\u00fan pretendo demostrar, una dimensi\u00f3n te\u00f3rica y una dimensi\u00f3n pr\u00e1ctica. La primera se orientar\u00eda al concepto de significado que implica una determinada epistemolog\u00eda basada en una hermen\u00faetica previa a toda conceptualizaci\u00f3n, y que acompa\u00f1a su camino filos\u00f3fico y existencial. La segunda, se orientar\u00eda a una forma de evaluar la realidad que se desarrolla en la historia personal y que posibilita y orienta la configuraci\u00f3n de los valores y, consecuentemente, la orientaci\u00f3n \u00e9tica que se da a la propia existencia. Ambas dimensiones ir\u00edan sustancialmente unidas, conocer es al mismo tiempo valuar: \u00abla verdad y el valor no se dejan realmente disociar\u00bb. Esta relaci\u00f3n no se limita a la percepci\u00f3n de los valores concretos percibios en el curso de los acontecimientos cotidianos, sino que inlcuye la valoraci\u00f3n de la propia vida en su conjunto.  otros de los aspectos que iluminan su concepci\u00f3n del sentido es la interpretaci\u00f3n de la realidad vital en su desarrollo temporal. El sentido se articular\u00eda desde la interpretaci\u00f3n del pasado personal en funci\u00f3n de lo que se descubre como valioso en la proyecci\u00f3n de la existencia haica el futuro. La persona no s\u00f3lo estar\u00eda ciegamente condicionada desde su pasado como propon\u00eda freud, sino que se proyecta hacia el futuro en funci\u00f3n de unos valores descubiertos y asumidos personalmente. Todo ello configurar\u00eda el \u00e1mbito de una libertad que escapar\u00eda a los condicionantes reduccionistas que la<\/p>\n<p>&nbsp;<\/p>\n<h3>Datos acad\u00e9micos de la tesis doctoral \u00ab<strong>El concepto de sentido como correspondiente entre \u00e9tica y hermen\u00e9utica en gabriel marcel<\/strong>\u00ab<\/h3>\n<ul>\n<li><strong>T\u00edtulo de la tesis:<\/strong>\u00a0 El concepto de sentido como correspondiente entre \u00e9tica y hermen\u00e9utica en gabriel marcel <\/li>\n<li><strong>Autor:<\/strong>\u00a0 Fernando L\u00f3pez Luengos <\/li>\n<li><strong>Universidad:<\/strong>\u00a0 Complutense de Madrid<\/li>\n<li><strong>Fecha de lectura de la tesis:<\/strong>\u00a0 22\/06\/2005<\/li>\n<\/ul>\n<p>&nbsp;<\/p>\n<h3>Direcci\u00f3n y tribunal<\/h3>\n<ul>\n<li><strong>Director de la tesis<\/strong>\n<ul>\n<li>Carlos D\u00edaz Hern\u00e1ndez<\/li>\n<\/ul>\n<\/li>\n<li><strong>Tribunal<\/strong>\n<ul>\n<li>Presidente del tribunal: manuel Maceiras fafi\u00e1n <\/li>\n<li> Arroyo arrayas Luis Miguel (vocal)<\/li>\n<li> Fern\u00e1ndez del riesgo Manuel (vocal)<\/li>\n<li>agustin Domingo moratalla (vocal)<\/li>\n<\/ul>\n<\/li>\n<\/ul>\n<p>&nbsp;<\/p>\n","protected":false},"excerpt":{"rendered":"<p>Tesis doctoral de Fernando L\u00f3pez Luengos La filosof\u00eda de gabriel marcel se caracteriza por rastrear las condiciones de posibilidad de [&hellip;]<\/p>\n","protected":false},"author":1,"featured_media":0,"comment_status":"open","ping_status":"open","sticky":false,"template":"","format":"standard","meta":{"site-sidebar-layout":"default","site-content-layout":"","ast-site-content-layout":"","site-content-style":"default","site-sidebar-style":"default","ast-global-header-display":"","ast-banner-title-visibility":"","ast-main-header-display":"","ast-hfb-above-header-display":"","ast-hfb-below-header-display":"","ast-hfb-mobile-header-display":"","site-post-title":"","ast-breadcrumbs-content":"","ast-featured-img":"","footer-sml-layout":"","theme-transparent-header-meta":"","adv-header-id-meta":"","stick-header-meta":"","header-above-stick-meta":"","header-main-stick-meta":"","header-below-stick-meta":"","astra-migrate-meta-layouts":"default","ast-page-background-enabled":"default","ast-page-background-meta":{"desktop":{"background-color":"var(--ast-global-color-4)","background-image":"","background-repeat":"repeat","background-position":"center center","background-size":"auto","background-attachment":"scroll","background-type":"","background-media":"","overlay-type":"","overlay-color":"","overlay-gradient":""},"tablet":{"background-color":"","background-image":"","background-repeat":"repeat","background-position":"center center","background-size":"auto","background-attachment":"scroll","background-type":"","background-media":"","overlay-type":"","overlay-color":"","overlay-gradient":""},"mobile":{"background-color":"","background-image":"","background-repeat":"repeat","background-position":"center center","background-size":"auto","background-attachment":"scroll","background-type":"","background-media":"","overlay-type":"","overlay-color":"","overlay-gradient":""}},"ast-content-background-meta":{"desktop":{"background-color":"var(--ast-global-color-5)","background-image":"","background-repeat":"repeat","background-position":"center center","background-size":"auto","background-attachment":"scroll","background-type":"","background-media":"","overlay-type":"","overlay-color":"","overlay-gradient":""},"tablet":{"background-color":"var(--ast-global-color-5)","background-image":"","background-repeat":"repeat","background-position":"center center","background-size":"auto","background-attachment":"scroll","background-type":"","background-media":"","overlay-type":"","overlay-color":"","overlay-gradient":""},"mobile":{"background-color":"var(--ast-global-color-5)","background-image":"","background-repeat":"repeat","background-position":"center center","background-size":"auto","background-attachment":"scroll","background-type":"","background-media":"","overlay-type":"","overlay-color":"","overlay-gradient":""}},"footnotes":""},"categories":[960,165],"tags":[35669,52569,5347,6010,162005,5345],"class_list":["post-74857","post","type-post","status-publish","format-standard","hentry","category-antropologia-filosofica","category-filosofia","tag-agustin-domingo-moratalla","tag-arroyo-arrayas-luis-miguel","tag-carlos-diaz-hernandez","tag-fernandez-del-riesgo-manuel","tag-fernando-lopez-luengos","tag-manuel-maceiras-fafian"],"_links":{"self":[{"href":"https:\/\/www.deberes.net\/tesis\/wp-json\/wp\/v2\/posts\/74857","targetHints":{"allow":["GET"]}}],"collection":[{"href":"https:\/\/www.deberes.net\/tesis\/wp-json\/wp\/v2\/posts"}],"about":[{"href":"https:\/\/www.deberes.net\/tesis\/wp-json\/wp\/v2\/types\/post"}],"author":[{"embeddable":true,"href":"https:\/\/www.deberes.net\/tesis\/wp-json\/wp\/v2\/users\/1"}],"replies":[{"embeddable":true,"href":"https:\/\/www.deberes.net\/tesis\/wp-json\/wp\/v2\/comments?post=74857"}],"version-history":[{"count":0,"href":"https:\/\/www.deberes.net\/tesis\/wp-json\/wp\/v2\/posts\/74857\/revisions"}],"wp:attachment":[{"href":"https:\/\/www.deberes.net\/tesis\/wp-json\/wp\/v2\/media?parent=74857"}],"wp:term":[{"taxonomy":"category","embeddable":true,"href":"https:\/\/www.deberes.net\/tesis\/wp-json\/wp\/v2\/categories?post=74857"},{"taxonomy":"post_tag","embeddable":true,"href":"https:\/\/www.deberes.net\/tesis\/wp-json\/wp\/v2\/tags?post=74857"}],"curies":[{"name":"wp","href":"https:\/\/api.w.org\/{rel}","templated":true}]}}