{"id":74871,"date":"2018-03-09T23:19:56","date_gmt":"2018-03-09T23:19:56","guid":{"rendered":"https:\/\/www.deberes.net\/tesis\/sin-categoria\/la-determinacion-en-latin\/"},"modified":"2018-03-09T23:19:56","modified_gmt":"2018-03-09T23:19:56","slug":"la-determinacion-en-latin","status":"publish","type":"post","link":"https:\/\/www.deberes.net\/tesis\/linguistica\/la-determinacion-en-latin\/","title":{"rendered":"La determinaci\u00f3n en lat\u00edn"},"content":{"rendered":"<h2>Tesis doctoral de <strong> Jorge T\u00e1rrega Garrido <\/strong><\/h2>\n<p>La tesis trata esencialmente de indagar los recursos de los que se vale una lengua desprovista de art\u00edculo a la hora de marcar la determinaci\u00f3n, con un estudio particular de la lengua latina. Todo el material queda estructurado de la siguiente manera: 1) \u00edndice general; 2) lista de abreviaturas; 3) introducci\u00f3n: en un principio se ocupa el doctorando de la definici\u00f3n del t\u00e9rmino determinaci\u00f3n seg\u00fan se ha venido investigando en la teor\u00eda ling\u00ed\u00bc\u00edstica; 4) planteamiento, objetivos y m\u00e9todos: se expone el status quaestionis del tema de la determinaci\u00f3n en el caso concreto de la lengua latina y a continuaci\u00f3n se fijan los objetivos perseguidos, as\u00ed como los procedimientos metodol\u00f3gicos empleados en su desarrollo; 5) recursos: a lo largo de nueve apartados se analizan espec\u00edficamente las distintas t\u00e9cnicas utilizadas para marcar la determinaci\u00f3n. Se examina primeramente el aludido recurso en algunas de las lenguas referidas en el index linguarum. Asimismo, en cada cap\u00edtulo se hace un estudio concreto de los hechos hallados en lat\u00edn, estudio cuya extensi\u00f3n viene determinada por la importancia del recurso en esta lengua; 6) conclusiones; 7) bibliograf\u00eda e \u00edndices de autores, lenguas y pasajes citados.<\/p>\n<p>&nbsp;<\/p>\n<h3>Datos acad\u00e9micos de la tesis doctoral \u00ab<strong>La determinaci\u00f3n en lat\u00edn<\/strong>\u00ab<\/h3>\n<ul>\n<li><strong>T\u00edtulo de la tesis:<\/strong>\u00a0 La determinaci\u00f3n en lat\u00edn <\/li>\n<li><strong>Autor:<\/strong>\u00a0 Jorge T\u00e1rrega Garrido <\/li>\n<li><strong>Universidad:<\/strong>\u00a0 Universitat de val\u00e9ncia (estudi general)<\/li>\n<li><strong>Fecha de lectura de la tesis:<\/strong>\u00a0 22\/06\/2005<\/li>\n<\/ul>\n<p>&nbsp;<\/p>\n<h3>Direcci\u00f3n y tribunal<\/h3>\n<ul>\n<li><strong>Director de la tesis<\/strong>\n<ul>\n<li>Francisco Javier Ballester Gomez<\/li>\n<\/ul>\n<\/li>\n<li><strong>Tribunal<\/strong>\n<ul>\n<li>Presidente del tribunal: Jaime Siles ruiz <\/li>\n<li>pedro Manuel Suarez Martinez (vocal)<\/li>\n<li> Moralejo \u00e1lvarez Jos\u00e9 Luis (vocal)<\/li>\n<li>concepci\u00f3n Cabrillana leal (vocal)<\/li>\n<\/ul>\n<\/li>\n<\/ul>\n<p>&nbsp;<\/p>\n","protected":false},"excerpt":{"rendered":"<p>Tesis doctoral de Jorge T\u00e1rrega Garrido La tesis trata esencialmente de indagar los recursos de los que se vale una [&hellip;]<\/p>\n","protected":false},"author":1,"featured_media":0,"comment_status":"open","ping_status":"open","sticky":false,"template":"","format":"standard","meta":{"site-sidebar-layout":"default","site-content-layout":"","ast-site-content-layout":"","site-content-style":"default","site-sidebar-style":"default","ast-global-header-display":"","ast-banner-title-visibility":"","ast-main-header-display":"","ast-hfb-above-header-display":"","ast-hfb-below-header-display":"","ast-hfb-mobile-header-display":"","site-post-title":"","ast-breadcrumbs-content":"","ast-featured-img":"","footer-sml-layout":"","theme-transparent-header-meta":"","adv-header-id-meta":"","stick-header-meta":"","header-above-stick-meta":"","header-main-stick-meta":"","header-below-stick-meta":"","astra-migrate-meta-layouts":"default","ast-page-background-enabled":"default","ast-page-background-meta":{"desktop":{"background-color":"var(--ast-global-color-4)","background-image":"","background-repeat":"repeat","background-position":"center center","background-size":"auto","background-attachment":"scroll","background-type":"","background-media":"","overlay-type":"","overlay-color":"","overlay-gradient":""},"tablet":{"background-color":"","background-image":"","background-repeat":"repeat","background-position":"center center","background-size":"auto","background-attachment":"scroll","background-type":"","background-media":"","overlay-type":"","overlay-color":"","overlay-gradient":""},"mobile":{"background-color":"","background-image":"","background-repeat":"repeat","background-position":"center center","background-size":"auto","background-attachment":"scroll","background-type":"","background-media":"","overlay-type":"","overlay-color":"","overlay-gradient":""}},"ast-content-background-meta":{"desktop":{"background-color":"var(--ast-global-color-5)","background-image":"","background-repeat":"repeat","background-position":"center center","background-size":"auto","background-attachment":"scroll","background-type":"","background-media":"","overlay-type":"","overlay-color":"","overlay-gradient":""},"tablet":{"background-color":"var(--ast-global-color-5)","background-image":"","background-repeat":"repeat","background-position":"center center","background-size":"auto","background-attachment":"scroll","background-type":"","background-media":"","overlay-type":"","overlay-color":"","overlay-gradient":""},"mobile":{"background-color":"var(--ast-global-color-5)","background-image":"","background-repeat":"repeat","background-position":"center center","background-size":"auto","background-attachment":"scroll","background-type":"","background-media":"","overlay-type":"","overlay-color":"","overlay-gradient":""}},"footnotes":""},"categories":[59,423,590],"tags":[162032,86942,25770,162031,689,133624],"class_list":["post-74871","post","type-post","status-publish","format-standard","hentry","category-linguistica","category-linguistica-diacronica","category-linguistica-historica","tag-concepcion-cabrillana-leal","tag-francisco-javier-ballester-gomez","tag-jaime-siles-ruiz","tag-jorge-tarrega-garrido","tag-moralejo-alvarez-jose-luis","tag-pedro-manuel-suarez-Martinez"],"_links":{"self":[{"href":"https:\/\/www.deberes.net\/tesis\/wp-json\/wp\/v2\/posts\/74871","targetHints":{"allow":["GET"]}}],"collection":[{"href":"https:\/\/www.deberes.net\/tesis\/wp-json\/wp\/v2\/posts"}],"about":[{"href":"https:\/\/www.deberes.net\/tesis\/wp-json\/wp\/v2\/types\/post"}],"author":[{"embeddable":true,"href":"https:\/\/www.deberes.net\/tesis\/wp-json\/wp\/v2\/users\/1"}],"replies":[{"embeddable":true,"href":"https:\/\/www.deberes.net\/tesis\/wp-json\/wp\/v2\/comments?post=74871"}],"version-history":[{"count":0,"href":"https:\/\/www.deberes.net\/tesis\/wp-json\/wp\/v2\/posts\/74871\/revisions"}],"wp:attachment":[{"href":"https:\/\/www.deberes.net\/tesis\/wp-json\/wp\/v2\/media?parent=74871"}],"wp:term":[{"taxonomy":"category","embeddable":true,"href":"https:\/\/www.deberes.net\/tesis\/wp-json\/wp\/v2\/categories?post=74871"},{"taxonomy":"post_tag","embeddable":true,"href":"https:\/\/www.deberes.net\/tesis\/wp-json\/wp\/v2\/tags?post=74871"}],"curies":[{"name":"wp","href":"https:\/\/api.w.org\/{rel}","templated":true}]}}