{"id":74914,"date":"2018-03-09T23:20:00","date_gmt":"2018-03-09T23:20:00","guid":{"rendered":"https:\/\/www.deberes.net\/tesis\/sin-categoria\/identidad-masculinidad-y-violencia-de-genero-un-acercamiento-a-los-varones-jovenes-mexicanos\/"},"modified":"2018-03-09T23:20:00","modified_gmt":"2018-03-09T23:20:00","slug":"identidad-masculinidad-y-violencia-de-genero-un-acercamiento-a-los-varones-jovenes-mexicanos","status":"publish","type":"post","link":"https:\/\/www.deberes.net\/tesis\/psicologia\/identidad-masculinidad-y-violencia-de-genero-un-acercamiento-a-los-varones-jovenes-mexicanos\/","title":{"rendered":"Identidad, masculinidad y violencia de g\u00e9nero. un acercamiento a los varones j\u00f3venes mexicanos"},"content":{"rendered":"<h2>Tesis doctoral de <strong>  Botello Lonngi Luis Antonio <\/strong><\/h2>\n<p>La presente investigaci\u00f3n parte de la inquietud de indagar diferentes componentes de la identidad y la construcci\u00f3n de g\u00e9nero, y su posible vinculaci\u00f3n con pr\u00e1cticas violentas de varones contra las mujeres. En este sentido muestra pregunta de investigaci\u00f3n fue: \u00c2\u00bfcu\u00e1l es la relaci\u00f3n entre violencia, identidad y g\u00e9nero en hombres j\u00f3venes mexicanos en un contexto determinado?, Y en este sentido \u00c2\u00bfpara los hombres el g\u00e9nero tiene un lugar como condicionante en la formaci\u00f3n de componentes identitarios y en el desarrollo de conocimiento cerrados o alternativos de relaci\u00f3n?  se llevaron a cabo 10 grupos de discusi\u00f3n con j\u00f3venes varones en diferentes zonas de m\u00e9xico. Se realiz\u00f3 an\u00e1lisis de los discursos y se desarrollaron diferentes categor\u00edas que nos permiti\u00f3 ordenar la analizado. Retomamos visiones contempor\u00e1neas de los estudios de la condici\u00f3n masculina desarrollando un tratamiento psicosocial. Los resultados arrojaron datos muy signiticativos respecto a identificar en qu\u00e9 aspectos la vida de los varones est\u00e1n ligadas a la normatividad gen\u00e9rica. En los resultados se exponen las diferentes motivaciones que los varones adjudican al fen\u00f3meno de la violencia de g\u00e9nero y su vinculaci\u00f3n con las relaciones que establecen con las mujeres en su vida diaria. Encontramos una relaci\u00f3n significativa entre las diferentes concepciones de violencia y las pautas de relaci\u00f3n que establecen como medidas pr\u00e1cticas de adaptaci\u00f3n en sus relaciones sociales. En el tel\u00f3n de fondo se perciben dos fen\u00f3menos simult\u00e1neos y en tensi\u00f3n: hombres inmersos en un proceso de actualizaci\u00f3n de la normatividad gen\u00e9rica, m\u00e1s intenso en algunos aspectos y menos en otros: y por otra parte, el seguimiento de fisuras que nos permiten observar una normatividad trastocada. En el conjunto de este proceso se gestan luchas de permanencia, cambio y recomodo desde las cuales los varones significan y resignifican las relaciones con las mujeres.<\/p>\n<p>&nbsp;<\/p>\n<h3>Datos acad\u00e9micos de la tesis doctoral \u00ab<strong>Identidad, masculinidad y violencia de g\u00e9nero. un acercamiento a los varones j\u00f3venes mexicanos<\/strong>\u00ab<\/h3>\n<ul>\n<li><strong>T\u00edtulo de la tesis:<\/strong>\u00a0 Identidad, masculinidad y violencia de g\u00e9nero. un acercamiento a los varones j\u00f3venes mexicanos <\/li>\n<li><strong>Autor:<\/strong>\u00a0  Botello Lonngi Luis Antonio <\/li>\n<li><strong>Universidad:<\/strong>\u00a0 Complutense de Madrid<\/li>\n<li><strong>Fecha de lectura de la tesis:<\/strong>\u00a0 23\/06\/2005<\/li>\n<\/ul>\n<p>&nbsp;<\/p>\n<h3>Direcci\u00f3n y tribunal<\/h3>\n<ul>\n<li><strong>Director de la tesis<\/strong>\n<ul>\n<li>Concepcion Fernandez Villanueva<\/li>\n<\/ul>\n<\/li>\n<li><strong>Tribunal<\/strong>\n<ul>\n<li>Presidente del tribunal: florencio Jim\u00e9nez burillo <\/li>\n<li>pilar Gonz\u00e1lez mart\u00ednez (vocal)<\/li>\n<li> Izquierdo benito Mar\u00eda  Jes\u00fas (vocal)<\/li>\n<li>silvia Garcia  dauder (vocal)<\/li>\n<\/ul>\n<\/li>\n<\/ul>\n<p>&nbsp;<\/p>\n","protected":false},"excerpt":{"rendered":"<p>Tesis doctoral de Botello Lonngi Luis Antonio La presente investigaci\u00f3n parte de la inquietud de indagar diferentes componentes de la [&hellip;]<\/p>\n","protected":false},"author":1,"featured_media":0,"comment_status":"open","ping_status":"open","sticky":false,"template":"","format":"standard","meta":{"site-sidebar-layout":"default","site-content-layout":"","ast-site-content-layout":"","site-content-style":"default","site-sidebar-style":"default","ast-global-header-display":"","ast-banner-title-visibility":"","ast-main-header-display":"","ast-hfb-above-header-display":"","ast-hfb-below-header-display":"","ast-hfb-mobile-header-display":"","site-post-title":"","ast-breadcrumbs-content":"","ast-featured-img":"","footer-sml-layout":"","theme-transparent-header-meta":"","adv-header-id-meta":"","stick-header-meta":"","header-above-stick-meta":"","header-main-stick-meta":"","header-below-stick-meta":"","astra-migrate-meta-layouts":"default","ast-page-background-enabled":"default","ast-page-background-meta":{"desktop":{"background-color":"var(--ast-global-color-4)","background-image":"","background-repeat":"repeat","background-position":"center center","background-size":"auto","background-attachment":"scroll","background-type":"","background-media":"","overlay-type":"","overlay-color":"","overlay-gradient":""},"tablet":{"background-color":"","background-image":"","background-repeat":"repeat","background-position":"center center","background-size":"auto","background-attachment":"scroll","background-type":"","background-media":"","overlay-type":"","overlay-color":"","overlay-gradient":""},"mobile":{"background-color":"","background-image":"","background-repeat":"repeat","background-position":"center center","background-size":"auto","background-attachment":"scroll","background-type":"","background-media":"","overlay-type":"","overlay-color":"","overlay-gradient":""}},"ast-content-background-meta":{"desktop":{"background-color":"var(--ast-global-color-5)","background-image":"","background-repeat":"repeat","background-position":"center center","background-size":"auto","background-attachment":"scroll","background-type":"","background-media":"","overlay-type":"","overlay-color":"","overlay-gradient":""},"tablet":{"background-color":"var(--ast-global-color-5)","background-image":"","background-repeat":"repeat","background-position":"center center","background-size":"auto","background-attachment":"scroll","background-type":"","background-media":"","overlay-type":"","overlay-color":"","overlay-gradient":""},"mobile":{"background-color":"var(--ast-global-color-5)","background-image":"","background-repeat":"repeat","background-position":"center center","background-size":"auto","background-attachment":"scroll","background-type":"","background-media":"","overlay-type":"","overlay-color":"","overlay-gradient":""}},"footnotes":""},"categories":[6025,324],"tags":[162113,47089,6709,96355,100756,69906],"class_list":["post-74914","post","type-post","status-publish","format-standard","hentry","category-estudio-psicologico-de-cuestiones-sociales","category-psicologia","tag-botello-lonngi-luis-antonio","tag-concepcion-fernandez-villanueva","tag-florencio-jimenez-burillo","tag-izquierdo-benito-maria-jesus","tag-pilar-gonzalez-Martinez","tag-silvia-garcia-dauder"],"_links":{"self":[{"href":"https:\/\/www.deberes.net\/tesis\/wp-json\/wp\/v2\/posts\/74914","targetHints":{"allow":["GET"]}}],"collection":[{"href":"https:\/\/www.deberes.net\/tesis\/wp-json\/wp\/v2\/posts"}],"about":[{"href":"https:\/\/www.deberes.net\/tesis\/wp-json\/wp\/v2\/types\/post"}],"author":[{"embeddable":true,"href":"https:\/\/www.deberes.net\/tesis\/wp-json\/wp\/v2\/users\/1"}],"replies":[{"embeddable":true,"href":"https:\/\/www.deberes.net\/tesis\/wp-json\/wp\/v2\/comments?post=74914"}],"version-history":[{"count":0,"href":"https:\/\/www.deberes.net\/tesis\/wp-json\/wp\/v2\/posts\/74914\/revisions"}],"wp:attachment":[{"href":"https:\/\/www.deberes.net\/tesis\/wp-json\/wp\/v2\/media?parent=74914"}],"wp:term":[{"taxonomy":"category","embeddable":true,"href":"https:\/\/www.deberes.net\/tesis\/wp-json\/wp\/v2\/categories?post=74914"},{"taxonomy":"post_tag","embeddable":true,"href":"https:\/\/www.deberes.net\/tesis\/wp-json\/wp\/v2\/tags?post=74914"}],"curies":[{"name":"wp","href":"https:\/\/api.w.org\/{rel}","templated":true}]}}