{"id":74941,"date":"2018-03-09T23:20:04","date_gmt":"2018-03-09T23:20:04","guid":{"rendered":"https:\/\/www.deberes.net\/tesis\/sin-categoria\/procesos-de-duelo-en-las-comunidades-mayas-afectadas-por-la-violencia-pola%c2%adtica\/"},"modified":"2018-03-09T23:20:04","modified_gmt":"2018-03-09T23:20:04","slug":"procesos-de-duelo-en-las-comunidades-mayas-afectadas-por-la-violencia-pola%c2%adtica","status":"publish","type":"post","link":"https:\/\/www.deberes.net\/tesis\/psicologia\/procesos-de-duelo-en-las-comunidades-mayas-afectadas-por-la-violencia-pola%c2%adtica\/","title":{"rendered":"Procesos de duelo en las comunidades mayas afectadas por la violencia pol\u00edtica"},"content":{"rendered":"<h2>Tesis doctoral de <strong> Carlos Mart\u00edn Beristain <\/strong><\/h2>\n<p>Esta tesis recoge varios trabajos de investigaci\u00f3n realizados en los \u00faltimos a\u00f1os a partir de mi trabajo con las comunidades mayas afectadas por la violencia y el genocidio pol\u00edtico en guatemala. El primer cap\u00edtulo resume la revisi\u00f3n bibliogr\u00e1fica sobre el duelo y el impacto traum\u00e1tico de experiencias de violencia, as\u00ed como el papel de los rituales y la memoria colectiva. el cap\u00edtulo 2 es una s\u00edntesis de los datos m\u00e1s importantes del contexto hist\u00f3rico, pol\u00edtico y cultural de guatemala.  el cap\u00edtulo recoge una investigaci\u00f3n sobre el impacto de la violencia y formas de afrontamiento de las comunidades mayas se realiz\u00f3 con 16 grupos focales (300 personas) en comunidades afectadas por la violencia, en concreto refugiados mayas en los campamentos de m\u00e9xico, desplazados internos en la selva del ixc\u00e1n en guatemala (comunidades de poblaci\u00f3n en resistencia), y poblaci\u00f3n retornada desde el refugio mexicano, durante los a\u00f1os 1991-1993.  el cuarto cap\u00edtulo describe la experiencia del proyecto de reconstrucci\u00f3n de la memoria hist\u00f3rica de guatemala, auspiciado por la iglesia cat\u00f3lica entre los a\u00f1os 1995-1998, en el que trabaj\u00e9 como coordinador de la investigaci\u00f3n y del informe final, incluyendo el contexto y metodolog\u00eda de investigaci\u00f3n as\u00ed como una s\u00edntesis de los datos m\u00e1s relevantes de la investigaci\u00f3n.  el cap\u00edtulo 5 recoge una investigaci\u00f3n realizada, sobre la base de los datos recogidos por el proyecto remhi (entrevistas a 5180 v\u00edctimas), estudiando la relaci\u00f3n existente entre los indicadores de impacto psicol\u00f3gico y duelo, las demandas de memoria colectiva y las formas de afrontamiento. En el cap\u00edtulo 6 se incluye an\u00e1lisis realizados posteriormente para evaluar la relaci\u00f3n entre el duelo y el resto de las variables consideradas como:  1,- las p\u00e9rdidas familiares o comunitarias.  2,- las reacciones psicol\u00f3gicas y consecuencias individuales.  3,- el hallazgo de los restos y realizaci\u00f3n de ritos.<\/p>\n<p>&nbsp;<\/p>\n<h3>Datos acad\u00e9micos de la tesis doctoral \u00ab<strong>Procesos de duelo en las comunidades mayas afectadas por la violencia pol\u00edtica<\/strong>\u00ab<\/h3>\n<ul>\n<li><strong>T\u00edtulo de la tesis:<\/strong>\u00a0 Procesos de duelo en las comunidades mayas afectadas por la violencia pol\u00edtica <\/li>\n<li><strong>Autor:<\/strong>\u00a0 Carlos Mart\u00edn Beristain <\/li>\n<li><strong>Universidad:<\/strong>\u00a0 Pa\u00eds vasco\/euskal herriko unibertsitatea<\/li>\n<li><strong>Fecha de lectura de la tesis:<\/strong>\u00a0 23\/06\/2005<\/li>\n<\/ul>\n<p>&nbsp;<\/p>\n<h3>Direcci\u00f3n y tribunal<\/h3>\n<ul>\n<li><strong>Director de la tesis<\/strong>\n<ul>\n<li>Dar\u00edo P\u00e1ez Rovira<\/li>\n<\/ul>\n<\/li>\n<li><strong>Tribunal<\/strong>\n<ul>\n<li>Presidente del tribunal: Francisco Morales j. <\/li>\n<li>bernadar Rim\u00e9 bertrand (vocal)<\/li>\n<li>joseph De rivera (vocal)<\/li>\n<li>brinton Lykes (vocal)<\/li>\n<\/ul>\n<\/li>\n<\/ul>\n<p>&nbsp;<\/p>\n","protected":false},"excerpt":{"rendered":"<p>Tesis doctoral de Carlos Mart\u00edn Beristain Esta tesis recoge varios trabajos de investigaci\u00f3n realizados en los \u00faltimos a\u00f1os a partir [&hellip;]<\/p>\n","protected":false},"author":1,"featured_media":0,"comment_status":"open","ping_status":"open","sticky":false,"template":"","format":"standard","meta":{"site-sidebar-layout":"default","site-content-layout":"","ast-site-content-layout":"","site-content-style":"default","site-sidebar-style":"default","ast-global-header-display":"","ast-banner-title-visibility":"","ast-main-header-display":"","ast-hfb-above-header-display":"","ast-hfb-below-header-display":"","ast-hfb-mobile-header-display":"","site-post-title":"","ast-breadcrumbs-content":"","ast-featured-img":"","footer-sml-layout":"","theme-transparent-header-meta":"","adv-header-id-meta":"","stick-header-meta":"","header-above-stick-meta":"","header-main-stick-meta":"","header-below-stick-meta":"","astra-migrate-meta-layouts":"default","ast-page-background-enabled":"default","ast-page-background-meta":{"desktop":{"background-color":"var(--ast-global-color-4)","background-image":"","background-repeat":"repeat","background-position":"center center","background-size":"auto","background-attachment":"scroll","background-type":"","background-media":"","overlay-type":"","overlay-color":"","overlay-gradient":""},"tablet":{"background-color":"","background-image":"","background-repeat":"repeat","background-position":"center center","background-size":"auto","background-attachment":"scroll","background-type":"","background-media":"","overlay-type":"","overlay-color":"","overlay-gradient":""},"mobile":{"background-color":"","background-image":"","background-repeat":"repeat","background-position":"center center","background-size":"auto","background-attachment":"scroll","background-type":"","background-media":"","overlay-type":"","overlay-color":"","overlay-gradient":""}},"ast-content-background-meta":{"desktop":{"background-color":"var(--ast-global-color-5)","background-image":"","background-repeat":"repeat","background-position":"center center","background-size":"auto","background-attachment":"scroll","background-type":"","background-media":"","overlay-type":"","overlay-color":"","overlay-gradient":""},"tablet":{"background-color":"var(--ast-global-color-5)","background-image":"","background-repeat":"repeat","background-position":"center center","background-size":"auto","background-attachment":"scroll","background-type":"","background-media":"","overlay-type":"","overlay-color":"","overlay-gradient":""},"mobile":{"background-color":"var(--ast-global-color-5)","background-image":"","background-repeat":"repeat","background-position":"center center","background-size":"auto","background-attachment":"scroll","background-type":"","background-media":"","overlay-type":"","overlay-color":"","overlay-gradient":""}},"footnotes":""},"categories":[12909,324,996],"tags":[162168,162169,162166,13065,162167,154791],"class_list":["post-74941","post","type-post","status-publish","format-standard","hentry","category-pais-vasco-euskal-herriko-unibertsitatea","category-psicologia","category-psicologia-social","tag-bernadar-rime-bertrand","tag-brinton-lykes","tag-carlos-martin-beristain","tag-dario-paez-rovira","tag-francisco-morales-j","tag-joseph-de-rivera"],"_links":{"self":[{"href":"https:\/\/www.deberes.net\/tesis\/wp-json\/wp\/v2\/posts\/74941","targetHints":{"allow":["GET"]}}],"collection":[{"href":"https:\/\/www.deberes.net\/tesis\/wp-json\/wp\/v2\/posts"}],"about":[{"href":"https:\/\/www.deberes.net\/tesis\/wp-json\/wp\/v2\/types\/post"}],"author":[{"embeddable":true,"href":"https:\/\/www.deberes.net\/tesis\/wp-json\/wp\/v2\/users\/1"}],"replies":[{"embeddable":true,"href":"https:\/\/www.deberes.net\/tesis\/wp-json\/wp\/v2\/comments?post=74941"}],"version-history":[{"count":0,"href":"https:\/\/www.deberes.net\/tesis\/wp-json\/wp\/v2\/posts\/74941\/revisions"}],"wp:attachment":[{"href":"https:\/\/www.deberes.net\/tesis\/wp-json\/wp\/v2\/media?parent=74941"}],"wp:term":[{"taxonomy":"category","embeddable":true,"href":"https:\/\/www.deberes.net\/tesis\/wp-json\/wp\/v2\/categories?post=74941"},{"taxonomy":"post_tag","embeddable":true,"href":"https:\/\/www.deberes.net\/tesis\/wp-json\/wp\/v2\/tags?post=74941"}],"curies":[{"name":"wp","href":"https:\/\/api.w.org\/{rel}","templated":true}]}}