{"id":74958,"date":"2018-03-09T23:20:04","date_gmt":"2018-03-09T23:20:04","guid":{"rendered":"https:\/\/www.deberes.net\/tesis\/sin-categoria\/la-espiritualidad-del-sacerdote-en-el-reciente-magisterio-de-la-iglesia\/"},"modified":"2018-03-09T23:20:04","modified_gmt":"2018-03-09T23:20:04","slug":"la-espiritualidad-del-sacerdote-en-el-reciente-magisterio-de-la-iglesia","status":"publish","type":"post","link":"https:\/\/www.deberes.net\/tesis\/navarra\/la-espiritualidad-del-sacerdote-en-el-reciente-magisterio-de-la-iglesia\/","title":{"rendered":"La espiritualidad del sacerdote en el reciente magisterio de la iglesia."},"content":{"rendered":"<h2>Tesis doctoral de <strong> Felix Castro Morales <\/strong><\/h2>\n<p>Titulo: la espiritualidad del sacerdote en el reciente magisterio de la iglesia.  resumen: 1. Desde la fe, la trinidad llama a todos a la santidad, a la comuni\u00f3n, y al apostolado, en diversos servicios y ministerios, cada quien seg\u00fan su propio llamado personal, en vistas a la construcci\u00f3n del cuerpo m\u00edstico de cristo en la caridad y santidad. La vocaci\u00f3n sacerdotal posee una llamada peculiar a la misi\u00f3n y a la perfecci\u00f3n, por la ordenaci\u00f3n. 2. La espiritualidad del sacerdote se funda en la sant\u00edsima trinidad: en su configuraci\u00f3n y adhesi\u00f3n de amor y servicio a cristo sacerdote y buen pastor, enviado por el padre y consagrado por el esp\u00edritu, acogiendo el misterio de la eucarist\u00eda y la presencia ejemplar de mar\u00eda; y en la iglesia, en comuni\u00f3n y obediencia al romano pont\u00edfice y al propio obispo y, en la fraternidad con los sacerdotes del presbiterio. 3. Si, para los miembros del pueblo de dios, hay una llamada universal a la santidad, en la que se conjugan la tensi\u00f3n hacia la plenitud de cristo y la acci\u00f3n del esp\u00edritu santo, en un proceso de conversi\u00f3n permanente; para los sagrados ministros existe una llamada pecular a la perfecci\u00f3n, exigida por el bautismo y el orden, como signo e instrumento personal de cristo, que se expresa en el ejercicio de su ministerio, en la caridad pastoral, en comuni\u00f3n con el obispo y pertenencia a la iglesia particular. 4. Las virtudes del buen pastor, son para el sacerdote, un estilo propio de vida, como signo vivo de su presencia en la iglesia y en el mundo. Destaca la caridad pastoral, que se realiza y se manifiesta a trav\u00e9s en una vida de obediencia, castidad y pobreza, en un actitud de humildad y en la capacidad de llevar la cruz, a imitaci\u00f3n de cristo. 5. Adem\u00e1s de los medios comunes de espiritualidad cristiana: los sacramentos, principalmente la eucarist\u00eda y la reconciliaci\u00f3n; la palabra de dios; la piedad mariana; la oraci\u00f3n personal y comunitaria, los sacerdotes tienen medios espec\u00edficos, relacionados con su ministerio, como son la liturgia de la horas, los retiros y ejercicios espirituales; la direcci\u00f3n espiritual y la formaci\u00f3n permanente; adem\u00e1s de las reuniones con el obispo y participaci\u00f3n activa en asociaciones sacerdotales espirituales y apost\u00f3licas<\/p>\n<p>&nbsp;<\/p>\n<h3>Datos acad\u00e9micos de la tesis doctoral \u00ab<strong>La espiritualidad del sacerdote en el reciente magisterio de la iglesia.<\/strong>\u00ab<\/h3>\n<ul>\n<li><strong>T\u00edtulo de la tesis:<\/strong>\u00a0 La espiritualidad del sacerdote en el reciente magisterio de la iglesia. <\/li>\n<li><strong>Autor:<\/strong>\u00a0 Felix Castro Morales <\/li>\n<li><strong>Universidad:<\/strong>\u00a0 Navarra<\/li>\n<li><strong>Fecha de lectura de la tesis:<\/strong>\u00a0 23\/06\/2005<\/li>\n<\/ul>\n<p>&nbsp;<\/p>\n<h3>Direcci\u00f3n y tribunal<\/h3>\n<ul>\n<li><strong>Director de la tesis<\/strong>\n<ul>\n<li>Fco. Javier Sese Alegre<\/li>\n<\/ul>\n<\/li>\n<li><strong>Tribunal<\/strong>\n<ul>\n<li>Presidente del tribunal: augusto Sarmiento franco <\/li>\n<li>elisa Luque alcaide (vocal)<\/li>\n<li>Francisco Jos\u00e9 Domingo uriarte (vocal)<\/li>\n<li>fco. Javier Sese alegre (vocal)<\/li>\n<\/ul>\n<\/li>\n<\/ul>\n<p>&nbsp;<\/p>\n","protected":false},"excerpt":{"rendered":"<p>Tesis doctoral de Felix Castro Morales Titulo: la espiritualidad del sacerdote en el reciente magisterio de la iglesia. resumen: 1. [&hellip;]<\/p>\n","protected":false},"author":1,"featured_media":0,"comment_status":"open","ping_status":"open","sticky":false,"template":"","format":"standard","meta":{"site-sidebar-layout":"default","site-content-layout":"","ast-site-content-layout":"","site-content-style":"default","site-sidebar-style":"default","ast-global-header-display":"","ast-banner-title-visibility":"","ast-main-header-display":"","ast-hfb-above-header-display":"","ast-hfb-below-header-display":"","ast-hfb-mobile-header-display":"","site-post-title":"","ast-breadcrumbs-content":"","ast-featured-img":"","footer-sml-layout":"","theme-transparent-header-meta":"","adv-header-id-meta":"","stick-header-meta":"","header-above-stick-meta":"","header-main-stick-meta":"","header-below-stick-meta":"","astra-migrate-meta-layouts":"default","ast-page-background-enabled":"default","ast-page-background-meta":{"desktop":{"background-color":"var(--ast-global-color-4)","background-image":"","background-repeat":"repeat","background-position":"center center","background-size":"auto","background-attachment":"scroll","background-type":"","background-media":"","overlay-type":"","overlay-color":"","overlay-gradient":""},"tablet":{"background-color":"","background-image":"","background-repeat":"repeat","background-position":"center center","background-size":"auto","background-attachment":"scroll","background-type":"","background-media":"","overlay-type":"","overlay-color":"","overlay-gradient":""},"mobile":{"background-color":"","background-image":"","background-repeat":"repeat","background-position":"center center","background-size":"auto","background-attachment":"scroll","background-type":"","background-media":"","overlay-type":"","overlay-color":"","overlay-gradient":""}},"ast-content-background-meta":{"desktop":{"background-color":"var(--ast-global-color-5)","background-image":"","background-repeat":"repeat","background-position":"center center","background-size":"auto","background-attachment":"scroll","background-type":"","background-media":"","overlay-type":"","overlay-color":"","overlay-gradient":""},"tablet":{"background-color":"var(--ast-global-color-5)","background-image":"","background-repeat":"repeat","background-position":"center center","background-size":"auto","background-attachment":"scroll","background-type":"","background-media":"","overlay-type":"","overlay-color":"","overlay-gradient":""},"mobile":{"background-color":"var(--ast-global-color-5)","background-image":"","background-repeat":"repeat","background-position":"center center","background-size":"auto","background-attachment":"scroll","background-type":"","background-media":"","overlay-type":"","overlay-color":"","overlay-gradient":""}},"footnotes":""},"categories":[17749,18402],"tags":[17853,38376,17879,162213,162214],"class_list":["post-74958","post","type-post","status-publish","format-standard","hentry","category-navarra","category-sistemas-teologico-filosoficos","tag-augusto-sarmiento-franco","tag-elisa-luque-alcaide","tag-fco-javier-sese-alegre","tag-felix-castro-morales","tag-francisco-jose-domingo-uriarte"],"_links":{"self":[{"href":"https:\/\/www.deberes.net\/tesis\/wp-json\/wp\/v2\/posts\/74958","targetHints":{"allow":["GET"]}}],"collection":[{"href":"https:\/\/www.deberes.net\/tesis\/wp-json\/wp\/v2\/posts"}],"about":[{"href":"https:\/\/www.deberes.net\/tesis\/wp-json\/wp\/v2\/types\/post"}],"author":[{"embeddable":true,"href":"https:\/\/www.deberes.net\/tesis\/wp-json\/wp\/v2\/users\/1"}],"replies":[{"embeddable":true,"href":"https:\/\/www.deberes.net\/tesis\/wp-json\/wp\/v2\/comments?post=74958"}],"version-history":[{"count":0,"href":"https:\/\/www.deberes.net\/tesis\/wp-json\/wp\/v2\/posts\/74958\/revisions"}],"wp:attachment":[{"href":"https:\/\/www.deberes.net\/tesis\/wp-json\/wp\/v2\/media?parent=74958"}],"wp:term":[{"taxonomy":"category","embeddable":true,"href":"https:\/\/www.deberes.net\/tesis\/wp-json\/wp\/v2\/categories?post=74958"},{"taxonomy":"post_tag","embeddable":true,"href":"https:\/\/www.deberes.net\/tesis\/wp-json\/wp\/v2\/tags?post=74958"}],"curies":[{"name":"wp","href":"https:\/\/api.w.org\/{rel}","templated":true}]}}