{"id":74995,"date":"2018-03-09T23:20:08","date_gmt":"2018-03-09T23:20:08","guid":{"rendered":"https:\/\/www.deberes.net\/tesis\/sin-categoria\/determinantes-del-comportamiento-estrategico-medioambiental-de-las-empresas-industriales-de-aragon\/"},"modified":"2018-03-09T23:20:08","modified_gmt":"2018-03-09T23:20:08","slug":"determinantes-del-comportamiento-estrategico-medioambiental-de-las-empresas-industriales-de-aragon","status":"publish","type":"post","link":"https:\/\/www.deberes.net\/tesis\/estudios-industriales\/determinantes-del-comportamiento-estrategico-medioambiental-de-las-empresas-industriales-de-aragon\/","title":{"rendered":"Determinantes del comportamiento estrat\u00e9gico medioambiental de las empresas industriales de arag\u00f3n."},"content":{"rendered":"<h2>Tesis doctoral de <strong> Josefina Luc\u00eda Murillo Luna <\/strong><\/h2>\n<p>El objetivo de esta tesis doctoral consiste en conocer c\u00f3mo se desenvuelven las empresas industriales de arag\u00f3n en el terreno de la gesti\u00f3n medioambiental y aportar evidencia emp\u00edrica que contribuya a la identificaci\u00f3n, comprensi\u00f3n y valoraci\u00f3n de los diferentes factores de presi\u00f3n y barreras a la adaptaci\u00f3n medioambiental que determinan el grado de proactividad de la estrategia medioambiental de las empresas industriales de arag\u00f3n. el estudio se centra en una muestra de 240 empresas industriales con al menos tres trabajadores localizadas en arag\u00f3n. los resultados m\u00e1s significativos de los an\u00e1lisis realizados indican que la opci\u00f3n estrat\u00e9gica m\u00e1s extendida entre las empresas aragonesas es la estrategia de atenci\u00f3n a la legislaci\u00f3n, implantada en casi la mitad de las empresas de la muestra. Esta estrategia consiste en hacer del cumplimiento de la legislaci\u00f3n su \u00fanico objetivo medioambiental, dedicando para ello el tiempo y los recursos m\u00ednimos necesarios. Asimismo, las medidas de protecci\u00f3n del medio ambiente adoptadas son correctoras, dado que no exigen una modificaci\u00f3n de los m\u00e9todos de producci\u00f3n, h\u00e1bitos de trabajo y estructura organizativa de la empresa. Para la gesti\u00f3n medioambiental recurren a profesionales externos, o bien se encarga de ella personal interno que comparte esta responsabilidad con la dedicaci\u00f3n a otras tareas, lo que hace bastante improbable que estas empresas cuenten con un sistema de gesti\u00f3n medioambiental certificado. No obstante, tambi\u00e9n hay un n\u00famero importante de empresas que han decidido ir m\u00e1s all\u00e1 de lo exigido por la legislaci\u00f3n, y tratan de atender a los requerimientos medioambientales de sus stakeholders, e incluso aprovechar las oportunidades que la variable medioambiental brinda para mejorar la posici\u00f3n competitiva de la empresa. en cuanto a los factores de presi\u00f3n que empujan a las empresas a la adopci\u00f3n de medidas de protecci\u00f3n del medio ambiente, los resultados obtenidos apuntan a que lo<\/p>\n<p>&nbsp;<\/p>\n<h3>Datos acad\u00e9micos de la tesis doctoral \u00ab<strong>Determinantes del comportamiento estrat\u00e9gico medioambiental de las empresas industriales de arag\u00f3n.<\/strong>\u00ab<\/h3>\n<ul>\n<li><strong>T\u00edtulo de la tesis:<\/strong>\u00a0 Determinantes del comportamiento estrat\u00e9gico medioambiental de las empresas industriales de arag\u00f3n. <\/li>\n<li><strong>Autor:<\/strong>\u00a0 Josefina Luc\u00eda Murillo Luna <\/li>\n<li><strong>Universidad:<\/strong>\u00a0 Zaragoza<\/li>\n<li><strong>Fecha de lectura de la tesis:<\/strong>\u00a0 24\/06\/2005<\/li>\n<\/ul>\n<p>&nbsp;<\/p>\n<h3>Direcci\u00f3n y tribunal<\/h3>\n<ul>\n<li><strong>Director de la tesis<\/strong>\n<ul>\n<li>Concepci\u00f3n Garc\u00e9s Ayerbe<\/li>\n<\/ul>\n<\/li>\n<li><strong>Tribunal<\/strong>\n<ul>\n<li>Presidente del tribunal: Juan  alberto Aragon correa <\/li>\n<li>esteban Fernandez sanchez (vocal)<\/li>\n<li> Espitia escuer Manuel Antonio (vocal)<\/li>\n<li>Jos\u00e9 Mar\u00eda Castan farrero (vocal)<\/li>\n<\/ul>\n<\/li>\n<\/ul>\n<p>&nbsp;<\/p>\n","protected":false},"excerpt":{"rendered":"<p>Tesis doctoral de Josefina Luc\u00eda Murillo Luna El objetivo de esta tesis doctoral consiste en conocer c\u00f3mo se desenvuelven las [&hellip;]<\/p>\n","protected":false},"author":1,"featured_media":0,"comment_status":"open","ping_status":"open","sticky":false,"template":"","format":"standard","meta":{"site-sidebar-layout":"default","site-content-layout":"","ast-site-content-layout":"","site-content-style":"default","site-sidebar-style":"default","ast-global-header-display":"","ast-banner-title-visibility":"","ast-main-header-display":"","ast-hfb-above-header-display":"","ast-hfb-below-header-display":"","ast-hfb-mobile-header-display":"","site-post-title":"","ast-breadcrumbs-content":"","ast-featured-img":"","footer-sml-layout":"","theme-transparent-header-meta":"","adv-header-id-meta":"","stick-header-meta":"","header-above-stick-meta":"","header-main-stick-meta":"","header-below-stick-meta":"","astra-migrate-meta-layouts":"default","ast-page-background-enabled":"default","ast-page-background-meta":{"desktop":{"background-color":"var(--ast-global-color-4)","background-image":"","background-repeat":"repeat","background-position":"center center","background-size":"auto","background-attachment":"scroll","background-type":"","background-media":"","overlay-type":"","overlay-color":"","overlay-gradient":""},"tablet":{"background-color":"","background-image":"","background-repeat":"repeat","background-position":"center center","background-size":"auto","background-attachment":"scroll","background-type":"","background-media":"","overlay-type":"","overlay-color":"","overlay-gradient":""},"mobile":{"background-color":"","background-image":"","background-repeat":"repeat","background-position":"center center","background-size":"auto","background-attachment":"scroll","background-type":"","background-media":"","overlay-type":"","overlay-color":"","overlay-gradient":""}},"ast-content-background-meta":{"desktop":{"background-color":"var(--ast-global-color-5)","background-image":"","background-repeat":"repeat","background-position":"center center","background-size":"auto","background-attachment":"scroll","background-type":"","background-media":"","overlay-type":"","overlay-color":"","overlay-gradient":""},"tablet":{"background-color":"var(--ast-global-color-5)","background-image":"","background-repeat":"repeat","background-position":"center center","background-size":"auto","background-attachment":"scroll","background-type":"","background-media":"","overlay-type":"","overlay-color":"","overlay-gradient":""},"mobile":{"background-color":"var(--ast-global-color-5)","background-image":"","background-repeat":"repeat","background-position":"center center","background-size":"auto","background-attachment":"scroll","background-type":"","background-media":"","overlay-type":"","overlay-color":"","overlay-gradient":""}},"footnotes":""},"categories":[1301,13610],"tags":[86725,86252,9172,19974,162284,64569],"class_list":["post-74995","post","type-post","status-publish","format-standard","hentry","category-estudios-industriales","category-zaragoza","tag-concepcion-garces-ayerbe","tag-espitia-escuer-manuel-antonio","tag-esteban-fernandez-sanchez","tag-jose-maria-castan-farrero","tag-josefina-lucia-murillo-luna","tag-juan-alberto-aragon-correa"],"_links":{"self":[{"href":"https:\/\/www.deberes.net\/tesis\/wp-json\/wp\/v2\/posts\/74995","targetHints":{"allow":["GET"]}}],"collection":[{"href":"https:\/\/www.deberes.net\/tesis\/wp-json\/wp\/v2\/posts"}],"about":[{"href":"https:\/\/www.deberes.net\/tesis\/wp-json\/wp\/v2\/types\/post"}],"author":[{"embeddable":true,"href":"https:\/\/www.deberes.net\/tesis\/wp-json\/wp\/v2\/users\/1"}],"replies":[{"embeddable":true,"href":"https:\/\/www.deberes.net\/tesis\/wp-json\/wp\/v2\/comments?post=74995"}],"version-history":[{"count":0,"href":"https:\/\/www.deberes.net\/tesis\/wp-json\/wp\/v2\/posts\/74995\/revisions"}],"wp:attachment":[{"href":"https:\/\/www.deberes.net\/tesis\/wp-json\/wp\/v2\/media?parent=74995"}],"wp:term":[{"taxonomy":"category","embeddable":true,"href":"https:\/\/www.deberes.net\/tesis\/wp-json\/wp\/v2\/categories?post=74995"},{"taxonomy":"post_tag","embeddable":true,"href":"https:\/\/www.deberes.net\/tesis\/wp-json\/wp\/v2\/tags?post=74995"}],"curies":[{"name":"wp","href":"https:\/\/api.w.org\/{rel}","templated":true}]}}