{"id":75005,"date":"2018-03-09T23:20:08","date_gmt":"2018-03-09T23:20:08","guid":{"rendered":"https:\/\/www.deberes.net\/tesis\/sin-categoria\/evolucion-de-la-prevalencia-de-rinitis-y-dermatitis-atopica-en-la-poblacion-escolar-de-la-comarca-de-pamplona\/"},"modified":"2018-03-09T23:20:08","modified_gmt":"2018-03-09T23:20:08","slug":"evolucion-de-la-prevalencia-de-rinitis-y-dermatitis-atopica-en-la-poblacion-escolar-de-la-comarca-de-pamplona","status":"publish","type":"post","link":"https:\/\/www.deberes.net\/tesis\/ciencias-medicas\/evolucion-de-la-prevalencia-de-rinitis-y-dermatitis-atopica-en-la-poblacion-escolar-de-la-comarca-de-pamplona\/","title":{"rendered":"Evolucion de la preValencia de rinitis y dermatitis atopica en la poblacion escolar de la comarca de pamplona"},"content":{"rendered":"<h2>Tesis doctoral de <strong>  Irujo Andueza Ana Mar\u00eda <\/strong><\/h2>\n<p>Las enfermedades at\u00f3picas m\u00e1s frecuentes en la infancia junto con el asma, son la dermatitis at\u00f3pica y la rinitis al\u00e9rgica. En estudios multic\u00e9ntricos se aprecia un incremento importante en todo el mundo y las causas de este aumento todav\u00eda no est\u00e1n suficientemente aclarados. En su etiolog\u00eda hay factores asociados a estas enfermedades que requieren de estudios epidemiol\u00f3gicos locales que valoren previamente su preValencia gravedad y evoluci\u00f3n.  en este estudio epidemiol\u00f3gico tranversal, se ha utilizado del cuestionario isaac, las preguntas referentes los s\u00edntomas de rinitis al\u00e9rgica y dermatitis at\u00f3pica para observar su preValencia, y evoluci\u00f3n, en dos poblaciones de ni\u00f1os, un grupo entre 6-7 a\u00f1os y otro entre 12-14 a\u00f1os en la comarca de pamplona (espa\u00f1a). En este estudio se ha trabajado con los cuestionarios, de 3360 ni\u00f1os, cumplimentados por los padres de 6-7 a\u00f1os y 5247 adolescentes de 12-14 a\u00f1os quienes respond\u00edan ellos mismos a las preguntas. Se ha reclutado a la pr\u00e1ctica totalidad de los ni\u00f1os escolarizados de pamplona. La mayor parte de los ni\u00f1os cumplimentaban el cuestionario en castellano pero m\u00e1s de 1000 ni\u00f1os lo realizaron en vascuence.  los objetivos del trabajo han sido: estimar la preValencia de rinitis al\u00e9rgica y dermatitis at\u00f3pica en la fase iii del estudio isaac, atendiendo al sexo, idioma, fecha de nacimiento y centro escolar en los dos grupos de edad y su evoluci\u00f3n en la comarca de pamplona, en referencia al estudio previo realizado en la fase i; as\u00ed como hacer comparaciones con otros centros nacionales e internacionales.  las conclusiones principales han sido: se ha producido un importante incremento en los s\u00edntomas de rinitis al\u00e9rgica y dermatitis at\u00f3pica entre los ni\u00f1os de 6-7 a\u00f1os. El diagn\u00f3stico de fiebre de heno o rinitis al\u00e9rgica y de dermatitis at\u00f3pica se ha duplicado entre ambas fases, en este grupo de edad. Se ha encontrado diferencias significativas entre la poblaci\u00f3<\/p>\n<p>&nbsp;<\/p>\n<h3>Datos acad\u00e9micos de la tesis doctoral \u00ab<strong>Evolucion de la preValencia de rinitis y dermatitis atopica en la poblacion escolar de la comarca de pamplona<\/strong>\u00ab<\/h3>\n<ul>\n<li><strong>T\u00edtulo de la tesis:<\/strong>\u00a0 Evolucion de la preValencia de rinitis y dermatitis atopica en la poblacion escolar de la comarca de pamplona <\/li>\n<li><strong>Autor:<\/strong>\u00a0  Irujo Andueza Ana Mar\u00eda <\/li>\n<li><strong>Universidad:<\/strong>\u00a0 P\u00fablica de navarra<\/li>\n<li><strong>Fecha de lectura de la tesis:<\/strong>\u00a0 24\/06\/2005<\/li>\n<\/ul>\n<p>&nbsp;<\/p>\n<h3>Direcci\u00f3n y tribunal<\/h3>\n<ul>\n<li><strong>Director de la tesis<\/strong>\n<ul>\n<li>Ines Aguinaga Ontoso<\/li>\n<\/ul>\n<\/li>\n<li><strong>Tribunal<\/strong>\n<ul>\n<li>Presidente del tribunal: Jos\u00e9 Luis Velayos Jorge <\/li>\n<li>joaqu\u00edn Fern\u00e1ndez-crehuet navajas (vocal)<\/li>\n<li>vicente Vicente garcia (vocal)<\/li>\n<li> Narvaiza solis Mar\u00eda  Jes\u00fas (vocal)<\/li>\n<\/ul>\n<\/li>\n<\/ul>\n<p>&nbsp;<\/p>\n","protected":false},"excerpt":{"rendered":"<p>Tesis doctoral de Irujo Andueza Ana Mar\u00eda Las enfermedades at\u00f3picas m\u00e1s frecuentes en la infancia junto con el asma, son [&hellip;]<\/p>\n","protected":false},"author":1,"featured_media":0,"comment_status":"open","ping_status":"open","sticky":false,"template":"","format":"standard","meta":{"site-sidebar-layout":"default","site-content-layout":"","ast-site-content-layout":"","site-content-style":"default","site-sidebar-style":"default","ast-global-header-display":"","ast-banner-title-visibility":"","ast-main-header-display":"","ast-hfb-above-header-display":"","ast-hfb-below-header-display":"","ast-hfb-mobile-header-display":"","site-post-title":"","ast-breadcrumbs-content":"","ast-featured-img":"","footer-sml-layout":"","theme-transparent-header-meta":"","adv-header-id-meta":"","stick-header-meta":"","header-above-stick-meta":"","header-main-stick-meta":"","header-below-stick-meta":"","astra-migrate-meta-layouts":"default","ast-page-background-enabled":"default","ast-page-background-meta":{"desktop":{"background-color":"var(--ast-global-color-4)","background-image":"","background-repeat":"repeat","background-position":"center center","background-size":"auto","background-attachment":"scroll","background-type":"","background-media":"","overlay-type":"","overlay-color":"","overlay-gradient":""},"tablet":{"background-color":"","background-image":"","background-repeat":"repeat","background-position":"center center","background-size":"auto","background-attachment":"scroll","background-type":"","background-media":"","overlay-type":"","overlay-color":"","overlay-gradient":""},"mobile":{"background-color":"","background-image":"","background-repeat":"repeat","background-position":"center center","background-size":"auto","background-attachment":"scroll","background-type":"","background-media":"","overlay-type":"","overlay-color":"","overlay-gradient":""}},"ast-content-background-meta":{"desktop":{"background-color":"var(--ast-global-color-5)","background-image":"","background-repeat":"repeat","background-position":"center center","background-size":"auto","background-attachment":"scroll","background-type":"","background-media":"","overlay-type":"","overlay-color":"","overlay-gradient":""},"tablet":{"background-color":"var(--ast-global-color-5)","background-image":"","background-repeat":"repeat","background-position":"center center","background-size":"auto","background-attachment":"scroll","background-type":"","background-media":"","overlay-type":"","overlay-color":"","overlay-gradient":""},"mobile":{"background-color":"var(--ast-global-color-5)","background-image":"","background-repeat":"repeat","background-position":"center center","background-size":"auto","background-attachment":"scroll","background-type":"","background-media":"","overlay-type":"","overlay-color":"","overlay-gradient":""}},"footnotes":""},"categories":[1957,9,1086,1686,156,18529],"tags":[70156,162296,2223,15074,162297,8242],"class_list":["post-75005","post","type-post","status-publish","format-standard","hentry","category-alergias","category-ciencias-medicas","category-epidemiologia","category-medicina-preventiva","category-patologia","category-publica-de-navarra","tag-ines-aguinaga-ontoso","tag-irujo-andueza-ana-maria","tag-joaquin-fernandez-crehuet-navajas","tag-jose-luis-velayos-jorge","tag-narvaiza-solis-maria-jesus","tag-vicente-vicente-garcia"],"_links":{"self":[{"href":"https:\/\/www.deberes.net\/tesis\/wp-json\/wp\/v2\/posts\/75005","targetHints":{"allow":["GET"]}}],"collection":[{"href":"https:\/\/www.deberes.net\/tesis\/wp-json\/wp\/v2\/posts"}],"about":[{"href":"https:\/\/www.deberes.net\/tesis\/wp-json\/wp\/v2\/types\/post"}],"author":[{"embeddable":true,"href":"https:\/\/www.deberes.net\/tesis\/wp-json\/wp\/v2\/users\/1"}],"replies":[{"embeddable":true,"href":"https:\/\/www.deberes.net\/tesis\/wp-json\/wp\/v2\/comments?post=75005"}],"version-history":[{"count":0,"href":"https:\/\/www.deberes.net\/tesis\/wp-json\/wp\/v2\/posts\/75005\/revisions"}],"wp:attachment":[{"href":"https:\/\/www.deberes.net\/tesis\/wp-json\/wp\/v2\/media?parent=75005"}],"wp:term":[{"taxonomy":"category","embeddable":true,"href":"https:\/\/www.deberes.net\/tesis\/wp-json\/wp\/v2\/categories?post=75005"},{"taxonomy":"post_tag","embeddable":true,"href":"https:\/\/www.deberes.net\/tesis\/wp-json\/wp\/v2\/tags?post=75005"}],"curies":[{"name":"wp","href":"https:\/\/api.w.org\/{rel}","templated":true}]}}