{"id":75023,"date":"2018-03-09T23:20:08","date_gmt":"2018-03-09T23:20:08","guid":{"rendered":"https:\/\/www.deberes.net\/tesis\/sin-categoria\/propiedad-y-comunidad-en-el-republicanismo-comercial-de-adan-smith-el-espacio-de-la-libertad-republicana-en-los-albores-del-gran-transformacion\/"},"modified":"2018-03-09T23:20:08","modified_gmt":"2018-03-09T23:20:08","slug":"propiedad-y-comunidad-en-el-republicanismo-comercial-de-adan-smith-el-espacio-de-la-libertad-republicana-en-los-albores-del-gran-transformacion","status":"publish","type":"post","link":"https:\/\/www.deberes.net\/tesis\/filosofia\/propiedad-y-comunidad-en-el-republicanismo-comercial-de-adan-smith-el-espacio-de-la-libertad-republicana-en-los-albores-del-gran-transformacion\/","title":{"rendered":"Propiedad y comunidad en el republicanismo comercial de adan smith: el espacio de la libertad republicana en los albores del gran transformaci\u00f3n"},"content":{"rendered":"<h2>Tesis doctoral de <strong> David Casassas Marqu\u00e9s <\/strong><\/h2>\n<p>Esta tesis muestra c\u00f3mo una aproximaci\u00f3n filol\u00f3gicamente rigurosa y consciente hist\u00f3ricamente a la obra de adam smith y del grueso de la escuela hist\u00f3rica escocesa obliga a destacar la centralidad que los conceptos de propiedad entendida \u00e9sta como independencia material y de comunidad entendida como asociaci\u00f3n de individuos civilmente libres y semejantes, adquieren en las proyecciones que tales autores hicieron del mundo industrial previamente al desarrollo del capitalismo. El tratamiento que dichas naciones reciben en la obra de smith permite entender la filiaci\u00f3n republicana de la reflexi\u00f3n del escoc\u00e9s, as\u00ed como el estatus de aut\u00e9ntica \u00abeconom\u00eda pol\u00edtica\u00bb que el republicanismo muestra en todo momento.<\/p>\n<p>&nbsp;<\/p>\n<h3>Datos acad\u00e9micos de la tesis doctoral \u00ab<strong>Propiedad y comunidad en el republicanismo comercial de adan smith: el espacio de la libertad republicana en los albores del gran transformaci\u00f3n<\/strong>\u00ab<\/h3>\n<ul>\n<li><strong>T\u00edtulo de la tesis:<\/strong>\u00a0 Propiedad y comunidad en el republicanismo comercial de adan smith: el espacio de la libertad republicana en los albores del gran transformaci\u00f3n <\/li>\n<li><strong>Autor:<\/strong>\u00a0 David Casassas Marqu\u00e9s <\/li>\n<li><strong>Universidad:<\/strong>\u00a0 Barcelona<\/li>\n<li><strong>Fecha de lectura de la tesis:<\/strong>\u00a0 27\/06\/2005<\/li>\n<\/ul>\n<p>&nbsp;<\/p>\n<h3>Direcci\u00f3n y tribunal<\/h3>\n<ul>\n<li><strong>Director de la tesis<\/strong>\n<ul>\n<li>Antoni Dom\u00e9nech Figueras<\/li>\n<\/ul>\n<\/li>\n<li><strong>Tribunal<\/strong>\n<ul>\n<li>Presidente del tribunal:   <\/li>\n<li>  (vocal)<\/li>\n<li>  (vocal)<\/li>\n<li>  (vocal)<\/li>\n<\/ul>\n<\/li>\n<\/ul>\n<p>&nbsp;<\/p>\n","protected":false},"excerpt":{"rendered":"<p>Tesis doctoral de David Casassas Marqu\u00e9s Esta tesis muestra c\u00f3mo una aproximaci\u00f3n filol\u00f3gicamente rigurosa y consciente hist\u00f3ricamente a la obra [&hellip;]<\/p>\n","protected":false},"author":1,"featured_media":0,"comment_status":"open","ping_status":"open","sticky":false,"template":"","format":"standard","meta":{"site-sidebar-layout":"default","site-content-layout":"","ast-site-content-layout":"","site-content-style":"default","site-sidebar-style":"default","ast-global-header-display":"","ast-banner-title-visibility":"","ast-main-header-display":"","ast-hfb-above-header-display":"","ast-hfb-below-header-display":"","ast-hfb-mobile-header-display":"","site-post-title":"","ast-breadcrumbs-content":"","ast-featured-img":"","footer-sml-layout":"","theme-transparent-header-meta":"","adv-header-id-meta":"","stick-header-meta":"","header-above-stick-meta":"","header-main-stick-meta":"","header-below-stick-meta":"","astra-migrate-meta-layouts":"default","ast-page-background-enabled":"default","ast-page-background-meta":{"desktop":{"background-color":"var(--ast-global-color-4)","background-image":"","background-repeat":"repeat","background-position":"center center","background-size":"auto","background-attachment":"scroll","background-type":"","background-media":"","overlay-type":"","overlay-color":"","overlay-gradient":""},"tablet":{"background-color":"","background-image":"","background-repeat":"repeat","background-position":"center center","background-size":"auto","background-attachment":"scroll","background-type":"","background-media":"","overlay-type":"","overlay-color":"","overlay-gradient":""},"mobile":{"background-color":"","background-image":"","background-repeat":"repeat","background-position":"center center","background-size":"auto","background-attachment":"scroll","background-type":"","background-media":"","overlay-type":"","overlay-color":"","overlay-gradient":""}},"ast-content-background-meta":{"desktop":{"background-color":"var(--ast-global-color-5)","background-image":"","background-repeat":"repeat","background-position":"center center","background-size":"auto","background-attachment":"scroll","background-type":"","background-media":"","overlay-type":"","overlay-color":"","overlay-gradient":""},"tablet":{"background-color":"var(--ast-global-color-5)","background-image":"","background-repeat":"repeat","background-position":"center center","background-size":"auto","background-attachment":"scroll","background-type":"","background-media":"","overlay-type":"","overlay-color":"","overlay-gradient":""},"mobile":{"background-color":"var(--ast-global-color-5)","background-image":"","background-repeat":"repeat","background-position":"center center","background-size":"auto","background-attachment":"scroll","background-type":"","background-media":"","overlay-type":"","overlay-color":"","overlay-gradient":""}},"footnotes":""},"categories":[951,165,1076,5250,6008,1078,269,270,17329],"tags":[17265,162335],"class_list":["post-75023","post","type-post","status-publish","format-standard","hentry","category-barcelona","category-filosofia","category-filosofia-de-la-ciencia","category-filosofia-de-las-ciencias-sociales","category-filosofia-politica","category-filosofia-social","category-sociologia","category-sociologia-general","category-teoria-sociologica","tag-antoni-domenech-figueras","tag-david-casassas-marques"],"_links":{"self":[{"href":"https:\/\/www.deberes.net\/tesis\/wp-json\/wp\/v2\/posts\/75023","targetHints":{"allow":["GET"]}}],"collection":[{"href":"https:\/\/www.deberes.net\/tesis\/wp-json\/wp\/v2\/posts"}],"about":[{"href":"https:\/\/www.deberes.net\/tesis\/wp-json\/wp\/v2\/types\/post"}],"author":[{"embeddable":true,"href":"https:\/\/www.deberes.net\/tesis\/wp-json\/wp\/v2\/users\/1"}],"replies":[{"embeddable":true,"href":"https:\/\/www.deberes.net\/tesis\/wp-json\/wp\/v2\/comments?post=75023"}],"version-history":[{"count":0,"href":"https:\/\/www.deberes.net\/tesis\/wp-json\/wp\/v2\/posts\/75023\/revisions"}],"wp:attachment":[{"href":"https:\/\/www.deberes.net\/tesis\/wp-json\/wp\/v2\/media?parent=75023"}],"wp:term":[{"taxonomy":"category","embeddable":true,"href":"https:\/\/www.deberes.net\/tesis\/wp-json\/wp\/v2\/categories?post=75023"},{"taxonomy":"post_tag","embeddable":true,"href":"https:\/\/www.deberes.net\/tesis\/wp-json\/wp\/v2\/tags?post=75023"}],"curies":[{"name":"wp","href":"https:\/\/api.w.org\/{rel}","templated":true}]}}