{"id":75096,"date":"2018-03-09T23:20:13","date_gmt":"2018-03-09T23:20:13","guid":{"rendered":"https:\/\/www.deberes.net\/tesis\/sin-categoria\/la-complejidad-sintactica-como-recurso-del-despertar-de-la-reflexion-refleksia\/"},"modified":"2018-03-09T23:20:13","modified_gmt":"2018-03-09T23:20:13","slug":"la-complejidad-sintactica-como-recurso-del-despertar-de-la-reflexion-refleksia","status":"publish","type":"post","link":"https:\/\/www.deberes.net\/tesis\/linguistica\/la-complejidad-sintactica-como-recurso-del-despertar-de-la-reflexion-refleksia\/","title":{"rendered":"La complejidad sint\u00e1ctica como recurso del despertar de la reflexi\u00f3n. refleksia."},"content":{"rendered":"<h2>Tesis doctoral de <strong> Natalia Nefedova Vetchinova <\/strong><\/h2>\n<p>El objeto de la tesis es la complejidad sint\u00e1ctica como factor de la formaci\u00f3n de significados considerada en relaci\u00f3n con diferentes idiomas-ingles, alem\u00e1n, espa\u00f1ol, ruso. La complejidad sint\u00e1ctica presupone la complicaci\u00f3n de las unidades de la estructura sint\u00e1ctica del texto a trav\u00e9s del uso de dos o mas recursos sint\u00e1cticos estilisticos que favorece la actualizaci\u00f3n y la formaci\u00f3n de los significados.  el tema del trabajo esta basado en las teorias observadoras en la lig\u00ed\u00bcisticas, en la estilistica rusa y la del circulo de praga y en la hermene\u00fatica del c\u00edrculo de musc\u00fa y tver.  se considerar, las teorias generales sobre la hermen\u00e9utica, pero sobre todo se hace hincapi\u00e9 en las teor\u00edas del c\u00edrculo hermen\u00e9utico del mosc\u00fa que destacan por su importancia hacia el receptor del texto que al afectar el an\u00e1lisis del texto reflexiona en diferentes niveles de la actividad mental.<\/p>\n<p>&nbsp;<\/p>\n<h3>Datos acad\u00e9micos de la tesis doctoral \u00ab<strong>La complejidad sint\u00e1ctica como recurso del despertar de la reflexi\u00f3n. refleksia.<\/strong>\u00ab<\/h3>\n<ul>\n<li><strong>T\u00edtulo de la tesis:<\/strong>\u00a0 La complejidad sint\u00e1ctica como recurso del despertar de la reflexi\u00f3n. refleksia. <\/li>\n<li><strong>Autor:<\/strong>\u00a0 Natalia Nefedova Vetchinova <\/li>\n<li><strong>Universidad:<\/strong>\u00a0 Barcelona<\/li>\n<li><strong>Fecha de lectura de la tesis:<\/strong>\u00a0 28\/06\/2005<\/li>\n<\/ul>\n<p>&nbsp;<\/p>\n<h3>Direcci\u00f3n y tribunal<\/h3>\n<ul>\n<li><strong>Director de la tesis<\/strong>\n<ul>\n<li>Jes\u00fas Tuson Valls<\/li>\n<\/ul>\n<\/li>\n<li><strong>Tribunal<\/strong>\n<ul>\n<li>Presidente del tribunal: helena Vidal fern\u00e1ndez <\/li>\n<li>enric Sulla  alvarez (vocal)<\/li>\n<li>dolors Oller rovira (vocal)<\/li>\n<li>josep Besa camprub\u00ed (vocal)<\/li>\n<\/ul>\n<\/li>\n<\/ul>\n<p>&nbsp;<\/p>\n","protected":false},"excerpt":{"rendered":"<p>Tesis doctoral de Natalia Nefedova Vetchinova El objeto de la tesis es la complejidad sint\u00e1ctica como factor de la formaci\u00f3n [&hellip;]<\/p>\n","protected":false},"author":1,"featured_media":0,"comment_status":"open","ping_status":"open","sticky":false,"template":"","format":"standard","meta":{"site-sidebar-layout":"default","site-content-layout":"","ast-site-content-layout":"","site-content-style":"default","site-sidebar-style":"default","ast-global-header-display":"","ast-banner-title-visibility":"","ast-main-header-display":"","ast-hfb-above-header-display":"","ast-hfb-below-header-display":"","ast-hfb-mobile-header-display":"","site-post-title":"","ast-breadcrumbs-content":"","ast-featured-img":"","footer-sml-layout":"","theme-transparent-header-meta":"","adv-header-id-meta":"","stick-header-meta":"","header-above-stick-meta":"","header-main-stick-meta":"","header-below-stick-meta":"","astra-migrate-meta-layouts":"default","ast-page-background-enabled":"default","ast-page-background-meta":{"desktop":{"background-color":"var(--ast-global-color-4)","background-image":"","background-repeat":"repeat","background-position":"center center","background-size":"auto","background-attachment":"scroll","background-type":"","background-media":"","overlay-type":"","overlay-color":"","overlay-gradient":""},"tablet":{"background-color":"","background-image":"","background-repeat":"repeat","background-position":"center center","background-size":"auto","background-attachment":"scroll","background-type":"","background-media":"","overlay-type":"","overlay-color":"","overlay-gradient":""},"mobile":{"background-color":"","background-image":"","background-repeat":"repeat","background-position":"center center","background-size":"auto","background-attachment":"scroll","background-type":"","background-media":"","overlay-type":"","overlay-color":"","overlay-gradient":""}},"ast-content-background-meta":{"desktop":{"background-color":"var(--ast-global-color-5)","background-image":"","background-repeat":"repeat","background-position":"center center","background-size":"auto","background-attachment":"scroll","background-type":"","background-media":"","overlay-type":"","overlay-color":"","overlay-gradient":""},"tablet":{"background-color":"var(--ast-global-color-5)","background-image":"","background-repeat":"repeat","background-position":"center center","background-size":"auto","background-attachment":"scroll","background-type":"","background-media":"","overlay-type":"","overlay-color":"","overlay-gradient":""},"mobile":{"background-color":"var(--ast-global-color-5)","background-image":"","background-repeat":"repeat","background-position":"center center","background-size":"auto","background-attachment":"scroll","background-type":"","background-media":"","overlay-type":"","overlay-color":"","overlay-gradient":""}},"footnotes":""},"categories":[951,636,59,60],"tags":[34223,80392,82959,12335,162473,162472],"class_list":["post-75096","post","type-post","status-publish","format-standard","hentry","category-barcelona","category-lengua-y-literatura","category-linguistica","category-linguistica-aplicada","tag-dolors-oller-rovira","tag-enric-sulla-alvarez","tag-helena-vidal-fernandez","tag-jesus-tuson-valls","tag-josep-besa-camprubi","tag-natalia-nefedova-vetchinova"],"_links":{"self":[{"href":"https:\/\/www.deberes.net\/tesis\/wp-json\/wp\/v2\/posts\/75096","targetHints":{"allow":["GET"]}}],"collection":[{"href":"https:\/\/www.deberes.net\/tesis\/wp-json\/wp\/v2\/posts"}],"about":[{"href":"https:\/\/www.deberes.net\/tesis\/wp-json\/wp\/v2\/types\/post"}],"author":[{"embeddable":true,"href":"https:\/\/www.deberes.net\/tesis\/wp-json\/wp\/v2\/users\/1"}],"replies":[{"embeddable":true,"href":"https:\/\/www.deberes.net\/tesis\/wp-json\/wp\/v2\/comments?post=75096"}],"version-history":[{"count":0,"href":"https:\/\/www.deberes.net\/tesis\/wp-json\/wp\/v2\/posts\/75096\/revisions"}],"wp:attachment":[{"href":"https:\/\/www.deberes.net\/tesis\/wp-json\/wp\/v2\/media?parent=75096"}],"wp:term":[{"taxonomy":"category","embeddable":true,"href":"https:\/\/www.deberes.net\/tesis\/wp-json\/wp\/v2\/categories?post=75096"},{"taxonomy":"post_tag","embeddable":true,"href":"https:\/\/www.deberes.net\/tesis\/wp-json\/wp\/v2\/tags?post=75096"}],"curies":[{"name":"wp","href":"https:\/\/api.w.org\/{rel}","templated":true}]}}