{"id":75099,"date":"2018-03-09T23:20:13","date_gmt":"2018-03-09T23:20:13","guid":{"rendered":"https:\/\/www.deberes.net\/tesis\/sin-categoria\/dixi-de-persona-i-marcs-participatius-en-catala\/"},"modified":"2018-03-09T23:20:13","modified_gmt":"2018-03-09T23:20:13","slug":"dixi-de-persona-i-marcs-participatius-en-catala","status":"publish","type":"post","link":"https:\/\/www.deberes.net\/tesis\/linguistica\/dixi-de-persona-i-marcs-participatius-en-catala\/","title":{"rendered":"Dixi de persona i marcs participatius en catal\u00e1"},"content":{"rendered":"<h2>Tesis doctoral de <strong> Neus Nogu\u00e9 Serrano <\/strong><\/h2>\n<p>Esta tesis doctoral caracteriza las formas ling\u00ed\u00bc\u00edsticas que permiten establecer referencias de\u00edcticas de persona relacion\u00e1ndolas con los marcos participativos y la descomposici\u00f3n de les nociones de enunciador y enunciatario establecidas por goffman (1981) ylevinson (1988).  en el primer cap\u00edtulo se establece el objetivo general, los espec\u00edficos y las hip\u00f3tesis de partida, y se justifica el marco te\u00f3rico de la pragm\u00e1tica y la metodolog\u00eda.  en el segundo capitulo se efect\u00faa una aproximaci\u00f3n hist\u00f3rica al estudio de la deixis, desde la sintaxis de apolonio d\u00edscolo hasta la actualidad, y se repasan las primeras aportaciones contempor\u00e1neas (jespersen, b\u00ed\u00bchler, jakobson, lyons), y las procedentes de la semi\u00f3tica (b\u00e1sicamente, peirce y burks), y sobre todo de la pragm\u00e1tica (fillmore, levinson, rauh, vanelli y renzi, kerbrat-orecchioni).  en el tercer cap\u00edtulo se caracteriza la deixis tomando partido en algunas de les cuestiones en que no hay un acuerdo total en la bibliograf\u00eda (la inclusi\u00f3n de la deixis de manera como categor\u00eda de\u00edctica, el rechazo argumentado del concepto de deixis social y la distinci\u00f3n entre categor\u00edas y usos de la deixis -donde se incluye la deixis discursiva-); se clasifican las principales formas que codifican la deixis en catal\u00e1n; y se delimitan las fronteras  con otros fen\u00f3menos pr\u00f3ximos (la expresi\u00f3n de la subjetividad, los diferentes grados de informatividad y la referencia anaf\u00f3rica).  en el cuarto capitulo se definen los marcos participativos a partir de goffman y levinson.  el quinto cap\u00edtulo caracteriza las formas gramaticalizadas, o no marcadas, para la referencia a los participantes. Entre otras aportaciones, se establece que la primera persona codifica la referencia al responsable, no a cualquier tipo de enunciador, y la segunda al destinatario directo, no a cualquier tipo de enunciatario; se cuestiona la distinci\u00f3n entre usos inclusivos y exclusivos de las formas de plural<\/p>\n<p>&nbsp;<\/p>\n<h3>Datos acad\u00e9micos de la tesis doctoral \u00ab<strong>Dixi de persona i marcs participatius en catal\u00e1<\/strong>\u00ab<\/h3>\n<ul>\n<li><strong>T\u00edtulo de la tesis:<\/strong>\u00a0 Dixi de persona i marcs participatius en catal\u00e1 <\/li>\n<li><strong>Autor:<\/strong>\u00a0 Neus Nogu\u00e9 Serrano <\/li>\n<li><strong>Universidad:<\/strong>\u00a0 Barcelona<\/li>\n<li><strong>Fecha de lectura de la tesis:<\/strong>\u00a0 28\/06\/2005<\/li>\n<\/ul>\n<p>&nbsp;<\/p>\n<h3>Direcci\u00f3n y tribunal<\/h3>\n<ul>\n<li><strong>Director de la tesis<\/strong>\n<ul>\n<li>Llu\u00eds Payrat\u00f3 Gim\u00e9nez<\/li>\n<\/ul>\n<\/li>\n<li><strong>Tribunal<\/strong>\n<ul>\n<li>Presidente del tribunal: joan Sol\u00e1 cortasa <\/li>\n<li>vicent Manuel Salvador liern (vocal)<\/li>\n<li>Jes\u00fas Javier Laborda gil (vocal)<\/li>\n<li>margarida Bassols puig (vocal)<\/li>\n<\/ul>\n<\/li>\n<\/ul>\n<p>&nbsp;<\/p>\n","protected":false},"excerpt":{"rendered":"<p>Tesis doctoral de Neus Nogu\u00e9 Serrano Esta tesis doctoral caracteriza las formas ling\u00ed\u00bc\u00edsticas que permiten establecer referencias de\u00edcticas de persona [&hellip;]<\/p>\n","protected":false},"author":1,"featured_media":0,"comment_status":"open","ping_status":"open","sticky":false,"template":"","format":"standard","meta":{"site-sidebar-layout":"default","site-content-layout":"","ast-site-content-layout":"","site-content-style":"default","site-sidebar-style":"default","ast-global-header-display":"","ast-banner-title-visibility":"","ast-main-header-display":"","ast-hfb-above-header-display":"","ast-hfb-below-header-display":"","ast-hfb-mobile-header-display":"","site-post-title":"","ast-breadcrumbs-content":"","ast-featured-img":"","footer-sml-layout":"","theme-transparent-header-meta":"","adv-header-id-meta":"","stick-header-meta":"","header-above-stick-meta":"","header-main-stick-meta":"","header-below-stick-meta":"","astra-migrate-meta-layouts":"default","ast-page-background-enabled":"default","ast-page-background-meta":{"desktop":{"background-color":"var(--ast-global-color-4)","background-image":"","background-repeat":"repeat","background-position":"center center","background-size":"auto","background-attachment":"scroll","background-type":"","background-media":"","overlay-type":"","overlay-color":"","overlay-gradient":""},"tablet":{"background-color":"","background-image":"","background-repeat":"repeat","background-position":"center center","background-size":"auto","background-attachment":"scroll","background-type":"","background-media":"","overlay-type":"","overlay-color":"","overlay-gradient":""},"mobile":{"background-color":"","background-image":"","background-repeat":"repeat","background-position":"center center","background-size":"auto","background-attachment":"scroll","background-type":"","background-media":"","overlay-type":"","overlay-color":"","overlay-gradient":""}},"ast-content-background-meta":{"desktop":{"background-color":"var(--ast-global-color-5)","background-image":"","background-repeat":"repeat","background-position":"center center","background-size":"auto","background-attachment":"scroll","background-type":"","background-media":"","overlay-type":"","overlay-color":"","overlay-gradient":""},"tablet":{"background-color":"var(--ast-global-color-5)","background-image":"","background-repeat":"repeat","background-position":"center center","background-size":"auto","background-attachment":"scroll","background-type":"","background-media":"","overlay-type":"","overlay-color":"","overlay-gradient":""},"mobile":{"background-color":"var(--ast-global-color-5)","background-image":"","background-repeat":"repeat","background-position":"center center","background-size":"auto","background-attachment":"scroll","background-type":"","background-media":"","overlay-type":"","overlay-color":"","overlay-gradient":""}},"footnotes":""},"categories":[951,4735,8763,59,62,24083,3676,269,2232],"tags":[20228,27606,11476,37386,162481,11472],"class_list":["post-75099","post","type-post","status-publish","format-standard","hentry","category-barcelona","category-comunicaciones-sociales","category-lengua-y-cultura","category-linguistica","category-linguistica-sincronica","category-linguistica-sociologica","category-sociolinguistica","category-sociologia","category-sociologia-cultural","tag-jesus-javier-laborda-gil","tag-joan-sola-cortasa","tag-lluis-payrato-gimenez","tag-margarida-bassols-puig","tag-neus-nogue-serrano","tag-vicent-manuel-salvador-liern"],"_links":{"self":[{"href":"https:\/\/www.deberes.net\/tesis\/wp-json\/wp\/v2\/posts\/75099","targetHints":{"allow":["GET"]}}],"collection":[{"href":"https:\/\/www.deberes.net\/tesis\/wp-json\/wp\/v2\/posts"}],"about":[{"href":"https:\/\/www.deberes.net\/tesis\/wp-json\/wp\/v2\/types\/post"}],"author":[{"embeddable":true,"href":"https:\/\/www.deberes.net\/tesis\/wp-json\/wp\/v2\/users\/1"}],"replies":[{"embeddable":true,"href":"https:\/\/www.deberes.net\/tesis\/wp-json\/wp\/v2\/comments?post=75099"}],"version-history":[{"count":0,"href":"https:\/\/www.deberes.net\/tesis\/wp-json\/wp\/v2\/posts\/75099\/revisions"}],"wp:attachment":[{"href":"https:\/\/www.deberes.net\/tesis\/wp-json\/wp\/v2\/media?parent=75099"}],"wp:term":[{"taxonomy":"category","embeddable":true,"href":"https:\/\/www.deberes.net\/tesis\/wp-json\/wp\/v2\/categories?post=75099"},{"taxonomy":"post_tag","embeddable":true,"href":"https:\/\/www.deberes.net\/tesis\/wp-json\/wp\/v2\/tags?post=75099"}],"curies":[{"name":"wp","href":"https:\/\/api.w.org\/{rel}","templated":true}]}}