{"id":75103,"date":"2018-03-09T23:20:13","date_gmt":"2018-03-09T23:20:13","guid":{"rendered":"https:\/\/www.deberes.net\/tesis\/sin-categoria\/evaluacion-de-las-caracteristicas-de-la-ansiedad-social-especa%c2%adfica-y-generalizada-en-jovenes\/"},"modified":"2018-03-09T23:20:13","modified_gmt":"2018-03-09T23:20:13","slug":"evaluacion-de-las-caracteristicas-de-la-ansiedad-social-especa%c2%adfica-y-generalizada-en-jovenes","status":"publish","type":"post","link":"https:\/\/www.deberes.net\/tesis\/psicologia\/evaluacion-de-las-caracteristicas-de-la-ansiedad-social-especa%c2%adfica-y-generalizada-en-jovenes\/","title":{"rendered":"Evaluaci\u00f3n de las caracteristicas de la ansiedad social espec\u00edfica y generalizada en j\u00f3venes."},"content":{"rendered":"<h2>Tesis doctoral de <strong> Ihad Zubeidat <\/strong><\/h2>\n<p>La ansiedad social se define como el miedo a la interacci\u00f3n por temor a que resulten embarazosas. De ah\u00ed viene la relevancia de estudiar del miedo y la ansiedad social ocurridos dentro de estas relaciones. El objetivo principal de esta tesis doctoral es evaluar las caracter\u00edsticas diferenciales entre las dos formas, espec\u00edfica y generalizada, de ansiedad social y de una muestra de j\u00f3venes en su medio escolar desde. La provincia de granada. una muestra de 1012 sujetos j\u00f3venes contestaron a una serie de autoinformes que eval\u00faan distintas \u00e1reas del comportamiento de los j\u00f3venes, recogiendo una serie de variables demogr\u00e1ficas, competencias psicosociales e \u00edndices cl\u00ednico. Los resultados indicaron la existencia de diferentes significativas entre los dos grupos de j\u00f3venes con ansiedad social, espec\u00edfica y generalizada en los \u00edndices relacionados con la ansiedad y evitaci\u00f3n asociadas a situaciones de realizada en los \u00edndices relacionados con la ansiedad y evitaci\u00f3n asociadas a situaciones de realizaci\u00f3n social, aunque no se han obtenido diferencias significativas entre ellos respecto a variables sociodemogr\u00e1ficas y determinadas competencias psicosociales. Adem\u00e1s, el grupo de j\u00f3venes con ansiedad social generalizada mostr\u00f3 un porcentaje de comorbilidad significativamente mayor al presentado en el grupo de j\u00f3venes con ansiedad social espec\u00edfica. Por su parte, los grupos de ansiedad social espec\u00edfica, generalizada , otras psicopatolog\u00edas y un grupo control sin patolog\u00edas se diferenciaron significativamente en algunas variables demogr\u00e1ficas y competencias psicosociales valoradas cuantitativa y culalitativamente. Los tres grupos de j\u00f3venes con psicopatolog\u00edas puntuaron significativamente mayor que el grupo control en la mayor parte de los \u00edndices cl\u00ednicos evaluados, presentando los grupos con psicopatolog\u00edas nivelse semejantes en la mayor parte de estos \u00edndices, salvo los relacionados con la actuaci\u00f3n y la realizaci\u00f3<\/p>\n<p>&nbsp;<\/p>\n<h3>Datos acad\u00e9micos de la tesis doctoral \u00ab<strong>Evaluaci\u00f3n de las caracteristicas de la ansiedad social espec\u00edfica y generalizada en j\u00f3venes.<\/strong>\u00ab<\/h3>\n<ul>\n<li><strong>T\u00edtulo de la tesis:<\/strong>\u00a0 Evaluaci\u00f3n de las caracteristicas de la ansiedad social espec\u00edfica y generalizada en j\u00f3venes. <\/li>\n<li><strong>Autor:<\/strong>\u00a0 Ihad Zubeidat <\/li>\n<li><strong>Universidad:<\/strong>\u00a0 Granada<\/li>\n<li><strong>Fecha de lectura de la tesis:<\/strong>\u00a0 28\/06\/2005<\/li>\n<\/ul>\n<p>&nbsp;<\/p>\n<h3>Direcci\u00f3n y tribunal<\/h3>\n<ul>\n<li><strong>Director de la tesis<\/strong>\n<ul>\n<li>Antonio Fern\u00e1ndez Parra<\/li>\n<\/ul>\n<\/li>\n<li><strong>Tribunal<\/strong>\n<ul>\n<li>Presidente del tribunal: Mar\u00eda  dolores Calero garcia <\/li>\n<li>inmaculada Moreno Garc\u00eda (vocal)<\/li>\n<li> Cort\u00e9s arboleda m. del rosario (vocal)<\/li>\n<li>Francisco Revuelta p\u00e9rez (vocal)<\/li>\n<\/ul>\n<\/li>\n<\/ul>\n<p>&nbsp;<\/p>\n","protected":false},"excerpt":{"rendered":"<p>Tesis doctoral de Ihad Zubeidat La ansiedad social se define como el miedo a la interacci\u00f3n por temor a que [&hellip;]<\/p>\n","protected":false},"author":1,"featured_media":0,"comment_status":"open","ping_status":"open","sticky":false,"template":"","format":"standard","meta":{"site-sidebar-layout":"default","site-content-layout":"","ast-site-content-layout":"","site-content-style":"default","site-sidebar-style":"default","ast-global-header-display":"","ast-banner-title-visibility":"","ast-main-header-display":"","ast-hfb-above-header-display":"","ast-hfb-below-header-display":"","ast-hfb-mobile-header-display":"","site-post-title":"","ast-breadcrumbs-content":"","ast-featured-img":"","footer-sml-layout":"","theme-transparent-header-meta":"","adv-header-id-meta":"","stick-header-meta":"","header-above-stick-meta":"","header-main-stick-meta":"","header-below-stick-meta":"","astra-migrate-meta-layouts":"default","ast-page-background-enabled":"default","ast-page-background-meta":{"desktop":{"background-color":"var(--ast-global-color-4)","background-image":"","background-repeat":"repeat","background-position":"center center","background-size":"auto","background-attachment":"scroll","background-type":"","background-media":"","overlay-type":"","overlay-color":"","overlay-gradient":""},"tablet":{"background-color":"","background-image":"","background-repeat":"repeat","background-position":"center center","background-size":"auto","background-attachment":"scroll","background-type":"","background-media":"","overlay-type":"","overlay-color":"","overlay-gradient":""},"mobile":{"background-color":"","background-image":"","background-repeat":"repeat","background-position":"center center","background-size":"auto","background-attachment":"scroll","background-type":"","background-media":"","overlay-type":"","overlay-color":"","overlay-gradient":""}},"ast-content-background-meta":{"desktop":{"background-color":"var(--ast-global-color-5)","background-image":"","background-repeat":"repeat","background-position":"center center","background-size":"auto","background-attachment":"scroll","background-type":"","background-media":"","overlay-type":"","overlay-color":"","overlay-gradient":""},"tablet":{"background-color":"var(--ast-global-color-5)","background-image":"","background-repeat":"repeat","background-position":"center center","background-size":"auto","background-attachment":"scroll","background-type":"","background-media":"","overlay-type":"","overlay-color":"","overlay-gradient":""},"mobile":{"background-color":"var(--ast-global-color-5)","background-image":"","background-repeat":"repeat","background-position":"center center","background-size":"auto","background-attachment":"scroll","background-type":"","background-media":"","overlay-type":"","overlay-color":"","overlay-gradient":""}},"footnotes":""},"categories":[1175,6893,7292,6894,324,961,1174,440,325],"tags":[35526,162490,26727,162489,71857,21947],"class_list":["post-75103","post","type-post","status-publish","format-standard","hentry","category-evaluacion-y-diagnostico-en-psicologia","category-medida-de-la-personalidad","category-metodologia-psicologica","category-personalidad","category-psicologia","category-psicologia-de-la-anormalidad","category-psicologia-diferencial","category-psicologia-general","category-psicopatologia","tag-antonio-fernandez-parra","tag-cortes-arboleda-m-del-rosario","tag-francisco-revuelta-perez","tag-ihad-zubeidat","tag-inmaculada-moreno-garcia","tag-maria-dolores-calero-garcia"],"_links":{"self":[{"href":"https:\/\/www.deberes.net\/tesis\/wp-json\/wp\/v2\/posts\/75103","targetHints":{"allow":["GET"]}}],"collection":[{"href":"https:\/\/www.deberes.net\/tesis\/wp-json\/wp\/v2\/posts"}],"about":[{"href":"https:\/\/www.deberes.net\/tesis\/wp-json\/wp\/v2\/types\/post"}],"author":[{"embeddable":true,"href":"https:\/\/www.deberes.net\/tesis\/wp-json\/wp\/v2\/users\/1"}],"replies":[{"embeddable":true,"href":"https:\/\/www.deberes.net\/tesis\/wp-json\/wp\/v2\/comments?post=75103"}],"version-history":[{"count":0,"href":"https:\/\/www.deberes.net\/tesis\/wp-json\/wp\/v2\/posts\/75103\/revisions"}],"wp:attachment":[{"href":"https:\/\/www.deberes.net\/tesis\/wp-json\/wp\/v2\/media?parent=75103"}],"wp:term":[{"taxonomy":"category","embeddable":true,"href":"https:\/\/www.deberes.net\/tesis\/wp-json\/wp\/v2\/categories?post=75103"},{"taxonomy":"post_tag","embeddable":true,"href":"https:\/\/www.deberes.net\/tesis\/wp-json\/wp\/v2\/tags?post=75103"}],"curies":[{"name":"wp","href":"https:\/\/api.w.org\/{rel}","templated":true}]}}