{"id":75106,"date":"2018-03-09T23:20:13","date_gmt":"2018-03-09T23:20:13","guid":{"rendered":"https:\/\/www.deberes.net\/tesis\/sin-categoria\/la-memoria-de-roma-historia-e-identidad-en-la-republica-romana\/"},"modified":"2018-03-09T23:20:13","modified_gmt":"2018-03-09T23:20:13","slug":"la-memoria-de-roma-historia-e-identidad-en-la-republica-romana","status":"publish","type":"post","link":"https:\/\/www.deberes.net\/tesis\/historia\/la-memoria-de-roma-historia-e-identidad-en-la-republica-romana\/","title":{"rendered":"La memoria de roma: historia e identidad en la rep\u00fablica romana"},"content":{"rendered":"<h2>Tesis doctoral de <strong> Ana Rodriguez Mayorgas <\/strong><\/h2>\n<p>La idea principal en torno a la cual gira la tesis la memoria de roma:hitoria e identidad en la rep\u00fablica romana es la de recuperar el estudio de la historiograf\u00eda romana desde un nuevo enfoqeu que no tome en consideraci\u00f3n simplemente los aspectos literarios y filol\u00f3gicos que hasta ahora han predominado en gran medida , sino que aborde el origen de la escritura de la historia en roma como un fen\u00f3meno cultural e intelectual de gran relevancia para comprender la forma que ten\u00edan de concebir los romanos  su porpio pasado.Por ello la tesis parte, en primer lugar, de un estudio de la memoria oral previa ala historiografia a trav\u00e9s de los testimonios que nos han llegado tanto arqueol\u00f3gicos como textuales.En estos cap\u00edtulos se defiende la existencia de ficha memoria transmitida a trav\u00e9s de las fiestas rituales y de la topograf\u00eda urbana adem\u00e1s de los eventos de tipo aristocr\u00e1tico como  los funerales.Tambi\u00e9n se considera la cuesti\u00f3n del contenido de la memoria de los or\u00edgenes para cuestionar la posibilidad de que la leyenda de eneas formara parte de memoria cultural de roma antes del comienzo de la historiograf\u00eda.Por otro lado , se aborda la cuesti\u00f3n de loa annales maximi, que hasta ahora han sido considerados el origen  de la historia en roma.En esta tesis se difiende, por el contrario , su elejamiento de cualquier intento de comprender el pasado.  por \u00faltimo , los cap\u00edtulos finales de la tesis est\u00e1n dedicados a analizar los conceptos de memoria y de historia en la rep\u00fablica romana, para pasar a continuaci\u00f3n a hacer una valoraci\u00f3n dela evoluci\u00f3n de la historiograf\u00eda de este per\u00edodo.<\/p>\n<p>&nbsp;<\/p>\n<h3>Datos acad\u00e9micos de la tesis doctoral \u00ab<strong>La memoria de roma: historia e identidad en la rep\u00fablica romana<\/strong>\u00ab<\/h3>\n<ul>\n<li><strong>T\u00edtulo de la tesis:<\/strong>\u00a0 La memoria de roma: historia e identidad en la rep\u00fablica romana <\/li>\n<li><strong>Autor:<\/strong>\u00a0 Ana Rodriguez Mayorgas <\/li>\n<li><strong>Universidad:<\/strong>\u00a0 Complutense de Madrid<\/li>\n<li><strong>Fecha de lectura de la tesis:<\/strong>\u00a0 28\/06\/2005<\/li>\n<\/ul>\n<p>&nbsp;<\/p>\n<h3>Direcci\u00f3n y tribunal<\/h3>\n<ul>\n<li><strong>Director de la tesis<\/strong>\n<ul>\n<li>Estela Garc\u00eda Fern\u00e1ndez<\/li>\n<\/ul>\n<\/li>\n<li><strong>Tribunal<\/strong>\n<ul>\n<li>Presidente del tribunal: julio Mangas manjarres <\/li>\n<li>claudia Moatti (vocal)<\/li>\n<li>salvador Mas torres (vocal)<\/li>\n<li>  (vocal)<\/li>\n<\/ul>\n<\/li>\n<\/ul>\n<p>&nbsp;<\/p>\n","protected":false},"excerpt":{"rendered":"<p>Tesis doctoral de Ana Rodriguez Mayorgas La idea principal en torno a la cual gira la tesis la memoria de [&hellip;]<\/p>\n","protected":false},"author":1,"featured_media":0,"comment_status":"open","ping_status":"open","sticky":false,"template":"","format":"standard","meta":{"site-sidebar-layout":"default","site-content-layout":"","ast-site-content-layout":"","site-content-style":"default","site-sidebar-style":"default","ast-global-header-display":"","ast-banner-title-visibility":"","ast-main-header-display":"","ast-hfb-above-header-display":"","ast-hfb-below-header-display":"","ast-hfb-mobile-header-display":"","site-post-title":"","ast-breadcrumbs-content":"","ast-featured-img":"","footer-sml-layout":"","theme-transparent-header-meta":"","adv-header-id-meta":"","stick-header-meta":"","header-above-stick-meta":"","header-main-stick-meta":"","header-below-stick-meta":"","astra-migrate-meta-layouts":"default","ast-page-background-enabled":"default","ast-page-background-meta":{"desktop":{"background-color":"var(--ast-global-color-4)","background-image":"","background-repeat":"repeat","background-position":"center center","background-size":"auto","background-attachment":"scroll","background-type":"","background-media":"","overlay-type":"","overlay-color":"","overlay-gradient":""},"tablet":{"background-color":"","background-image":"","background-repeat":"repeat","background-position":"center center","background-size":"auto","background-attachment":"scroll","background-type":"","background-media":"","overlay-type":"","overlay-color":"","overlay-gradient":""},"mobile":{"background-color":"","background-image":"","background-repeat":"repeat","background-position":"center center","background-size":"auto","background-attachment":"scroll","background-type":"","background-media":"","overlay-type":"","overlay-color":"","overlay-gradient":""}},"ast-content-background-meta":{"desktop":{"background-color":"var(--ast-global-color-5)","background-image":"","background-repeat":"repeat","background-position":"center center","background-size":"auto","background-attachment":"scroll","background-type":"","background-media":"","overlay-type":"","overlay-color":"","overlay-gradient":""},"tablet":{"background-color":"var(--ast-global-color-5)","background-image":"","background-repeat":"repeat","background-position":"center center","background-size":"auto","background-attachment":"scroll","background-type":"","background-media":"","overlay-type":"","overlay-color":"","overlay-gradient":""},"mobile":{"background-color":"var(--ast-global-color-5)","background-image":"","background-repeat":"repeat","background-position":"center center","background-size":"auto","background-attachment":"scroll","background-type":"","background-media":"","overlay-type":"","overlay-color":"","overlay-gradient":""}},"footnotes":""},"categories":[104,569,220],"tags":[162496,162497,21485,4028,19071],"class_list":["post-75106","post","type-post","status-publish","format-standard","hentry","category-historia","category-historia-antigua","category-historia-por-epocas","tag-ana-rodriguez-mayorgas","tag-claudia-moatti","tag-estela-garcia-fernandez","tag-julio-mangas-manjarres","tag-salvador-mas-torres"],"_links":{"self":[{"href":"https:\/\/www.deberes.net\/tesis\/wp-json\/wp\/v2\/posts\/75106","targetHints":{"allow":["GET"]}}],"collection":[{"href":"https:\/\/www.deberes.net\/tesis\/wp-json\/wp\/v2\/posts"}],"about":[{"href":"https:\/\/www.deberes.net\/tesis\/wp-json\/wp\/v2\/types\/post"}],"author":[{"embeddable":true,"href":"https:\/\/www.deberes.net\/tesis\/wp-json\/wp\/v2\/users\/1"}],"replies":[{"embeddable":true,"href":"https:\/\/www.deberes.net\/tesis\/wp-json\/wp\/v2\/comments?post=75106"}],"version-history":[{"count":0,"href":"https:\/\/www.deberes.net\/tesis\/wp-json\/wp\/v2\/posts\/75106\/revisions"}],"wp:attachment":[{"href":"https:\/\/www.deberes.net\/tesis\/wp-json\/wp\/v2\/media?parent=75106"}],"wp:term":[{"taxonomy":"category","embeddable":true,"href":"https:\/\/www.deberes.net\/tesis\/wp-json\/wp\/v2\/categories?post=75106"},{"taxonomy":"post_tag","embeddable":true,"href":"https:\/\/www.deberes.net\/tesis\/wp-json\/wp\/v2\/tags?post=75106"}],"curies":[{"name":"wp","href":"https:\/\/api.w.org\/{rel}","templated":true}]}}