{"id":75110,"date":"2018-03-09T23:20:13","date_gmt":"2018-03-09T23:20:13","guid":{"rendered":"https:\/\/www.deberes.net\/tesis\/sin-categoria\/el-teatro-andaluz-contemporaneo-una-aproximacion-cualitativa-a-la-practica-docente-y-profesional-de-la-direccion-escenica-en-andalucia\/"},"modified":"2018-03-09T23:20:13","modified_gmt":"2018-03-09T23:20:13","slug":"el-teatro-andaluz-contemporaneo-una-aproximacion-cualitativa-a-la-practica-docente-y-profesional-de-la-direccion-escenica-en-andalucia","status":"publish","type":"post","link":"https:\/\/www.deberes.net\/tesis\/ciencias-de-las-artes-y-las-letras\/el-teatro-andaluz-contemporaneo-una-aproximacion-cualitativa-a-la-practica-docente-y-profesional-de-la-direccion-escenica-en-andalucia\/","title":{"rendered":"El teatro andaluz contempor\u00e1neo: una aproximaci\u00f3n cualitativa a la pr\u00e1ctica docente y profesional de la direcci\u00f3n esc\u00e9nica en andalucia."},"content":{"rendered":"<h2>Tesis doctoral de <strong> Jos\u00e9 Antonio Sede\u00f1o L\u00f3pez <\/strong><\/h2>\n<p>Esta tesis es un estudio cualitativo sobre la direcci\u00f3n esc\u00e9nica en andaluc\u00eda , desde una doble perspectiva docente y profesional.Su objetivo central es mostrar la necesidad de que el teatro andaluz m\u00e1s innovador y creativo est\u00e9 presente en la formaci\u00f3n que reciben nuestros directores de escena en las escuelas oficiales de arte dram\u00e1tico de andaluc\u00eda.Se compone de tres partes:  1\u00aa. La pr\u00e1ctica profesional de la direcci\u00f3n esc\u00e9nica en andaluc\u00eda.Que pretende reflejar los \u00faltimos treinta a\u00f1os del teatro andaluz de creaci\u00f3n, a trav\u00e9s de la experiencia y la visi\u00f3n de algunos de sus representantes m\u00e1s significativos.Se trata de un informe elaborado a partir de entrevistas a siete creadores andaluces.  2\u00aa. La fromaci\u00f3n del director de escena en andaluc\u00eda,que estudia la especialidad de direcci\u00f3n esc\u00e9nica en la escuela superior de arte dram\u00e1tico de m\u00e1laga de acuerdo con el plan logse, entre 1993 y el a\u00f1o 2000.Se recoge el informe del estudio de caso realizado y en el que se recoge la perspectiva de docentes , estudiantes actuales y estudiantes egresados.  3\u00aa. Investigaci\u00f3n , docente y pr\u00e1ctica profesional, donde se procede a poner en relaci\u00f3n ambas investigaciones intentado preservar la identidad de cada una de ellas, pero buscando ofrecer una visi\u00f3n de conjunto donde pueda observarse nuestra realidad teatral desde la doble perspectiva, docente y profesional , que ofrece este estudio.  entre sus conclusiones principales destaca la figura del director contempor\u00e1neo como autor del espect\u00e1culo y se\u00f1ala la necesidad de transformar la cultura teatral en un cultura de colaboraci\u00f3n que permita a nuestros docentes y a nuestros futuros profesionales de la direcci\u00f3n esc\u00e9nica afrontar los retos \u00e9ticos, t\u00e9cnicos y est\u00e9ticos que plantea la escena contempor\u00e1nea.<\/p>\n<p>&nbsp;<\/p>\n<h3>Datos acad\u00e9micos de la tesis doctoral \u00ab<strong>El teatro andaluz contempor\u00e1neo: una aproximaci\u00f3n cualitativa a la pr\u00e1ctica docente y profesional de la direcci\u00f3n esc\u00e9nica en andalucia.<\/strong>\u00ab<\/h3>\n<ul>\n<li><strong>T\u00edtulo de la tesis:<\/strong>\u00a0 El teatro andaluz contempor\u00e1neo: una aproximaci\u00f3n cualitativa a la pr\u00e1ctica docente y profesional de la direcci\u00f3n esc\u00e9nica en andalucia. <\/li>\n<li><strong>Autor:<\/strong>\u00a0 Jos\u00e9 Antonio Sede\u00f1o L\u00f3pez <\/li>\n<li><strong>Universidad:<\/strong>\u00a0 M\u00e1laga<\/li>\n<li><strong>Fecha de lectura de la tesis:<\/strong>\u00a0 28\/06\/2005<\/li>\n<\/ul>\n<p>&nbsp;<\/p>\n<h3>Direcci\u00f3n y tribunal<\/h3>\n<ul>\n<li><strong>Director de la tesis<\/strong>\n<ul>\n<li>Angel P\u00e9rez G\u00f3mez<\/li>\n<\/ul>\n<\/li>\n<li><strong>Tribunal<\/strong>\n<ul>\n<li>Presidente del tribunal: mercedes Vico monteoliva <\/li>\n<li>merc\u00e9 Saumell verg\u00e9s (vocal)<\/li>\n<li>Javier Marrero acosta (vocal)<\/li>\n<li>carmen Marquez montes (vocal)<\/li>\n<\/ul>\n<\/li>\n<\/ul>\n<p>&nbsp;<\/p>\n","protected":false},"excerpt":{"rendered":"<p>Tesis doctoral de Jos\u00e9 Antonio Sede\u00f1o L\u00f3pez Esta tesis es un estudio cualitativo sobre la direcci\u00f3n esc\u00e9nica en andaluc\u00eda , [&hellip;]<\/p>\n","protected":false},"author":1,"featured_media":0,"comment_status":"open","ping_status":"open","sticky":false,"template":"","format":"standard","meta":{"site-sidebar-layout":"default","site-content-layout":"","ast-site-content-layout":"","site-content-style":"default","site-sidebar-style":"default","ast-global-header-display":"","ast-banner-title-visibility":"","ast-main-header-display":"","ast-hfb-above-header-display":"","ast-hfb-below-header-display":"","ast-hfb-mobile-header-display":"","site-post-title":"","ast-breadcrumbs-content":"","ast-featured-img":"","footer-sml-layout":"","theme-transparent-header-meta":"","adv-header-id-meta":"","stick-header-meta":"","header-above-stick-meta":"","header-main-stick-meta":"","header-below-stick-meta":"","astra-migrate-meta-layouts":"default","ast-page-background-enabled":"default","ast-page-background-meta":{"desktop":{"background-color":"var(--ast-global-color-4)","background-image":"","background-repeat":"repeat","background-position":"center center","background-size":"auto","background-attachment":"scroll","background-type":"","background-media":"","overlay-type":"","overlay-color":"","overlay-gradient":""},"tablet":{"background-color":"","background-image":"","background-repeat":"repeat","background-position":"center center","background-size":"auto","background-attachment":"scroll","background-type":"","background-media":"","overlay-type":"","overlay-color":"","overlay-gradient":""},"mobile":{"background-color":"","background-image":"","background-repeat":"repeat","background-position":"center center","background-size":"auto","background-attachment":"scroll","background-type":"","background-media":"","overlay-type":"","overlay-color":"","overlay-gradient":""}},"ast-content-background-meta":{"desktop":{"background-color":"var(--ast-global-color-5)","background-image":"","background-repeat":"repeat","background-position":"center center","background-size":"auto","background-attachment":"scroll","background-type":"","background-media":"","overlay-type":"","overlay-color":"","overlay-gradient":""},"tablet":{"background-color":"var(--ast-global-color-5)","background-image":"","background-repeat":"repeat","background-position":"center center","background-size":"auto","background-attachment":"scroll","background-type":"","background-media":"","overlay-type":"","overlay-color":"","overlay-gradient":""},"mobile":{"background-color":"var(--ast-global-color-5)","background-image":"","background-repeat":"repeat","background-position":"center center","background-size":"auto","background-attachment":"scroll","background-type":"","background-media":"","overlay-type":"","overlay-color":"","overlay-gradient":""}},"footnotes":""},"categories":[147,1140,7834,1141,1288,1110,1111],"tags":[7869,127708,1145,162506,41259,10730],"class_list":["post-75110","post","type-post","status-publish","format-standard","hentry","category-ciencias-de-las-artes-y-las-letras","category-formacion-y-empleo-de-profesores","category-malaga","category-pedagogia","category-preparacion-de-profesores","category-teatro","category-teoria-analisis-y-critica-de-las-bellas-artes","tag-angel-perez-gomez","tag-carmen-marquez-montes","tag-javier-marrero-acosta","tag-jose-antonio-sedeno-lopez","tag-merce-saumell-verges","tag-mercedes-vico-monteoliva"],"_links":{"self":[{"href":"https:\/\/www.deberes.net\/tesis\/wp-json\/wp\/v2\/posts\/75110","targetHints":{"allow":["GET"]}}],"collection":[{"href":"https:\/\/www.deberes.net\/tesis\/wp-json\/wp\/v2\/posts"}],"about":[{"href":"https:\/\/www.deberes.net\/tesis\/wp-json\/wp\/v2\/types\/post"}],"author":[{"embeddable":true,"href":"https:\/\/www.deberes.net\/tesis\/wp-json\/wp\/v2\/users\/1"}],"replies":[{"embeddable":true,"href":"https:\/\/www.deberes.net\/tesis\/wp-json\/wp\/v2\/comments?post=75110"}],"version-history":[{"count":0,"href":"https:\/\/www.deberes.net\/tesis\/wp-json\/wp\/v2\/posts\/75110\/revisions"}],"wp:attachment":[{"href":"https:\/\/www.deberes.net\/tesis\/wp-json\/wp\/v2\/media?parent=75110"}],"wp:term":[{"taxonomy":"category","embeddable":true,"href":"https:\/\/www.deberes.net\/tesis\/wp-json\/wp\/v2\/categories?post=75110"},{"taxonomy":"post_tag","embeddable":true,"href":"https:\/\/www.deberes.net\/tesis\/wp-json\/wp\/v2\/tags?post=75110"}],"curies":[{"name":"wp","href":"https:\/\/api.w.org\/{rel}","templated":true}]}}