{"id":75115,"date":"2018-03-09T23:20:18","date_gmt":"2018-03-09T23:20:18","guid":{"rendered":"https:\/\/www.deberes.net\/tesis\/sin-categoria\/perfil-de-innovacion-curricular-versus-perfil-de-uso-estudio-de-la-implantacion-de-la-fa%c2%adsica-y-qua%c2%admica-del-bachillerato-logse-en-la-comunidad-autonoma-de-murcia\/"},"modified":"2018-03-09T23:20:18","modified_gmt":"2018-03-09T23:20:18","slug":"perfil-de-innovacion-curricular-versus-perfil-de-uso-estudio-de-la-implantacion-de-la-fa%c2%adsica-y-qua%c2%admica-del-bachillerato-logse-en-la-comunidad-autonoma-de-murcia","status":"publish","type":"post","link":"https:\/\/www.deberes.net\/tesis\/formacion-y-empleo-de-profesores\/perfil-de-innovacion-curricular-versus-perfil-de-uso-estudio-de-la-implantacion-de-la-fa%c2%adsica-y-qua%c2%admica-del-bachillerato-logse-en-la-comunidad-autonoma-de-murcia\/","title":{"rendered":"Perfil de innovaci\u00f3n curricular versus perfil de uso. estudio de la implantaci\u00f3n de la f\u00edsica y qu\u00edmica del bachillerato logse en la comunidad aut\u00f3noma de murcia"},"content":{"rendered":"<h2>Tesis doctoral de <strong> Enrique Amat Vicedo <\/strong><\/h2>\n<p>Las razones por las que es necesario implantar una reforma educativa son siempre m\u00faltiples y variadas: el paso pol\u00edtico que se dio en espa\u00f1a a finales de los a\u00f1os 70; la necesidad de ampliar la escolarizaci\u00f3n obligatoria y acercarse a los modelos europeos; la conveniencia de unificar lo que se conoc\u00eda como \u00abense\u00f1anzas medias\u00bb para dignificar la formaci\u00f3n profesional; la educaci\u00f3n de las ense\u00f1anzas a un mundo laboral cambiante y vertiginoso; la introducci\u00f3n de nuevas tecnolog\u00edas en el aula: los nuevos valores sociales y los retos que, en consecuencia, se le presentaban a nuestros j\u00f3venes. todas ellas son razones poderosas para avalar la necesidad de una reforma educativa, que se produjo en varias fases y que culmin\u00f3 con la promulgaci\u00f3n de la logse en el a\u00f1o 1990.  no obstante, ninguna reforma curricular se traduce exactamente en las aulas por muchos factores (profesores, libros de texto, contexto social..). De ah\u00ed que hablemos de perfil de uso frente al perfil de innovaci\u00f3n previsto por la administraci\u00f3n o por los dise\u00f1adores curriculares.  en este contexto, el problema central que nos planteamos fue: \u00c2\u00bfqu\u00e9 diferencias hay entre el perfil de innovaci\u00f3n curricular establecido para la f\u00edsica y la qu\u00edmica en el bachillerato logse y el perfil de uso en la regi\u00f3n de murcia?.  por ello esta investigaci\u00f3n se ha ocupado, por una parte, de \u00e1mbitos relevantes en la labor profesional del docente (libros de texto y programaciones did\u00e1cticas de los departamentos) y por otra hemos preguntado directamente a varios profesionales para que nos ayudaran a delimitar el mencionado perfil de uso.  hemos estructurado la investigaci\u00f3n en torno a cuatro trabajos de investigaci\u00f3n (t.I).  t.I. 1: \u00c2\u00bfcu\u00e1l es el perfil de innovaci\u00f3n curricular que estableci\u00f3 la reforma para la f\u00edsica y la qu\u00edmica del bachillerato? \u00c2\u00bfc\u00f3mo podemos caracterizarlo en torno a unos t\u00f3picos determinados?  t.I. 2: \u00c2\u00bfcumplen los libros de texto cierta<\/p>\n<p>&nbsp;<\/p>\n<h3>Datos acad\u00e9micos de la tesis doctoral \u00ab<strong>Perfil de innovaci\u00f3n curricular versus perfil de uso. estudio de la implantaci\u00f3n de la f\u00edsica y qu\u00edmica del bachillerato logse en la comunidad aut\u00f3noma de murcia<\/strong>\u00ab<\/h3>\n<ul>\n<li><strong>T\u00edtulo de la tesis:<\/strong>\u00a0 Perfil de innovaci\u00f3n curricular versus perfil de uso. estudio de la implantaci\u00f3n de la f\u00edsica y qu\u00edmica del bachillerato logse en la comunidad aut\u00f3noma de murcia <\/li>\n<li><strong>Autor:<\/strong>\u00a0 Enrique Amat Vicedo <\/li>\n<li><strong>Universidad:<\/strong>\u00a0 Murcia<\/li>\n<li><strong>Fecha de lectura de la tesis:<\/strong>\u00a0 28\/06\/2005<\/li>\n<\/ul>\n<p>&nbsp;<\/p>\n<h3>Direcci\u00f3n y tribunal<\/h3>\n<ul>\n<li><strong>Director de la tesis<\/strong>\n<ul>\n<li>Antonio De Pro Bueno<\/li>\n<\/ul>\n<\/li>\n<li><strong>Tribunal<\/strong>\n<ul>\n<li>Presidente del tribunal: enrique Banet hernandez <\/li>\n<li>vicente Mellado jimenez (vocal)<\/li>\n<li>roque Jim\u00e9nez p\u00e9rez (vocal)<\/li>\n<li>cristina Mart\u00ednez losada (vocal)<\/li>\n<\/ul>\n<\/li>\n<\/ul>\n<p>&nbsp;<\/p>\n","protected":false},"excerpt":{"rendered":"<p>Tesis doctoral de Enrique Amat Vicedo Las razones por las que es necesario implantar una reforma educativa son siempre m\u00faltiples [&hellip;]<\/p>\n","protected":false},"author":1,"featured_media":0,"comment_status":"open","ping_status":"open","sticky":false,"template":"","format":"standard","meta":{"site-sidebar-layout":"default","site-content-layout":"","ast-site-content-layout":"","site-content-style":"default","site-sidebar-style":"default","ast-global-header-display":"","ast-banner-title-visibility":"","ast-main-header-display":"","ast-hfb-above-header-display":"","ast-hfb-below-header-display":"","ast-hfb-mobile-header-display":"","site-post-title":"","ast-breadcrumbs-content":"","ast-featured-img":"","footer-sml-layout":"","theme-transparent-header-meta":"","adv-header-id-meta":"","stick-header-meta":"","header-above-stick-meta":"","header-main-stick-meta":"","header-below-stick-meta":"","astra-migrate-meta-layouts":"default","ast-page-background-enabled":"default","ast-page-background-meta":{"desktop":{"background-color":"var(--ast-global-color-4)","background-image":"","background-repeat":"repeat","background-position":"center center","background-size":"auto","background-attachment":"scroll","background-type":"","background-media":"","overlay-type":"","overlay-color":"","overlay-gradient":""},"tablet":{"background-color":"","background-image":"","background-repeat":"repeat","background-position":"center center","background-size":"auto","background-attachment":"scroll","background-type":"","background-media":"","overlay-type":"","overlay-color":"","overlay-gradient":""},"mobile":{"background-color":"","background-image":"","background-repeat":"repeat","background-position":"center center","background-size":"auto","background-attachment":"scroll","background-type":"","background-media":"","overlay-type":"","overlay-color":"","overlay-gradient":""}},"ast-content-background-meta":{"desktop":{"background-color":"var(--ast-global-color-5)","background-image":"","background-repeat":"repeat","background-position":"center center","background-size":"auto","background-attachment":"scroll","background-type":"","background-media":"","overlay-type":"","overlay-color":"","overlay-gradient":""},"tablet":{"background-color":"var(--ast-global-color-5)","background-image":"","background-repeat":"repeat","background-position":"center center","background-size":"auto","background-attachment":"scroll","background-type":"","background-media":"","overlay-type":"","overlay-color":"","overlay-gradient":""},"mobile":{"background-color":"var(--ast-global-color-5)","background-image":"","background-repeat":"repeat","background-position":"center center","background-size":"auto","background-attachment":"scroll","background-type":"","background-media":"","overlay-type":"","overlay-color":"","overlay-gradient":""}},"footnotes":""},"categories":[1140,8235,1184,1141,1288],"tags":[8691,129089,162515,8689,119158,46768],"class_list":["post-75115","post","type-post","status-publish","format-standard","hentry","category-formacion-y-empleo-de-profesores","category-murcia","category-organizacion-y-planificacion-de-la-educacion","category-pedagogia","category-preparacion-de-profesores","tag-antonio-de-pro-bueno","tag-cristina-Martinez-losada","tag-enrique-amat-vicedo","tag-enrique-banet-hernandez","tag-roque-jimenez-perez","tag-vicente-mellado-jimenez"],"_links":{"self":[{"href":"https:\/\/www.deberes.net\/tesis\/wp-json\/wp\/v2\/posts\/75115","targetHints":{"allow":["GET"]}}],"collection":[{"href":"https:\/\/www.deberes.net\/tesis\/wp-json\/wp\/v2\/posts"}],"about":[{"href":"https:\/\/www.deberes.net\/tesis\/wp-json\/wp\/v2\/types\/post"}],"author":[{"embeddable":true,"href":"https:\/\/www.deberes.net\/tesis\/wp-json\/wp\/v2\/users\/1"}],"replies":[{"embeddable":true,"href":"https:\/\/www.deberes.net\/tesis\/wp-json\/wp\/v2\/comments?post=75115"}],"version-history":[{"count":0,"href":"https:\/\/www.deberes.net\/tesis\/wp-json\/wp\/v2\/posts\/75115\/revisions"}],"wp:attachment":[{"href":"https:\/\/www.deberes.net\/tesis\/wp-json\/wp\/v2\/media?parent=75115"}],"wp:term":[{"taxonomy":"category","embeddable":true,"href":"https:\/\/www.deberes.net\/tesis\/wp-json\/wp\/v2\/categories?post=75115"},{"taxonomy":"post_tag","embeddable":true,"href":"https:\/\/www.deberes.net\/tesis\/wp-json\/wp\/v2\/tags?post=75115"}],"curies":[{"name":"wp","href":"https:\/\/api.w.org\/{rel}","templated":true}]}}