{"id":75128,"date":"2018-03-09T23:20:18","date_gmt":"2018-03-09T23:20:18","guid":{"rendered":"https:\/\/www.deberes.net\/tesis\/sin-categoria\/moderna-metodologa%c2%ada-para-una-pedagoga%c2%ada-superior-de-la-direccion-de-orquesta\/"},"modified":"2018-03-09T23:20:18","modified_gmt":"2018-03-09T23:20:18","slug":"moderna-metodologa%c2%ada-para-una-pedagoga%c2%ada-superior-de-la-direccion-de-orquesta","status":"publish","type":"post","link":"https:\/\/www.deberes.net\/tesis\/historia\/moderna-metodologa%c2%ada-para-una-pedagoga%c2%ada-superior-de-la-direccion-de-orquesta\/","title":{"rendered":"Moderna metodolog\u00eda para una pedagogia superior de la direcci\u00f3n de orquesta"},"content":{"rendered":"<h2>Tesis doctoral de <strong> Jos\u00e9 Lucas Sanahuja <\/strong><\/h2>\n<p>Seg\u00fan indica su t\u00edtulo: moderna metodolog\u00eda para una pedagog\u00eda superior de la direcci\u00f3n de orquesta, esta tesis pretende aglutinar los componentes did\u00e1cticos m\u00e1s importantes y necesarios para conferir una s\u00f3lida y vers\u00e1til formaci\u00f3n a los estudios de esta especial disciplina acad\u00e9mica.  se ha intentado acopiar todos aquellos contenidos did\u00e1cticos m\u00e1s substanciales desde una moderna perspectiva pedagog\u00edca; por ello mismo se ha atendido tambi\u00e9n tanto al detallado desarrollo espec\u00edfico de las materias dentro de sus respectivos cap\u00edtulos cuanto a una racional ordenaci\u00f3n diacr\u00f3nica de \u00e9stos en orden a sus relativas dificultades.  en todo caso se ha procurado una sucesi\u00f3n progresiva lo m\u00e1s adecuada posible intentando superar aquella manifiesta complejidad que supone el tratamiento did\u00e1ctico de materias que, aunque apuntan en definitiva a una misma finalidad, revisten en s\u00ed mismas caracter\u00edsticas muy diferenciadas.  conferir un orden sistem\u00e1tico a las diversas materias, establecer una gradaci\u00f3n de progresi\u00f3n cualitativa y, por \u00faltimo, adecuar todo ello hacia la adaptaci\u00f3n m\u00e1s racional y coherente respecto a la moderna normativa de la logse ha constituido una esencial gu\u00eda, primordial en la orientaci\u00f3n de los objetivos.  la tesis desarrolla desde los componentes did\u00e1cticos b\u00e1sicos hasta aquellos de mayor complejidad; por ello mismo se ha procurado la m\u00e1s id\u00f3nea adaptaci\u00f3n de tan variados contenidos para insertarlos convenientemente en su m\u00e1s apropiado nivel, dentro de los cinco cursos que configuran los estudios superiores de la direcci\u00f3n de orquesta. A tal efecto se ha procurado secuenciar dichos contenidos en una ordenada programaci\u00f3n, de la manera m\u00e1s apropiada posible, a fin de que cada paso suponga la neta superaci\u00f3n del anterior pero posibilitando al propio tiempo el seguimiento simult\u00e1neo de otras diversas materias diferentes en tanto que todas ellas convergen y revierten en definitiva para con<\/p>\n<p>&nbsp;<\/p>\n<h3>Datos acad\u00e9micos de la tesis doctoral \u00ab<strong>Moderna metodolog\u00eda para una pedagogia superior de la direcci\u00f3n de orquesta<\/strong>\u00ab<\/h3>\n<ul>\n<li><strong>T\u00edtulo de la tesis:<\/strong>\u00a0 Moderna metodolog\u00eda para una pedagogia superior de la direcci\u00f3n de orquesta <\/li>\n<li><strong>Autor:<\/strong>\u00a0 Jos\u00e9 Lucas Sanahuja <\/li>\n<li><strong>Universidad:<\/strong>\u00a0 Polit\u00e9cnica de Valencia<\/li>\n<li><strong>Fecha de lectura de la tesis:<\/strong>\u00a0 28\/06\/2005<\/li>\n<\/ul>\n<p>&nbsp;<\/p>\n<h3>Direcci\u00f3n y tribunal<\/h3>\n<ul>\n<li><strong>Director de la tesis<\/strong>\n<ul>\n<li> Escudero Garcia Mar\u00eda  Pilar<\/li>\n<\/ul>\n<\/li>\n<li><strong>Tribunal<\/strong>\n<ul>\n<li>Presidente del tribunal: pedro Vilarroig aroca <\/li>\n<li>jean-henri Bouche peris (vocal)<\/li>\n<li>berta Gil alonso (vocal)<\/li>\n<li>Manuel Maceiras fafi\u00e1n (vocal)<\/li>\n<\/ul>\n<\/li>\n<\/ul>\n<p>&nbsp;<\/p>\n","protected":false},"excerpt":{"rendered":"<p>Tesis doctoral de Jos\u00e9 Lucas Sanahuja Seg\u00fan indica su t\u00edtulo: moderna metodolog\u00eda para una pedagog\u00eda superior de la direcci\u00f3n de [&hellip;]<\/p>\n","protected":false},"author":1,"featured_media":0,"comment_status":"open","ping_status":"open","sticky":false,"template":"","format":"standard","meta":{"site-sidebar-layout":"default","site-content-layout":"","ast-site-content-layout":"","site-content-style":"default","site-sidebar-style":"default","ast-global-header-display":"","ast-banner-title-visibility":"","ast-main-header-display":"","ast-hfb-above-header-display":"","ast-hfb-below-header-display":"","ast-hfb-mobile-header-display":"","site-post-title":"","ast-breadcrumbs-content":"","ast-featured-img":"","footer-sml-layout":"","theme-transparent-header-meta":"","adv-header-id-meta":"","stick-header-meta":"","header-above-stick-meta":"","header-main-stick-meta":"","header-below-stick-meta":"","astra-migrate-meta-layouts":"default","ast-page-background-enabled":"default","ast-page-background-meta":{"desktop":{"background-color":"var(--ast-global-color-4)","background-image":"","background-repeat":"repeat","background-position":"center center","background-size":"auto","background-attachment":"scroll","background-type":"","background-media":"","overlay-type":"","overlay-color":"","overlay-gradient":""},"tablet":{"background-color":"","background-image":"","background-repeat":"repeat","background-position":"center center","background-size":"auto","background-attachment":"scroll","background-type":"","background-media":"","overlay-type":"","overlay-color":"","overlay-gradient":""},"mobile":{"background-color":"","background-image":"","background-repeat":"repeat","background-position":"center center","background-size":"auto","background-attachment":"scroll","background-type":"","background-media":"","overlay-type":"","overlay-color":"","overlay-gradient":""}},"ast-content-background-meta":{"desktop":{"background-color":"var(--ast-global-color-5)","background-image":"","background-repeat":"repeat","background-position":"center center","background-size":"auto","background-attachment":"scroll","background-type":"","background-media":"","overlay-type":"","overlay-color":"","overlay-gradient":""},"tablet":{"background-color":"var(--ast-global-color-5)","background-image":"","background-repeat":"repeat","background-position":"center center","background-size":"auto","background-attachment":"scroll","background-type":"","background-media":"","overlay-type":"","overlay-color":"","overlay-gradient":""},"mobile":{"background-color":"var(--ast-global-color-5)","background-image":"","background-repeat":"repeat","background-position":"center center","background-size":"auto","background-attachment":"scroll","background-type":"","background-media":"","overlay-type":"","overlay-color":"","overlay-gradient":""}},"footnotes":""},"categories":[147,104,1014,222,9132,16820,1111],"tags":[82506,162544,147740,86116,5345,30989],"class_list":["post-75128","post","type-post","status-publish","format-standard","hentry","category-ciencias-de-las-artes-y-las-letras","category-historia","category-historia-del-arte","category-historias-especializadas","category-musica-y-musicologia","category-politecnica-de-valencia","category-teoria-analisis-y-critica-de-las-bellas-artes","tag-berta-gil-alonso","tag-escudero-garcia-maria-pilar","tag-jean-henri-bouche-peris","tag-jose-lucas-sanahuja","tag-manuel-maceiras-fafian","tag-pedro-vilarroig-aroca"],"_links":{"self":[{"href":"https:\/\/www.deberes.net\/tesis\/wp-json\/wp\/v2\/posts\/75128","targetHints":{"allow":["GET"]}}],"collection":[{"href":"https:\/\/www.deberes.net\/tesis\/wp-json\/wp\/v2\/posts"}],"about":[{"href":"https:\/\/www.deberes.net\/tesis\/wp-json\/wp\/v2\/types\/post"}],"author":[{"embeddable":true,"href":"https:\/\/www.deberes.net\/tesis\/wp-json\/wp\/v2\/users\/1"}],"replies":[{"embeddable":true,"href":"https:\/\/www.deberes.net\/tesis\/wp-json\/wp\/v2\/comments?post=75128"}],"version-history":[{"count":0,"href":"https:\/\/www.deberes.net\/tesis\/wp-json\/wp\/v2\/posts\/75128\/revisions"}],"wp:attachment":[{"href":"https:\/\/www.deberes.net\/tesis\/wp-json\/wp\/v2\/media?parent=75128"}],"wp:term":[{"taxonomy":"category","embeddable":true,"href":"https:\/\/www.deberes.net\/tesis\/wp-json\/wp\/v2\/categories?post=75128"},{"taxonomy":"post_tag","embeddable":true,"href":"https:\/\/www.deberes.net\/tesis\/wp-json\/wp\/v2\/tags?post=75128"}],"curies":[{"name":"wp","href":"https:\/\/api.w.org\/{rel}","templated":true}]}}