{"id":75129,"date":"2018-03-09T23:20:18","date_gmt":"2018-03-09T23:20:18","guid":{"rendered":"https:\/\/www.deberes.net\/tesis\/sin-categoria\/la-direccion-de-coro-en-la-actualidad-criterios-metodologicos-y-su-aplicacion-practica\/"},"modified":"2018-03-09T23:20:18","modified_gmt":"2018-03-09T23:20:18","slug":"la-direccion-de-coro-en-la-actualidad-criterios-metodologicos-y-su-aplicacion-practica","status":"publish","type":"post","link":"https:\/\/www.deberes.net\/tesis\/historia\/la-direccion-de-coro-en-la-actualidad-criterios-metodologicos-y-su-aplicacion-practica\/","title":{"rendered":"La direcci\u00f3n de coro en la actualidad. criterios metodol\u00f3gicos y su aplicaci\u00f3n pr\u00e1ctica."},"content":{"rendered":"<h2>Tesis doctoral de <strong> Agust\u00edn Lucas Sanahuja <\/strong><\/h2>\n<p>En la actividad de la direcci\u00f3n de coro se combinan de manera entreverada diversidad de aspectos y componentes de muy distinta naturaleza pero todos ellos convergentes, desde una funci\u00f3n y un compromiso ineludiblemente multidisciplinar, en un mismo fin est\u00e9tico.  se ha procurado secuenciar y parcelar los contenidos de esta tesis agrup\u00e1ndolos en dos partes. En la primera se efect\u00faa un estudio inherente a la dimensi\u00f3n cultural y a la acci\u00f3n t\u00e9cnico-art\u00edstica que ata\u00f1e de lleno tanto al director como tambi\u00e9n a los componentes del coro desde un doble plano, individual y necesariamente  colectivo.  dentro de la primera parte se incide notablemente en el estudio de las cuatro funciones que intervienen en el canto y en la consideraci\u00f3n de los elementos fisiol\u00f3gicos que las posibilitan. Tambi\u00e9n se efect\u00faa un profundo estudio sobre la clasificaci\u00f3n de las voces as\u00ed como de las diversas tablas de las vocalizaciones. Estos dos aspectos son b\u00e1sicos y substanciales puesto que sobre ellos se apoya toda la complej\u00edsima actividad vocal; desde ellos se erigen las grandiosas posibilidades vocales en tanto que la persona es en s\u00ed misma, de manera simbi\u00f3ticamente prodigiosa, instrumento e int\u00e9rprete al propio tiempo&#8230;  se efect\u00faa despu\u00e9s un sucinto estudio sobre los antecedentes hist\u00f3ricos del coro y unas esenciales consideraciones respecto al surgimiento y sucesivo desarrollo de las m\u00e1s importantes formas vocales. A continuaci\u00f3n se efect\u00faa un estudio sobre los diversos tipos de formaci\u00f3n coral as\u00ed como de las inmensas posibilidades interpretativas del coro que, a su vez, se establecen sobre la base literaria y la consecuente traslaci\u00f3n de sus caracteres expresivos al peculiar \u00e1mbito de la interpretaci\u00f3n musical.  la segunda parte ata\u00f1e exclusiva y espec\u00edficamente a la funci\u00f3n directorial. se incide muy especialmente en la t\u00e9cnica quiron\u00f3mica, como un recurso esencial de comunicaci\u00f3n coercitiva y expresiva del dire<\/p>\n<p>&nbsp;<\/p>\n<h3>Datos acad\u00e9micos de la tesis doctoral \u00ab<strong>La direcci\u00f3n de coro en la actualidad. criterios metodol\u00f3gicos y su aplicaci\u00f3n pr\u00e1ctica.<\/strong>\u00ab<\/h3>\n<ul>\n<li><strong>T\u00edtulo de la tesis:<\/strong>\u00a0 La direcci\u00f3n de coro en la actualidad. criterios metodol\u00f3gicos y su aplicaci\u00f3n pr\u00e1ctica. <\/li>\n<li><strong>Autor:<\/strong>\u00a0 Agust\u00edn Lucas Sanahuja <\/li>\n<li><strong>Universidad:<\/strong>\u00a0 Polit\u00e9cnica de Valencia<\/li>\n<li><strong>Fecha de lectura de la tesis:<\/strong>\u00a0 28\/06\/2005<\/li>\n<\/ul>\n<p>&nbsp;<\/p>\n<h3>Direcci\u00f3n y tribunal<\/h3>\n<ul>\n<li><strong>Director de la tesis<\/strong>\n<ul>\n<li> Escudero Garcia Mar\u00eda  Pilar<\/li>\n<\/ul>\n<\/li>\n<li><strong>Tribunal<\/strong>\n<ul>\n<li>Presidente del tribunal: pedro Vilarroig aroca <\/li>\n<li>jean-henri Bouche peris (vocal)<\/li>\n<li>berta Gil alonso (vocal)<\/li>\n<li>Manuel Maceiras fafi\u00e1n (vocal)<\/li>\n<\/ul>\n<\/li>\n<\/ul>\n<p>&nbsp;<\/p>\n","protected":false},"excerpt":{"rendered":"<p>Tesis doctoral de Agust\u00edn Lucas Sanahuja En la actividad de la direcci\u00f3n de coro se combinan de manera entreverada diversidad [&hellip;]<\/p>\n","protected":false},"author":1,"featured_media":0,"comment_status":"open","ping_status":"open","sticky":false,"template":"","format":"standard","meta":{"site-sidebar-layout":"default","site-content-layout":"","ast-site-content-layout":"","site-content-style":"default","site-sidebar-style":"default","ast-global-header-display":"","ast-banner-title-visibility":"","ast-main-header-display":"","ast-hfb-above-header-display":"","ast-hfb-below-header-display":"","ast-hfb-mobile-header-display":"","site-post-title":"","ast-breadcrumbs-content":"","ast-featured-img":"","footer-sml-layout":"","theme-transparent-header-meta":"","adv-header-id-meta":"","stick-header-meta":"","header-above-stick-meta":"","header-main-stick-meta":"","header-below-stick-meta":"","astra-migrate-meta-layouts":"default","ast-page-background-enabled":"default","ast-page-background-meta":{"desktop":{"background-color":"var(--ast-global-color-4)","background-image":"","background-repeat":"repeat","background-position":"center center","background-size":"auto","background-attachment":"scroll","background-type":"","background-media":"","overlay-type":"","overlay-color":"","overlay-gradient":""},"tablet":{"background-color":"","background-image":"","background-repeat":"repeat","background-position":"center center","background-size":"auto","background-attachment":"scroll","background-type":"","background-media":"","overlay-type":"","overlay-color":"","overlay-gradient":""},"mobile":{"background-color":"","background-image":"","background-repeat":"repeat","background-position":"center center","background-size":"auto","background-attachment":"scroll","background-type":"","background-media":"","overlay-type":"","overlay-color":"","overlay-gradient":""}},"ast-content-background-meta":{"desktop":{"background-color":"var(--ast-global-color-5)","background-image":"","background-repeat":"repeat","background-position":"center center","background-size":"auto","background-attachment":"scroll","background-type":"","background-media":"","overlay-type":"","overlay-color":"","overlay-gradient":""},"tablet":{"background-color":"var(--ast-global-color-5)","background-image":"","background-repeat":"repeat","background-position":"center center","background-size":"auto","background-attachment":"scroll","background-type":"","background-media":"","overlay-type":"","overlay-color":"","overlay-gradient":""},"mobile":{"background-color":"var(--ast-global-color-5)","background-image":"","background-repeat":"repeat","background-position":"center center","background-size":"auto","background-attachment":"scroll","background-type":"","background-media":"","overlay-type":"","overlay-color":"","overlay-gradient":""}},"footnotes":""},"categories":[147,104,1014,222,9132,16820,1111],"tags":[162545,82506,162544,147740,5345,30989],"class_list":["post-75129","post","type-post","status-publish","format-standard","hentry","category-ciencias-de-las-artes-y-las-letras","category-historia","category-historia-del-arte","category-historias-especializadas","category-musica-y-musicologia","category-politecnica-de-valencia","category-teoria-analisis-y-critica-de-las-bellas-artes","tag-agustin-lucas-sanahuja","tag-berta-gil-alonso","tag-escudero-garcia-maria-pilar","tag-jean-henri-bouche-peris","tag-manuel-maceiras-fafian","tag-pedro-vilarroig-aroca"],"_links":{"self":[{"href":"https:\/\/www.deberes.net\/tesis\/wp-json\/wp\/v2\/posts\/75129","targetHints":{"allow":["GET"]}}],"collection":[{"href":"https:\/\/www.deberes.net\/tesis\/wp-json\/wp\/v2\/posts"}],"about":[{"href":"https:\/\/www.deberes.net\/tesis\/wp-json\/wp\/v2\/types\/post"}],"author":[{"embeddable":true,"href":"https:\/\/www.deberes.net\/tesis\/wp-json\/wp\/v2\/users\/1"}],"replies":[{"embeddable":true,"href":"https:\/\/www.deberes.net\/tesis\/wp-json\/wp\/v2\/comments?post=75129"}],"version-history":[{"count":0,"href":"https:\/\/www.deberes.net\/tesis\/wp-json\/wp\/v2\/posts\/75129\/revisions"}],"wp:attachment":[{"href":"https:\/\/www.deberes.net\/tesis\/wp-json\/wp\/v2\/media?parent=75129"}],"wp:term":[{"taxonomy":"category","embeddable":true,"href":"https:\/\/www.deberes.net\/tesis\/wp-json\/wp\/v2\/categories?post=75129"},{"taxonomy":"post_tag","embeddable":true,"href":"https:\/\/www.deberes.net\/tesis\/wp-json\/wp\/v2\/tags?post=75129"}],"curies":[{"name":"wp","href":"https:\/\/api.w.org\/{rel}","templated":true}]}}