{"id":75219,"date":"2018-03-09T23:20:23","date_gmt":"2018-03-09T23:20:23","guid":{"rendered":"https:\/\/www.deberes.net\/tesis\/sin-categoria\/necesidades-sociales-emocionales-sexuales-de-los-presos-estudio-de-un-centro-penitenciario\/"},"modified":"2018-03-09T23:20:23","modified_gmt":"2018-03-09T23:20:23","slug":"necesidades-sociales-emocionales-sexuales-de-los-presos-estudio-de-un-centro-penitenciario","status":"publish","type":"post","link":"https:\/\/www.deberes.net\/tesis\/psicologia\/necesidades-sociales-emocionales-sexuales-de-los-presos-estudio-de-un-centro-penitenciario\/","title":{"rendered":"Necesidades sociales, emocionales, sexuales de los presos. estudio de un centro penitenciario"},"content":{"rendered":"<h2>Tesis doctoral de <strong> Rodrigo Jes\u00fas Carcedo Gonz\u00e1lez <\/strong><\/h2>\n<p>Esta tesis doctoral pretende revisar y reelaborar el \u00abdiscurso\u00bb sobre las necesidades interpersonales (sociales, emocionales y sexuales) de los presos, conocer c\u00f3mo y hasta qu\u00e9 grado se resuelven estas necesidades, y de qu\u00e9 modo podr\u00edan satisfacerse en prisi\u00f3n. Adem\u00e1s, tambi\u00e9n analiza los factores que inciden sobre el grado de resoluci\u00f3n de dichas necesidades y la influencia de \u00e9stas sobre la calidad de vida de los presos. En \u00faltimo lugar, este trabajo recoge las sugerencias de los internos para mejorar el estado de sus necesidades interpersonales y plantea una serie de implicaciones pr\u00e1cticas para facilitar su resoluci\u00f3n en prisi\u00f3n.  noventa internos del centro penitenciario topas (salamanca) fueron entrevistados. ochenta de ellos (21 varones espa\u00f1oles, 39 varones extranjeros, 10 mujeres espa\u00f1olas y 10 mujeres extranjeras) estaban clasificados en segundo grado y 10 (todos ellos varones espa\u00f1oles) en tercer grado.  los resultados m\u00e1s relevantes de este estudio nos llevan a concluir que, en primer lugar, el hecho de entrar en prisi\u00f3n incide negativamente sobre el grado de resoluci\u00f3n de las necesidades sociales, emocionales y sexuales. en segundo lugar, encontramos que, para la resoluci\u00f3n de las necesidades interpersonales, es especialmente importante (a) tener alg\u00fan amigo \u00edntimo dentro de la misma prisi\u00f3n, (b) presentar una buena satisfacci\u00f3n con la familia de origen anterior al primer ingreso en prisi\u00f3n, (c) mantener un contacto frecuente con los hijos, (d) tener pareja y (e) mantener de relaciones sexuales con cierta frecuencia. En \u00faltimo lugar y con respecto a la calidad de vida, observamos que as\u00ed como el grado de resoluci\u00f3n de las necesidades sociales es especialmente importante para la calidad de vida de internos e internas, las necesidades sexuales se muestran m\u00e1s relevantes en el caso de los varones y las necesidades emocionales-rom\u00e1nticas en el caso de las mujeres.<\/p>\n<p>&nbsp;<\/p>\n<h3>Datos acad\u00e9micos de la tesis doctoral \u00ab<strong>Necesidades sociales, emocionales, sexuales de los presos. estudio de un centro penitenciario<\/strong>\u00ab<\/h3>\n<ul>\n<li><strong>T\u00edtulo de la tesis:<\/strong>\u00a0 Necesidades sociales, emocionales, sexuales de los presos. estudio de un centro penitenciario <\/li>\n<li><strong>Autor:<\/strong>\u00a0 Rodrigo Jes\u00fas Carcedo Gonz\u00e1lez <\/li>\n<li><strong>Universidad:<\/strong>\u00a0 Salamanca<\/li>\n<li><strong>Fecha de lectura de la tesis:<\/strong>\u00a0 30\/06\/2005<\/li>\n<\/ul>\n<p>&nbsp;<\/p>\n<h3>Direcci\u00f3n y tribunal<\/h3>\n<ul>\n<li><strong>Director de la tesis<\/strong>\n<ul>\n<li>F\u00e9lix L\u00f3pez S\u00e1nchez<\/li>\n<\/ul>\n<\/li>\n<li><strong>Tribunal<\/strong>\n<ul>\n<li>Presidente del tribunal: amalio Blanco abarca <\/li>\n<li>silvia Ubillos landa (vocal)<\/li>\n<li>Jos\u00e9 Luis Gonzalez de castro (vocal)<\/li>\n<li> Rei vilar duarte gon\u00ed\u00a7alo (vocal)<\/li>\n<\/ul>\n<\/li>\n<\/ul>\n<p>&nbsp;<\/p>\n","protected":false},"excerpt":{"rendered":"<p>Tesis doctoral de Rodrigo Jes\u00fas Carcedo Gonz\u00e1lez Esta tesis doctoral pretende revisar y reelaborar el \u00abdiscurso\u00bb sobre las necesidades interpersonales [&hellip;]<\/p>\n","protected":false},"author":1,"featured_media":0,"comment_status":"open","ping_status":"open","sticky":false,"template":"","format":"standard","meta":{"site-sidebar-layout":"default","site-content-layout":"","ast-site-content-layout":"","site-content-style":"default","site-sidebar-style":"default","ast-global-header-display":"","ast-banner-title-visibility":"","ast-main-header-display":"","ast-hfb-above-header-display":"","ast-hfb-below-header-display":"","ast-hfb-mobile-header-display":"","site-post-title":"","ast-breadcrumbs-content":"","ast-featured-img":"","footer-sml-layout":"","theme-transparent-header-meta":"","adv-header-id-meta":"","stick-header-meta":"","header-above-stick-meta":"","header-main-stick-meta":"","header-below-stick-meta":"","astra-migrate-meta-layouts":"default","ast-page-background-enabled":"default","ast-page-background-meta":{"desktop":{"background-color":"var(--ast-global-color-4)","background-image":"","background-repeat":"repeat","background-position":"center center","background-size":"auto","background-attachment":"scroll","background-type":"","background-media":"","overlay-type":"","overlay-color":"","overlay-gradient":""},"tablet":{"background-color":"","background-image":"","background-repeat":"repeat","background-position":"center center","background-size":"auto","background-attachment":"scroll","background-type":"","background-media":"","overlay-type":"","overlay-color":"","overlay-gradient":""},"mobile":{"background-color":"","background-image":"","background-repeat":"repeat","background-position":"center center","background-size":"auto","background-attachment":"scroll","background-type":"","background-media":"","overlay-type":"","overlay-color":"","overlay-gradient":""}},"ast-content-background-meta":{"desktop":{"background-color":"var(--ast-global-color-5)","background-image":"","background-repeat":"repeat","background-position":"center center","background-size":"auto","background-attachment":"scroll","background-type":"","background-media":"","overlay-type":"","overlay-color":"","overlay-gradient":""},"tablet":{"background-color":"var(--ast-global-color-5)","background-image":"","background-repeat":"repeat","background-position":"center center","background-size":"auto","background-attachment":"scroll","background-type":"","background-media":"","overlay-type":"","overlay-color":"","overlay-gradient":""},"mobile":{"background-color":"var(--ast-global-color-5)","background-image":"","background-repeat":"repeat","background-position":"center center","background-size":"auto","background-attachment":"scroll","background-type":"","background-media":"","overlay-type":"","overlay-color":"","overlay-gradient":""}},"footnotes":""},"categories":[6025,6024,324,9386],"tags":[7128,40131,162703,162704,148074,60463],"class_list":["post-75219","post","type-post","status-publish","format-standard","hentry","category-estudio-psicologico-de-cuestiones-sociales","category-fenomenos-de-grupos-minoritarios","category-psicologia","category-salamanca","tag-amalio-blanco-abarca","tag-felix-lopez-sanchez","tag-jose-luis-gonzalez-de-castro","tag-rei-vilar-duarte-gonialo","tag-rodrigo-jesus-carcedo-gonzalez","tag-silvia-ubillos-landa"],"_links":{"self":[{"href":"https:\/\/www.deberes.net\/tesis\/wp-json\/wp\/v2\/posts\/75219","targetHints":{"allow":["GET"]}}],"collection":[{"href":"https:\/\/www.deberes.net\/tesis\/wp-json\/wp\/v2\/posts"}],"about":[{"href":"https:\/\/www.deberes.net\/tesis\/wp-json\/wp\/v2\/types\/post"}],"author":[{"embeddable":true,"href":"https:\/\/www.deberes.net\/tesis\/wp-json\/wp\/v2\/users\/1"}],"replies":[{"embeddable":true,"href":"https:\/\/www.deberes.net\/tesis\/wp-json\/wp\/v2\/comments?post=75219"}],"version-history":[{"count":0,"href":"https:\/\/www.deberes.net\/tesis\/wp-json\/wp\/v2\/posts\/75219\/revisions"}],"wp:attachment":[{"href":"https:\/\/www.deberes.net\/tesis\/wp-json\/wp\/v2\/media?parent=75219"}],"wp:term":[{"taxonomy":"category","embeddable":true,"href":"https:\/\/www.deberes.net\/tesis\/wp-json\/wp\/v2\/categories?post=75219"},{"taxonomy":"post_tag","embeddable":true,"href":"https:\/\/www.deberes.net\/tesis\/wp-json\/wp\/v2\/tags?post=75219"}],"curies":[{"name":"wp","href":"https:\/\/api.w.org\/{rel}","templated":true}]}}