{"id":75228,"date":"2018-03-09T23:20:23","date_gmt":"2018-03-09T23:20:23","guid":{"rendered":"https:\/\/www.deberes.net\/tesis\/sin-categoria\/el-sentido-de-la-vida-en-la-juventud\/"},"modified":"2018-03-09T23:20:23","modified_gmt":"2018-03-09T23:20:23","slug":"el-sentido-de-la-vida-en-la-juventud","status":"publish","type":"post","link":"https:\/\/www.deberes.net\/tesis\/psicologia\/el-sentido-de-la-vida-en-la-juventud\/","title":{"rendered":"El sentido de la vida en la juventud"},"content":{"rendered":"<h2>Tesis doctoral de <strong> Carmelo Ortigosa Garcia <\/strong><\/h2>\n<p>La tesis analiza los contenidos de sentido de la vida en los j\u00f3venes entre 16 y 21 a\u00f1os en la ciudad de pamplona y su entorno poblacional.  el trabajo consiste en un estudio correlacional de campo de car\u00e1cter experimental. este estudio se ha realizado mediante la aplicaci\u00f3n del logo-test adaptado , que intenta recoger y describir los valores b\u00e1sicos para el sentido de la vida de estos j\u00f3venes. El corpus te\u00f3rico se centra en la teor\u00eda del an\u00e1lisis existencial de v.E. Frankl.<\/p>\n<p>&nbsp;<\/p>\n<h3>Datos acad\u00e9micos de la tesis doctoral \u00ab<strong>El sentido de la vida en la juventud<\/strong>\u00ab<\/h3>\n<ul>\n<li><strong>T\u00edtulo de la tesis:<\/strong>\u00a0 El sentido de la vida en la juventud <\/li>\n<li><strong>Autor:<\/strong>\u00a0 Carmelo Ortigosa Garcia <\/li>\n<li><strong>Universidad:<\/strong>\u00a0 Pa\u00eds vasco\/euskal herriko unibertsitatea<\/li>\n<li><strong>Fecha de lectura de la tesis:<\/strong>\u00a0 30\/06\/2005<\/li>\n<\/ul>\n<p>&nbsp;<\/p>\n<h3>Direcci\u00f3n y tribunal<\/h3>\n<ul>\n<li><strong>Director de la tesis<\/strong>\n<ul>\n<li>Ignacio Albistur Unanue<\/li>\n<\/ul>\n<\/li>\n<li><strong>Tribunal<\/strong>\n<ul>\n<li>Presidente del tribunal: ramon Alzate saez de heredia <\/li>\n<li>salvador Urraca Martinez (vocal)<\/li>\n<li>Luis De nicolas Martinez (vocal)<\/li>\n<li>Ana Laucirica larrinaga (vocal)<\/li>\n<\/ul>\n<\/li>\n<\/ul>\n<p>&nbsp;<\/p>\n","protected":false},"excerpt":{"rendered":"<p>Tesis doctoral de Carmelo Ortigosa Garcia La tesis analiza los contenidos de sentido de la vida en los j\u00f3venes entre [&hellip;]<\/p>\n","protected":false},"author":1,"featured_media":0,"comment_status":"open","ping_status":"open","sticky":false,"template":"","format":"standard","meta":{"site-sidebar-layout":"default","site-content-layout":"","ast-site-content-layout":"","site-content-style":"default","site-sidebar-style":"default","ast-global-header-display":"","ast-banner-title-visibility":"","ast-main-header-display":"","ast-hfb-above-header-display":"","ast-hfb-below-header-display":"","ast-hfb-mobile-header-display":"","site-post-title":"","ast-breadcrumbs-content":"","ast-featured-img":"","footer-sml-layout":"","theme-transparent-header-meta":"","adv-header-id-meta":"","stick-header-meta":"","header-above-stick-meta":"","header-main-stick-meta":"","header-below-stick-meta":"","astra-migrate-meta-layouts":"default","ast-page-background-enabled":"default","ast-page-background-meta":{"desktop":{"background-color":"var(--ast-global-color-4)","background-image":"","background-repeat":"repeat","background-position":"center center","background-size":"auto","background-attachment":"scroll","background-type":"","background-media":"","overlay-type":"","overlay-color":"","overlay-gradient":""},"tablet":{"background-color":"","background-image":"","background-repeat":"repeat","background-position":"center center","background-size":"auto","background-attachment":"scroll","background-type":"","background-media":"","overlay-type":"","overlay-color":"","overlay-gradient":""},"mobile":{"background-color":"","background-image":"","background-repeat":"repeat","background-position":"center center","background-size":"auto","background-attachment":"scroll","background-type":"","background-media":"","overlay-type":"","overlay-color":"","overlay-gradient":""}},"ast-content-background-meta":{"desktop":{"background-color":"var(--ast-global-color-5)","background-image":"","background-repeat":"repeat","background-position":"center center","background-size":"auto","background-attachment":"scroll","background-type":"","background-media":"","overlay-type":"","overlay-color":"","overlay-gradient":""},"tablet":{"background-color":"var(--ast-global-color-5)","background-image":"","background-repeat":"repeat","background-position":"center center","background-size":"auto","background-attachment":"scroll","background-type":"","background-media":"","overlay-type":"","overlay-color":"","overlay-gradient":""},"mobile":{"background-color":"var(--ast-global-color-5)","background-image":"","background-repeat":"repeat","background-position":"center center","background-size":"auto","background-attachment":"scroll","background-type":"","background-media":"","overlay-type":"","overlay-color":"","overlay-gradient":""}},"footnotes":""},"categories":[9795,12909,6894,324],"tags":[47622,162719,28074,28091,13291,25165],"class_list":["post-75228","post","type-post","status-publish","format-standard","hentry","category-estructura-y-dinamica-de-la-personalidad","category-pais-vasco-euskal-herriko-unibertsitatea","category-personalidad","category-psicologia","tag-ana-laucirica-larrinaga","tag-carmelo-ortigosa-garcia","tag-ignacio-albistur-unanue","tag-luis-de-nicolas-Martinez","tag-ramon-alzate-saez-de-heredia","tag-salvador-urraca-Martinez"],"_links":{"self":[{"href":"https:\/\/www.deberes.net\/tesis\/wp-json\/wp\/v2\/posts\/75228","targetHints":{"allow":["GET"]}}],"collection":[{"href":"https:\/\/www.deberes.net\/tesis\/wp-json\/wp\/v2\/posts"}],"about":[{"href":"https:\/\/www.deberes.net\/tesis\/wp-json\/wp\/v2\/types\/post"}],"author":[{"embeddable":true,"href":"https:\/\/www.deberes.net\/tesis\/wp-json\/wp\/v2\/users\/1"}],"replies":[{"embeddable":true,"href":"https:\/\/www.deberes.net\/tesis\/wp-json\/wp\/v2\/comments?post=75228"}],"version-history":[{"count":0,"href":"https:\/\/www.deberes.net\/tesis\/wp-json\/wp\/v2\/posts\/75228\/revisions"}],"wp:attachment":[{"href":"https:\/\/www.deberes.net\/tesis\/wp-json\/wp\/v2\/media?parent=75228"}],"wp:term":[{"taxonomy":"category","embeddable":true,"href":"https:\/\/www.deberes.net\/tesis\/wp-json\/wp\/v2\/categories?post=75228"},{"taxonomy":"post_tag","embeddable":true,"href":"https:\/\/www.deberes.net\/tesis\/wp-json\/wp\/v2\/tags?post=75228"}],"curies":[{"name":"wp","href":"https:\/\/api.w.org\/{rel}","templated":true}]}}